{"id":78092,"date":"2025-02-25T13:30:34","date_gmt":"2025-02-25T12:30:34","guid":{"rendered":"https:\/\/infotorrent.es\/uncategorized\/torrent-se-suma-al-circuito-europeo-de-cine-con-la-proyeccion-de-animal-donde-los-torrentinos-podran-votar-al-final-de-la-proyeccion\/"},"modified":"2025-02-25T13:34:23","modified_gmt":"2025-02-25T12:34:23","slug":"torrent-se-suma-al-circuito-europeo-de-cine-con-la-proyeccion-de-animal-donde-los-torrentinos-podran-votar-al-final-de-la-proyeccion","status":"publish","type":"post","link":"https:\/\/infotorrent.es\/ca\/cultura-es-2\/torrent-se-suma-al-circuito-europeo-de-cine-con-la-proyeccion-de-animal-donde-los-torrentinos-podran-votar-al-final-de-la-proyeccion\/","title":{"rendered":"Torrent se suma al circuit europeu de cinema amb la projecci\u00f3 de &#8220;Animal&#8221;\u00a0on els torrentinos podran votar al final de la projecci\u00f3"},"content":{"rendered":"\n<p><strong>La primera de les projeccions ser\u00e0 este Divendres 28 de febrer a les 19 hores en la Sala d&#8217;actes de l&#8217;Ajuntament de Torrent<\/strong><\/p>\n\n\n\n<p>La ciutat de Torrent se suma a la promoci\u00f3 del cinema europeu a l&#8217;\u00e9sser una de les 17 ciutats espanyoles seleccionades per a acollir les projeccions dels llargmetratges finalistes dels Premis LUX 2025, atorgats pel Parlament Europeu. Com a part d&#8217;esta iniciativa, divendres que ve 28 de febrer, a les 19.00 hores, es projectar\u00e0 la pel\u00b7l\u00edcula &#8220;Animal&#8221;, de la directora grega Sofia Exarchou, en versi\u00f3 original subtitulada, en la Sala d&#8217;actes de l&#8217;Ajuntament de Torrent.<\/p>\n\n\n\n<p>Els ve\u00efns de Torrent tindran l&#8217;oportunitat de disfrutar d&#8217;esta obra cinematogr\u00e0fica i, al mateix temps, participar en la votaci\u00f3 que contribuir\u00e0 a l&#8217;elecci\u00f3 del Premi del P\u00fablic LUX 2025. Este reconeixement busca fomentar l&#8217;inter\u00e9s pel cinema europeu i enfortir els lla\u00e7os entre la ind\u00fastria audiovisual i la ciutadania. Per a aix\u00f2, els assistents podran qualificar la pel\u00b7l\u00edcula en la web oficial del premi:\u00a0<a href=\"https:\/\/luxaward-rating.europarl.europa.eu\/es\/\" target=\"_blank\" rel=\"noopener\">https:\/\/luxaward-rating.europarl.europa.eu\/es\/<\/a>, hi haur\u00e0 codis QR per a poder accedir m\u00e9s f\u00e0cilment en l&#8217;entrada de l&#8217;Ajuntament. Entre els votants se sortejaran premis especials, incloent-hi un viatge a la cerim\u00f2nia de lliurament dels guardons a Brussel\u00b7les.<\/p>\n\n\n\n<p><strong>Un esdeveniment que posiciona a Torrent en el circuit del cinema europeu<\/strong><\/p>\n\n\n\n<p>El regidor de Cultura, Aitor S\u00e1nchez, ha subratllat la import\u00e0ncia del cinema com a ferramenta de reflexi\u00f3 i canvi social: &#8220;Les pel\u00b7l\u00edcules seleccionades per als Premis LUX ens conviden a q\u00fcestionar la nostra realitat i a con\u00e9ixer diferents perspectives sobre temes crucials. Estem compromesos a continuar acostant propostes culturals de qualitat a la ciutadania&#8221;. A m\u00e9s, ha destacat que esta projecci\u00f3 suposa una oportunitat \u00fanica perqu\u00e8 els torrentinos participen en un esdeveniment de gran rellev\u00e0ncia en l&#8217;\u00e0mbit cinematogr\u00e0fic europeu.<\/p>\n\n\n\n<p><strong>&#8220;Animal&#8221;: una mirada cr\u00edtica al turisme massiu i les condicions laborals<\/strong><\/p>\n\n\n\n<p>&#8220;Animal&#8221; \u00e9s un drama que posa el focus en la ind\u00fastria tur\u00edstica i els seus efectes en els treballadors que la sostenen. La hist\u00f2ria seguix a un grup d&#8217;animadors d&#8217;un resort a Gr\u00e8cia, on les pressions laborals i l&#8217;alienaci\u00f3 s&#8217;entrellacen amb la necessitat de mantindre l&#8217;espectacle en peus. La directora Sof\u00eda Exarchou explora amb gran sensibilitat les condicions laborals prec\u00e0ries i la deshumanitzaci\u00f3 que pot generar el sistema capitalista en la busca incessant d&#8217;entreteniment i rendibilitat.<\/p>\n\n\n\n<p>Sofia Exarchou \u00e9s una cineasta grega reconeguda per la seua capacitat per a plasmar hist\u00f2ries humanes amb una mirada realista i socialment compromesa. Amb &#8220;Animal&#8221;, ha aconseguit una impactant reflexi\u00f3 sobre l&#8217;explotaci\u00f3 laboral en la ind\u00fastria del turisme, abordant la lluita per la dignitat en un entorn on l&#8217;espectacle mai ha de detindre&#8217;s.<\/p>\n\n\n\n<p>La pel\u00b7l\u00edcula ha sigut nominada en els Premis LUX 2025 al costat d&#8217;altres produccions europees que aborden tem\u00e0tiques d&#8217;actualitat com la desinformaci\u00f3, la identitat cultural i l&#8217;impacte ambiental.<\/p>\n\n\n\n<p><strong>Una cita imprescindible per als amants del cinema<\/strong><\/p>\n\n\n\n<p>Amb esta projecci\u00f3, Torrent es consolida com un referent cultural a la Comunitat Valenciana i refor\u00e7a el seu comprom\u00eds amb la difusi\u00f3 del cinema independent i de qualitat. A m\u00e9s de la sessi\u00f3 del 28 de febrer, la ciutat acollir\u00e0 una segona projecci\u00f3 el 28 de mar\u00e7, permetent a m\u00e9s espectadors gaudir d&#8217;esta experi\u00e8ncia cinematogr\u00e0fica.<\/p>\n\n\n\n<p>Els interessats a assistir a la projecci\u00f3 de &#8220;Animal&#8221; poden acudir directament a la Sala d&#8217;actes de l&#8217;Ajuntament de Torrent, ja que l&#8217;entrada \u00e9s lliure fins a completar aforament. Es recomana arribar amb antelaci\u00f3 per a garantir un seient en esta sessi\u00f3 especial de cinema europeu.<\/p>\n\n\n\n<p>Per a m\u00e9s informaci\u00f3 sobre les projeccions i el Premi LUX, es pot consultar el lloc web d&#8217;Europe Direct Comunitat Valenciana o la p\u00e0gina oficial del Parlament Europeu.<\/p>\n\n\n\n<p>Amb esta iniciativa, Torrent reafirma la seua aposta per la cultura i el cinema, promovent el di\u00e0leg i la participaci\u00f3 ciutadana a trav\u00e9s de l&#8217;art audiovisual.<\/p>\n\n\n\n<figure class=\"wp-block-image size-large\"><img fetchpriority=\"high\" decoding=\"async\" width=\"1024\" height=\"1024\" src=\"https:\/\/infotorrent.es\/wp-content\/uploads\/2025\/02\/Poster_ANIMAL-1024x1024.jpg\" alt=\"\" class=\"wp-image-78088\" srcset=\"https:\/\/infotorrent.es\/wp-content\/uploads\/2025\/02\/Poster_ANIMAL-1024x1024.jpg 1024w, https:\/\/infotorrent.es\/wp-content\/uploads\/2025\/02\/Poster_ANIMAL-300x300.jpg 300w, https:\/\/infotorrent.es\/wp-content\/uploads\/2025\/02\/Poster_ANIMAL-150x150.jpg 150w, https:\/\/infotorrent.es\/wp-content\/uploads\/2025\/02\/Poster_ANIMAL-768x768.jpg 768w, https:\/\/infotorrent.es\/wp-content\/uploads\/2025\/02\/Poster_ANIMAL-1536x1536.jpg 1536w, https:\/\/infotorrent.es\/wp-content\/uploads\/2025\/02\/Poster_ANIMAL-2048x2048.jpg 2048w, https:\/\/infotorrent.es\/wp-content\/uploads\/2025\/02\/Poster_ANIMAL-700x700.jpg 700w\" sizes=\"(max-width: 1024px) 100vw, 1024px\" \/><\/figure>\n","protected":false},"excerpt":{"rendered":"<p>La primera de les projeccions ser\u00e0 este Divendres 28 de febrer a les 19 hores en la Sala d&#8217;actes de l&#8217;Ajuntament de Torrent La ciutat de Torrent se suma a la promoci\u00f3 del cinema europeu a l&#8217;\u00e9sser una de les 17 ciutats espanyoles seleccionades per a acollir les projeccions dels llargmetratges finalistes dels Premis LUX [&hellip;]<\/p>\n","protected":false},"author":15,"featured_media":78096,"comment_status":"open","ping_status":"open","sticky":false,"template":"","format":"standard","meta":{"_acf_changed":false,"footnotes":""},"categories":[126,1190],"tags":[],"class_list":["post-78092","post","type-post","status-publish","format-standard","has-post-thumbnail","hentry","category-cultura-es-2","category-ayuntamiento-de-torrent-ca"],"acf":[],"_links":{"self":[{"href":"https:\/\/infotorrent.es\/ca\/wp-json\/wp\/v2\/posts\/78092","targetHints":{"allow":["GET"]}}],"collection":[{"href":"https:\/\/infotorrent.es\/ca\/wp-json\/wp\/v2\/posts"}],"about":[{"href":"https:\/\/infotorrent.es\/ca\/wp-json\/wp\/v2\/types\/post"}],"author":[{"embeddable":true,"href":"https:\/\/infotorrent.es\/ca\/wp-json\/wp\/v2\/users\/15"}],"replies":[{"embeddable":true,"href":"https:\/\/infotorrent.es\/ca\/wp-json\/wp\/v2\/comments?post=78092"}],"version-history":[{"count":1,"href":"https:\/\/infotorrent.es\/ca\/wp-json\/wp\/v2\/posts\/78092\/revisions"}],"predecessor-version":[{"id":78095,"href":"https:\/\/infotorrent.es\/ca\/wp-json\/wp\/v2\/posts\/78092\/revisions\/78095"}],"wp:featuredmedia":[{"embeddable":true,"href":"https:\/\/infotorrent.es\/ca\/wp-json\/wp\/v2\/media\/78096"}],"wp:attachment":[{"href":"https:\/\/infotorrent.es\/ca\/wp-json\/wp\/v2\/media?parent=78092"}],"wp:term":[{"taxonomy":"category","embeddable":true,"href":"https:\/\/infotorrent.es\/ca\/wp-json\/wp\/v2\/categories?post=78092"},{"taxonomy":"post_tag","embeddable":true,"href":"https:\/\/infotorrent.es\/ca\/wp-json\/wp\/v2\/tags?post=78092"}],"curies":[{"name":"wp","href":"https:\/\/api.w.org\/{rel}","templated":true}]}}