{"id":77956,"date":"2025-02-24T07:52:02","date_gmt":"2025-02-24T06:52:02","guid":{"rendered":"https:\/\/infotorrent.es\/?p=77956"},"modified":"2025-02-24T07:53:05","modified_gmt":"2025-02-24T06:53:05","slug":"torrent-comenca-el-compte-arrere-per-a-la-ii-edicio-de-larribada-del-foc-2025","status":"publish","type":"post","link":"https:\/\/infotorrent.es\/ca\/fallas-ca\/torrent-comenca-el-compte-arrere-per-a-la-ii-edicio-de-larribada-del-foc-2025\/","title":{"rendered":"Torrent comen\u00e7a el compte arrere per a la II edici\u00f3 de l\u2019Arribada del Foc 2025"},"content":{"rendered":"\n<p><strong>El cel <em>torrentino s&#8217;il\u00b7luminar\u00e0 amb \u2018<\/em>Renaixement d\u2019un Poble\u2019, un espectacle pirot\u00e8cnic sense precedents<\/strong><\/p>\n\n\n\n<p><strong>La ciutat viur\u00e0 el pr\u00f2xim 28 de febrer una exhibici\u00f3 de llum, color i so, un muntatge exclusiu dissenyat per Jos\u00e9 Vte. Caballer de pirot\u00e8cnia Germans Caballer<\/strong><\/p>\n\n\n\n<p>La ciutat de Torrent es troba en ple compte arrere per a donar inici a les seues tradicionals festes falleres amb un dels esdeveniments pirot\u00e8cnics m\u00e9s esperats de l&#8217;any, la segona edici\u00f3 de l\u2019Arribada del Foc. Este esdeveniment, que marcar\u00e0 el comen\u00e7ament de les Falles 2025, tindr\u00e0 lloc divendres que ve 28 de febrer en l&#8217;emblem\u00e0tica Pla\u00e7a de la Va unir Musical a les 23.59 hores. En esta edici\u00f3, l&#8217;espectacle pirot\u00e8cnic ser\u00e0 \u00fanic i innovador, una aposta de l&#8217;Ajuntament de Torrent i la Junta Local Fallera per a diferenciar-se i oferir un espectacle de gran impacte visual i emocional.<\/p>\n\n\n\n<p><strong>\u2018Renaixement d\u2019un Poble\u2019, un espectacle digital exclusiu per a Torrent<\/strong><\/p>\n\n\n\n<p>Sota el nom \u2018Renaixement d\u2019un Poble\u2019, l&#8217;espectacle ha sigut dissenyat exclusivament pel prestigi\u00f3s pirot\u00e8cnic Jos\u00e9 Vte. Caballer de la Pirot\u00e8cnia Germans Caballer i ser\u00e0 completament digital com \u00e9s habitual en la reconeguda firma, amb un sistema de tret d&#8217;\u00faltima generaci\u00f3 via radie. Esta obra pirot\u00e8cnica no sols busca sorprendre amb el seu disseny, sin\u00f3 tamb\u00e9 retre homenatge a totes les poblacions de Val\u00e8ncia afectades per la Dana del passat mes d&#8217;octubre, incloent en la seua composici\u00f3 moments especials i emotius, on predominaran els colors de la Senyera.<\/p>\n\n\n\n<p>El muntatge comptar\u00e0 amb 10 punts de foc distribu\u00efts estrat\u00e8gicament en el per\u00edmetre de la zona de tret, permetent una experi\u00e8ncia envolupant per a tots els assistents. Al llarg de 12 minuts, els espectadors podran gaudir d&#8217;un total de m\u00e9s de 1.400 ordes de tret i 36 conjunts pirot\u00e8cnics distints, amb m\u00e9s de 200 quilos de massa reglament\u00e0ria.<\/p>\n\n\n\n<p>Un espectacle diferent i \u00fanic de principi a fi, que suposar\u00e0 una experi\u00e8ncia immersiva per al p\u00fablic assistent, on es podr\u00e0 sentir i gaudir d&#8217;una \u00e0mplia varietat d&#8217;artificis i col\u00b7leccions de gran qualitat que es podran apreciar en diferents altures en els quals predomina el color i el tro, tots ells exclusivament fabricats, en les pr\u00f2pies instal\u00b7lacions de l&#8217;empresa, per a este dia tan assenyalat per a Torrent.<\/p>\n\n\n\n<p>Una altra de les difer\u00e8ncies a assenyalar tamb\u00e9 ser\u00e0 el final, que ser\u00e0 molt contundent i marcat en diverses fases del mateix amb una gran espectacularitat mai vista anteriorment, que il\u00b7luminaran el cel de Torrent, oferint una experi\u00e8ncia visual i sonora que quedar\u00e0 gravada en la mem\u00f2ria de tots els assistents.<\/p>\n\n\n\n<p><strong>Torrent arranca el seu calendari faller amb un esdeveniment hist\u00f2ric<\/strong><\/p>\n\n\n\n<p>Des de l&#8217;Ajuntament de Torrent, la Junta Local Fallera i Pirot\u00e8cnia Germans Caballer, es fa una crida a tota la ciutadania, ve\u00efns i visitants de la prov\u00edncia de Val\u00e8ncia a presenciar este esdeveniment \u00fanic. Este 28 de febrer, la ciutat de Torrent brillar\u00e0 amb llum pr\u00f2pia, demostrant que la innovaci\u00f3, la tradici\u00f3 i l&#8217;emoci\u00f3 poden unir-se en una celebraci\u00f3 inoblidable.<\/p>\n\n\n\n<p>Despr\u00e9s de la m\u00e0gica nit de l\u2019Arribada del Foc, la ciutat continuar\u00e0 amb la seua programaci\u00f3 fallera amb actes emblem\u00e0tics com la Cavalcada del Ninot del dia 1, la Gala Liter\u00e0ria el dia 2, i el 7 de mar\u00e7 la masclet\u00e0 en homenatge a la Dona, entre altres activitats del calendari faller, de les quals s&#8217;anir\u00e0 informant amb antelaci\u00f3.<\/p>\n\n\n\n<figure class=\"wp-block-image size-large\"><img fetchpriority=\"high\" decoding=\"async\" width=\"1024\" height=\"682\" src=\"https:\/\/infotorrent.es\/wp-content\/uploads\/2025\/02\/1-36-1024x682.jpg\" alt=\"\" class=\"wp-image-77957\" srcset=\"https:\/\/infotorrent.es\/wp-content\/uploads\/2025\/02\/1-36-1024x682.jpg 1024w, https:\/\/infotorrent.es\/wp-content\/uploads\/2025\/02\/1-36-300x200.jpg 300w, https:\/\/infotorrent.es\/wp-content\/uploads\/2025\/02\/1-36-768x512.jpg 768w, https:\/\/infotorrent.es\/wp-content\/uploads\/2025\/02\/1-36-1536x1023.jpg 1536w, https:\/\/infotorrent.es\/wp-content\/uploads\/2025\/02\/1-36.jpg 1600w\" sizes=\"(max-width: 1024px) 100vw, 1024px\" \/><\/figure>\n\n\n\n<figure class=\"wp-block-image size-large\"><img decoding=\"async\" width=\"1024\" height=\"682\" src=\"https:\/\/infotorrent.es\/wp-content\/uploads\/2025\/02\/2-31-1024x682.jpg\" alt=\"\" class=\"wp-image-77960\" srcset=\"https:\/\/infotorrent.es\/wp-content\/uploads\/2025\/02\/2-31-1024x682.jpg 1024w, https:\/\/infotorrent.es\/wp-content\/uploads\/2025\/02\/2-31-300x200.jpg 300w, https:\/\/infotorrent.es\/wp-content\/uploads\/2025\/02\/2-31-768x512.jpg 768w, https:\/\/infotorrent.es\/wp-content\/uploads\/2025\/02\/2-31-1536x1023.jpg 1536w, https:\/\/infotorrent.es\/wp-content\/uploads\/2025\/02\/2-31.jpg 1600w\" sizes=\"(max-width: 1024px) 100vw, 1024px\" \/><\/figure>\n\n\n\n<figure class=\"wp-block-image size-large\"><img decoding=\"async\" width=\"676\" height=\"1024\" src=\"https:\/\/infotorrent.es\/wp-content\/uploads\/2025\/02\/3-24-676x1024.jpg\" alt=\"\" class=\"wp-image-77962\" srcset=\"https:\/\/infotorrent.es\/wp-content\/uploads\/2025\/02\/3-24-676x1024.jpg 676w, https:\/\/infotorrent.es\/wp-content\/uploads\/2025\/02\/3-24-198x300.jpg 198w, https:\/\/infotorrent.es\/wp-content\/uploads\/2025\/02\/3-24-768x1164.jpg 768w, https:\/\/infotorrent.es\/wp-content\/uploads\/2025\/02\/3-24-1014x1536.jpg 1014w, https:\/\/infotorrent.es\/wp-content\/uploads\/2025\/02\/3-24.jpg 1056w\" sizes=\"(max-width: 676px) 100vw, 676px\" \/><\/figure>\n","protected":false},"excerpt":{"rendered":"<p>El cel torrentino s&#8217;il\u00b7luminar\u00e0 amb \u2018Renaixement d\u2019un Poble\u2019, un espectacle pirot\u00e8cnic sense precedents La ciutat viur\u00e0 el pr\u00f2xim 28 de febrer una exhibici\u00f3 de llum, color i so, un muntatge exclusiu dissenyat per Jos\u00e9 Vte. Caballer de pirot\u00e8cnia Germans Caballer La ciutat de Torrent es troba en ple compte arrere per a donar inici a [&hellip;]<\/p>\n","protected":false},"author":20,"featured_media":77959,"comment_status":"open","ping_status":"open","sticky":false,"template":"","format":"standard","meta":{"_acf_changed":false,"footnotes":""},"categories":[1171,1132,143],"tags":[],"class_list":["post-77956","post","type-post","status-publish","format-standard","has-post-thumbnail","hentry","category-fallas-ca","category-cultura-ca","category-fiestas-y-tradiciones"],"acf":[],"_links":{"self":[{"href":"https:\/\/infotorrent.es\/ca\/wp-json\/wp\/v2\/posts\/77956","targetHints":{"allow":["GET"]}}],"collection":[{"href":"https:\/\/infotorrent.es\/ca\/wp-json\/wp\/v2\/posts"}],"about":[{"href":"https:\/\/infotorrent.es\/ca\/wp-json\/wp\/v2\/types\/post"}],"author":[{"embeddable":true,"href":"https:\/\/infotorrent.es\/ca\/wp-json\/wp\/v2\/users\/20"}],"replies":[{"embeddable":true,"href":"https:\/\/infotorrent.es\/ca\/wp-json\/wp\/v2\/comments?post=77956"}],"version-history":[{"count":1,"href":"https:\/\/infotorrent.es\/ca\/wp-json\/wp\/v2\/posts\/77956\/revisions"}],"predecessor-version":[{"id":77964,"href":"https:\/\/infotorrent.es\/ca\/wp-json\/wp\/v2\/posts\/77956\/revisions\/77964"}],"wp:featuredmedia":[{"embeddable":true,"href":"https:\/\/infotorrent.es\/ca\/wp-json\/wp\/v2\/media\/77959"}],"wp:attachment":[{"href":"https:\/\/infotorrent.es\/ca\/wp-json\/wp\/v2\/media?parent=77956"}],"wp:term":[{"taxonomy":"category","embeddable":true,"href":"https:\/\/infotorrent.es\/ca\/wp-json\/wp\/v2\/categories?post=77956"},{"taxonomy":"post_tag","embeddable":true,"href":"https:\/\/infotorrent.es\/ca\/wp-json\/wp\/v2\/tags?post=77956"}],"curies":[{"name":"wp","href":"https:\/\/api.w.org\/{rel}","templated":true}]}}