{"id":77839,"date":"2025-02-20T10:05:00","date_gmt":"2025-02-20T09:05:00","guid":{"rendered":"https:\/\/infotorrent.es\/?p=77839"},"modified":"2025-02-21T20:09:56","modified_gmt":"2025-02-21T19:09:56","slug":"torrent-dona-el-tret-deixida-a-les-falles-2025-amb-una-crida-espectacular","status":"publish","type":"post","link":"https:\/\/infotorrent.es\/ca\/fallas-ca\/torrent-dona-el-tret-deixida-a-les-falles-2025-amb-una-crida-espectacular\/","title":{"rendered":"Torrent dona el tret d&#8217;eixida a les Falles 2025 amb una Crida espectacular"},"content":{"rendered":"\n<p><strong>Les Falleres Majors de Torrent de 2025, Alicia Moreno i Ana Barber\u00e1, seran les protagonistes d&#8217;un esdeveniment carregat de reconeixement, agra\u00efment, emoci\u00f3 i tradici\u00f3<\/strong><\/p>\n\n\n\n<p><strong>La Crida tindr\u00e0 lloc a les 20.00 hores als peus de l&#8217;emblem\u00e0tica Torre i comptar\u00e0 amb un espectacle audiovisual que combina efectes visuals i pirot\u00e8cnics<\/strong><\/p>\n\n\n\n<p>La ciutat de Torrent es troba en ple compte arrere per a donar la benvinguda a una de les festivitats m\u00e9s esperades i emblem\u00e0tiques de Torrent, les Falles de 2025. Com \u00e9s tradici\u00f3, el tret d&#8217;eixida el marcar\u00e0 la *Crida, un acte popular i vibrant que congregar\u00e0 a m\u00e9s de 5.000 fallers i falleres en un ambient de goig i emoci\u00f3.<\/p>\n\n\n\n<p>Este esdeveniment, que tindr\u00e0 lloc dissabte que ve 22 de febrer a les 20.00 hores en la *Pla\u00e7a *Major, estar\u00e0 protagonitzat les Falleres Majors de Torrent 2025, Alicia Moreno i Ana Barber\u00e1, els qui des dels peus de la ic\u00f2nica Torre convidaran a fallers, ve\u00efns i visitants a gaudir i compartir les festes *josefinas. En un gest simb\u00f2lic i tradicional d&#8217;inici de les celebracions, l&#8217;alcaldessa de Torrent, Amparo Folgado, far\u00e0 lliurament de les claus de la ciutat a les m\u00e0ximes representants de la festa.<\/p>\n\n\n\n<p><strong>Una jornada festiva repleta de tradici\u00f3 i germanor<\/strong><\/p>\n\n\n\n<p>El programa d&#8217;activitats per al del 22 de febrer, no sols inclou la Crida, sin\u00f3 que des de ben d&#8217;hora, comen\u00e7a amb una s\u00e8rie d&#8217;actes que ompliran els carrers de Torrent de p\u00f3lvora, m\u00fasica i tradici\u00f3. A les 08.00 hores, les 28 comissions falleres de la ciutat es donaran cita en la macrodespert\u00e0, un recorregut matinal dividit en dos rutes que partiran des de la pla\u00e7a Bisbe Benlloch i l&#8217;avinguda Genaro Palau fins a confluir en la Pla\u00e7a Va unir Musical. Este fragor\u00f3s despertar, replet de petards i alegria, servir\u00e0 com a anunci de l&#8217;inici de la jornada festiva.<\/p>\n\n\n\n<p>Despr\u00e9s d&#8217;este primer acte, els fallers i falleres es reuniran per a gaudir d&#8217;una xocolat\u00e0, un moment de conviv\u00e8ncia i germanor que permetr\u00e0 recuperar forces per a la intensa jornada festiva que recentment comen\u00e7a.<\/p>\n\n\n\n<p><strong>Reconeixement, agra\u00efment i tradici\u00f3 s&#8217;unixen en un espectacle audiovisual inoblidable<\/strong><\/p>\n\n\n\n<p>El moment culminant del dia arribar\u00e0, despr\u00e9s de les paraules de l&#8217;alcaldessa, amb el discurs de les Falleres Majors de Torrent de 2025, els qui des de la Torre realitzaran la seua esperada proclama al m\u00f3n faller. Per\u00f2 la Crida 2025 no ser\u00e0 nom\u00e9s un acte protocol\u00b7lari, sin\u00f3 que estar\u00e0 acompanyada per un espectacle audiovisual emotiu que combina elements de videomapping i efectes pirot\u00e8cnics, convertint-lo en un esdeveniment \u00fanic i inoblidable, dirigit a tots els casals i fallers, agraint-los la seua solidaritat i col\u00b7laboraci\u00f3 als afectats per la Dana, com sempre ha respost el col\u00b7lectiu faller en situacions d&#8217;ajuda.<\/p>\n\n\n\n<p>Un dels grans eixos d&#8217;esta Crida ser\u00e0 el cartell de les Falles de Torrent 2025, obra del reconegut il\u00b7lustrador i dissenyador valenci\u00e0 Ram\u00f3n Pla. La imatge, que ser\u00e0 projectada en gran format sobre la Torre mitjan\u00e7ant videomapping, ret homenatge a un dels s\u00edmbols m\u00e9s representatius de la festa, \u2018El Granerer\u2019. Este personatge ic\u00f2nic, que forma part de l&#8217;imaginari torrentino, \u00e9s l&#8217;emblema de l&#8217;esperit faller, ef\u00edmer i etern alhora. Amb un disseny modern que conjuga hist\u00f2ria, tradici\u00f3 i art, el cartell d&#8217;enguany convida als assistents a mirar al passat amb orgull i al futur amb il\u00b7lusi\u00f3.<\/p>\n\n\n\n<p><strong>Un tancament vibrant amb un espectacle pirot\u00e8cnic de primer nivell<\/strong><\/p>\n\n\n\n<p>La p\u00f3lvora no podia faltar en esta important cita fallera. Per a tancar amb brillantor la jornada, l&#8217;empresa pirot\u00e8cnica Sanmart\u00edn\/Caballer Fireworks Star oferir\u00e0 un espectacle de focs artificials que omplir\u00e0 el cel de Torrent de llum i color, marcant aix\u00ed l&#8217;inici oficial de les Falles 2025.<\/p>\n\n\n\n<p>A m\u00e9s, conscients de la import\u00e0ncia de la difusi\u00f3 de la cultura i la tradici\u00f3 fallera, l&#8217;esdeveniment ser\u00e0 transm\u00e9s en streaming a trav\u00e9s de plataformes digitals i en TDT, permetent que totes les llars de la prov\u00edncia de Val\u00e8ncia puguen seguir el minut a minut d&#8217;este acte tan especial.<\/p>\n\n\n\n<p>As\u00edmismo, eixa nit la fa\u00e7ana de l&#8217;ajuntament s&#8217;il\u00b7luminar\u00e0 amb els colors de la Senyera. Amb esta Crida espectacular, Torrent reafirma el seu comprom\u00eds amb la preservaci\u00f3 i evoluci\u00f3 de les seues tradicions, consolidant-se com un referent a la Comarca de l&#8217;Horta Sud i enfortint la seua identitat cultural com a poble faller.<\/p>\n\n\n\n<figure class=\"wp-block-image size-large\"><img fetchpriority=\"high\" decoding=\"async\" width=\"1024\" height=\"682\" src=\"https:\/\/infotorrent.es\/wp-content\/uploads\/2025\/02\/1-27-1024x682.jpg\" alt=\"\" class=\"wp-image-77840\" srcset=\"https:\/\/infotorrent.es\/wp-content\/uploads\/2025\/02\/1-27-1024x682.jpg 1024w, https:\/\/infotorrent.es\/wp-content\/uploads\/2025\/02\/1-27-300x200.jpg 300w, https:\/\/infotorrent.es\/wp-content\/uploads\/2025\/02\/1-27-768x512.jpg 768w, https:\/\/infotorrent.es\/wp-content\/uploads\/2025\/02\/1-27-1536x1023.jpg 1536w, https:\/\/infotorrent.es\/wp-content\/uploads\/2025\/02\/1-27.jpg 1600w\" sizes=\"(max-width: 1024px) 100vw, 1024px\" \/><\/figure>\n","protected":false},"excerpt":{"rendered":"<p>Les Falleres Majors de Torrent de 2025, Alicia Moreno i Ana Barber\u00e1, seran les protagonistes d&#8217;un esdeveniment carregat de reconeixement, agra\u00efment, emoci\u00f3 i tradici\u00f3 La Crida tindr\u00e0 lloc a les 20.00 hores als peus de l&#8217;emblem\u00e0tica Torre i comptar\u00e0 amb un espectacle audiovisual que combina efectes visuals i pirot\u00e8cnics La ciutat de Torrent es troba [&hellip;]<\/p>\n","protected":false},"author":20,"featured_media":77842,"comment_status":"open","ping_status":"open","sticky":false,"template":"","format":"standard","meta":{"_acf_changed":false,"footnotes":""},"categories":[1171],"tags":[],"class_list":["post-77839","post","type-post","status-publish","format-standard","has-post-thumbnail","hentry","category-fallas-ca"],"acf":[],"_links":{"self":[{"href":"https:\/\/infotorrent.es\/ca\/wp-json\/wp\/v2\/posts\/77839","targetHints":{"allow":["GET"]}}],"collection":[{"href":"https:\/\/infotorrent.es\/ca\/wp-json\/wp\/v2\/posts"}],"about":[{"href":"https:\/\/infotorrent.es\/ca\/wp-json\/wp\/v2\/types\/post"}],"author":[{"embeddable":true,"href":"https:\/\/infotorrent.es\/ca\/wp-json\/wp\/v2\/users\/20"}],"replies":[{"embeddable":true,"href":"https:\/\/infotorrent.es\/ca\/wp-json\/wp\/v2\/comments?post=77839"}],"version-history":[{"count":1,"href":"https:\/\/infotorrent.es\/ca\/wp-json\/wp\/v2\/posts\/77839\/revisions"}],"predecessor-version":[{"id":77843,"href":"https:\/\/infotorrent.es\/ca\/wp-json\/wp\/v2\/posts\/77839\/revisions\/77843"}],"wp:featuredmedia":[{"embeddable":true,"href":"https:\/\/infotorrent.es\/ca\/wp-json\/wp\/v2\/media\/77842"}],"wp:attachment":[{"href":"https:\/\/infotorrent.es\/ca\/wp-json\/wp\/v2\/media?parent=77839"}],"wp:term":[{"taxonomy":"category","embeddable":true,"href":"https:\/\/infotorrent.es\/ca\/wp-json\/wp\/v2\/categories?post=77839"},{"taxonomy":"post_tag","embeddable":true,"href":"https:\/\/infotorrent.es\/ca\/wp-json\/wp\/v2\/tags?post=77839"}],"curies":[{"name":"wp","href":"https:\/\/api.w.org\/{rel}","templated":true}]}}