{"id":77827,"date":"2025-02-15T12:05:00","date_gmt":"2025-02-15T11:05:00","guid":{"rendered":"https:\/\/infotorrent.es\/?p=77827"},"modified":"2025-02-21T19:59:23","modified_gmt":"2025-02-21T18:59:23","slug":"torrent-es-prepara-per-a-donar-la-benvinguda-a-les-falles-amb-la-crida","status":"publish","type":"post","link":"https:\/\/infotorrent.es\/ca\/fallas-ca\/torrent-es-prepara-per-a-donar-la-benvinguda-a-les-falles-amb-la-crida\/","title":{"rendered":"Torrent es prepara per a donar la benvinguda a les falles amb la Crida"},"content":{"rendered":"\n<p><strong>Les Falleres Majors de Torrent 2025, Alicia Moreno i Ana Barber\u00e1, seran les encarregades de donar el tret d&#8217;eixida a les festes josefinas.<\/strong><\/p>\n\n\n\n<p><strong>La Crida tindr\u00e0 lloc a les 20.00 hores als peus de la Torre i comptar\u00e0 amb un espectacle audiovisual innovador que combina efectes visuals i pirot\u00e8cnics<\/strong><\/p>\n\n\n\n<p>Dissabte que ve, 22 de febrer, la ciutat de Torrent dona el tret d&#8217;eixida a les Falles 2025 amb la tradicional *Crida. Un acte en el qual les Falleres Majors, Alicia Moreno i Ana Barber\u00e1, donaran la benvinguda a les festes als peus de la Torre i davant l&#8217;atenta mirada de m\u00e9s de 5.000 fallers i falleres.<\/p>\n\n\n\n<p>Un esdeveniment que podr\u00e0 seguir-se en streaming a trav\u00e9s de les plataformes digitals i en TDT, per a comptar el minut a minut de tot el que succe\u00efsca i que arribe a totes les llars de la Prov\u00edncia de Val\u00e8ncia. L&#8217;acte donar\u00e0 principi a les 20 hores en la Pla\u00e7a Major, no obstant aix\u00f2, no ser\u00e0 la primera celebraci\u00f3 del dia entorn de les falles, ja que a les 8 del mat\u00ed tindr\u00e0 lloc la *macrodespert\u00e0, on participaran les 28 comissions falleres de la ciutat. Fallers i falleres de la ciutat despertaran Torrent per a anunciar l&#8217;inici de les festes declarades d&#8217;Inter\u00e9s Tur\u00edstic Auton\u00f2mic des de 2015. Al llarg de dos recorreguts que partiran des de la pla\u00e7a Bisbe Benlloch i l&#8217;avinguda *Genaro Palau fins a finalitzar els dos en la pla\u00e7a Va unir Musical. Posteriorment i com a marca la tradici\u00f3, tindr\u00e0 lloc una xocolat\u00e0.<\/p>\n\n\n\n<p>El moment m\u00e9s esperat del dia ser\u00e0 quan les m\u00e0ximes representants de la festa pronuncien el seu discurs, convidant a fallers i visitants de tots els municipis ve\u00efns i visitants a participar de la festa, que pret\u00e9n convertir-se en un referent a la Comarca de l&#8217;Horta Sud. L&#8217;alcaldessa de la ciutat Amparo Folgado ser\u00e0 l&#8217;encarregada d&#8217;entregar les claus de la ciutat a les Falleres Majors de Torrent de 2025, Alicia Moreno i Ana Barber\u00e1. Previ a aix\u00f2 i per a amenitzar l&#8217;espera, tindr\u00e0 lloc, entre altres sorpreses, un espectacle que far\u00e0 vibrar al p\u00fablic.<\/p>\n\n\n\n<p>Consistir\u00e0 en un videomapping de gran format projectat a la torre i on l&#8217;eix principal el cartell de les Falles de Torrent 2025, obra de l&#8217;il\u00b7lustrador i dissenyador valenci\u00e0 Ram\u00f3n Pla, que va ser presentat dies arrere.<\/p>\n\n\n\n<p>El cartell d&#8217;enguany est\u00e0 representat pel <em>Granerer. Que arreplega l&#8217;ess\u00e8ncia d&#8217;esta festivitat. Un disseny modern que simbolitza a l&#8217;emblem\u00e0tic \u2018<\/em>Granerer\u2019 torrentino juntament amb elements propis de la festivitat i la Pla\u00e7a Major de la ciutat, retent homenatge a la nostra festa gran, hist\u00f2ria, tradici\u00f3, cultura i arrels valencianes.<\/p>\n\n\n\n<p>Un disseny modern que simbolitza el nostre emblem\u00e0tic i volgut Granerer amb els elements propis de les Falles i del municipi. Un homenatge a la nostra hist\u00f2ria i a la nostra cultura, i mostrant-nos com l&#8217;art juga un paper fonamental en la celebraci\u00f3 de la nostra identitat com a poble. El cartell de les Falles de 2025 ens convida a mirar al passat amb orgull i al futur amb il\u00b7lusi\u00f3. El Granerer representa no sols com un personatge ic\u00f2nic, sin\u00f3 \u00e9s el reflex de l&#8217;esperit faller, ef\u00edmer i etern alhora. Esta imatge connecta amb tots els que senten les Falles com a seues i que servix com un recordatori que, encara que el foc el consumisca tot, l&#8217;ess\u00e8ncia d&#8217;esta tradici\u00f3 sempre renaix amb m\u00e9s for\u00e7a.<\/p>\n\n\n\n<p>Tampoc podr\u00e0 faltar la p\u00f3lvora, de la m\u00e0 de pirot\u00e9cnia Sanmart\u00edn\/Caballer Fireworks Star, amb el que es posar\u00e0 el fermall d&#8217;or a una jornada inoblidable.<\/p>\n\n\n\n<figure class=\"wp-block-image size-large\"><img fetchpriority=\"high\" decoding=\"async\" width=\"1024\" height=\"682\" src=\"https:\/\/infotorrent.es\/wp-content\/uploads\/2025\/02\/1-24-1024x682.jpg\" alt=\"\" class=\"wp-image-77828\" srcset=\"https:\/\/infotorrent.es\/wp-content\/uploads\/2025\/02\/1-24-1024x682.jpg 1024w, https:\/\/infotorrent.es\/wp-content\/uploads\/2025\/02\/1-24-300x200.jpg 300w, https:\/\/infotorrent.es\/wp-content\/uploads\/2025\/02\/1-24-768x512.jpg 768w, https:\/\/infotorrent.es\/wp-content\/uploads\/2025\/02\/1-24-1536x1023.jpg 1536w, https:\/\/infotorrent.es\/wp-content\/uploads\/2025\/02\/1-24.jpg 1600w\" sizes=\"(max-width: 1024px) 100vw, 1024px\" \/><\/figure>\n\n\n\n<figure class=\"wp-block-image size-large\"><img decoding=\"async\" width=\"1024\" height=\"682\" src=\"https:\/\/infotorrent.es\/wp-content\/uploads\/2025\/02\/2-19-1024x682.jpg\" alt=\"\" class=\"wp-image-77830\" srcset=\"https:\/\/infotorrent.es\/wp-content\/uploads\/2025\/02\/2-19-1024x682.jpg 1024w, https:\/\/infotorrent.es\/wp-content\/uploads\/2025\/02\/2-19-300x200.jpg 300w, https:\/\/infotorrent.es\/wp-content\/uploads\/2025\/02\/2-19-768x512.jpg 768w, https:\/\/infotorrent.es\/wp-content\/uploads\/2025\/02\/2-19-1536x1023.jpg 1536w, https:\/\/infotorrent.es\/wp-content\/uploads\/2025\/02\/2-19.jpg 1600w\" sizes=\"(max-width: 1024px) 100vw, 1024px\" \/><\/figure>\n","protected":false},"excerpt":{"rendered":"<p>Les Falleres Majors de Torrent 2025, Alicia Moreno i Ana Barber\u00e1, seran les encarregades de donar el tret d&#8217;eixida a les festes josefinas. La Crida tindr\u00e0 lloc a les 20.00 hores als peus de la Torre i comptar\u00e0 amb un espectacle audiovisual innovador que combina efectes visuals i pirot\u00e8cnics Dissabte que ve, 22 de febrer, [&hellip;]<\/p>\n","protected":false},"author":20,"featured_media":77832,"comment_status":"open","ping_status":"open","sticky":false,"template":"","format":"standard","meta":{"_acf_changed":false,"footnotes":""},"categories":[1171],"tags":[],"class_list":["post-77827","post","type-post","status-publish","format-standard","has-post-thumbnail","hentry","category-fallas-ca"],"acf":[],"_links":{"self":[{"href":"https:\/\/infotorrent.es\/ca\/wp-json\/wp\/v2\/posts\/77827","targetHints":{"allow":["GET"]}}],"collection":[{"href":"https:\/\/infotorrent.es\/ca\/wp-json\/wp\/v2\/posts"}],"about":[{"href":"https:\/\/infotorrent.es\/ca\/wp-json\/wp\/v2\/types\/post"}],"author":[{"embeddable":true,"href":"https:\/\/infotorrent.es\/ca\/wp-json\/wp\/v2\/users\/20"}],"replies":[{"embeddable":true,"href":"https:\/\/infotorrent.es\/ca\/wp-json\/wp\/v2\/comments?post=77827"}],"version-history":[{"count":1,"href":"https:\/\/infotorrent.es\/ca\/wp-json\/wp\/v2\/posts\/77827\/revisions"}],"predecessor-version":[{"id":77833,"href":"https:\/\/infotorrent.es\/ca\/wp-json\/wp\/v2\/posts\/77827\/revisions\/77833"}],"wp:featuredmedia":[{"embeddable":true,"href":"https:\/\/infotorrent.es\/ca\/wp-json\/wp\/v2\/media\/77832"}],"wp:attachment":[{"href":"https:\/\/infotorrent.es\/ca\/wp-json\/wp\/v2\/media?parent=77827"}],"wp:term":[{"taxonomy":"category","embeddable":true,"href":"https:\/\/infotorrent.es\/ca\/wp-json\/wp\/v2\/categories?post=77827"},{"taxonomy":"post_tag","embeddable":true,"href":"https:\/\/infotorrent.es\/ca\/wp-json\/wp\/v2\/tags?post=77827"}],"curies":[{"name":"wp","href":"https:\/\/api.w.org\/{rel}","templated":true}]}}