{"id":77687,"date":"2025-02-20T13:40:00","date_gmt":"2025-02-20T12:40:00","guid":{"rendered":"https:\/\/infotorrent.es\/uncategorized\/torrent-mejora-su-movilidad-con-una-nueva-linea-de-autobus-circular-que-conectara-lhorta-sud\/"},"modified":"2025-02-21T13:35:10","modified_gmt":"2025-02-21T12:35:10","slug":"torrent-mejora-su-movilidad-con-una-nueva-linea-de-autobus-circular-que-conectara-lhorta-sud","status":"publish","type":"post","link":"https:\/\/infotorrent.es\/ca\/ayuntamiento-de-torrent-ca\/torrent-mejora-su-movilidad-con-una-nueva-linea-de-autobus-circular-que-conectara-lhorta-sud\/","title":{"rendered":"Torrent millora la seua mobilitat amb una nova l\u00ednia d&#8217;autob\u00fas circular que connectar\u00e0 l&#8217;Horta Sud"},"content":{"rendered":"\n<p>Les l\u00ednies 186A i 186B connectaran Torrent des d&#8217;este divendres amb&nbsp;Picanya, Paiporta, La Torre, Benet\u00fasser, Alfafar, Massanassa, Catarroja i Albal<\/p>\n\n\n\n<p>&nbsp;A partir del divendres 21 de febrer, Torrent comptar\u00e0 amb una nova connexi\u00f3 metropolitana gr\u00e0cies a la posada en marxa de la l\u00ednia d&#8217;autob\u00fas circular impulsada per l&#8217;Autoritat de Transport Metropolit\u00e0 de Val\u00e8ncia (ATMV). Este servici facilitar\u00e0 la mobilitat dels ciutadans i millorar\u00e0 la connexi\u00f3 entre municipis de l&#8217;Horta Sud, incloent-hi Picanya, Paiporta, La Torre, Benet\u00fasser, Alfafar, Massanassa, Catarroja i Albal.<\/p>\n\n\n\n<p><strong>Un servici essencial per a la mobilitat comarcal<\/strong><\/p>\n\n\n\n<p>La nova l\u00ednia d&#8217;autob\u00fas es dividix en dos rutes diferenciades:<\/p>\n\n\n\n<p>\u00b7\u00a0\u00a0\u00a0\u00a0\u00a0\u00a0\u00a0\u00a0\u00a0<strong>L\u00ednia 186A:<\/strong> Circular Paiporta \u2013 Albal \u2013 Torrent (sentit horari).<\/p>\n\n\n\n<p>\u00b7\u00a0\u00a0\u00a0\u00a0\u00a0\u00a0\u00a0\u00a0\u00a0<strong>L\u00ednea 186B<\/strong>: Circular Paiporta \u2013 Torrent \u2013 Albal (sentit antihorari).<\/p>\n\n\n\n<p>Els dos recorreguts permetran millorar l&#8217;accessibilitat entre els municipis i fomentar l&#8217;\u00fas del transport p\u00fablic com a alternativa sostenible. A m\u00e9s, es potenciar\u00e0 la intermodalitat amb altres mitjans de transport, com la xarxa de Metrovalencia a Paiporta i Torrent Avinguda (quan re\u00f2briga), i la xarxa de Rodalia a Albal.<\/p>\n\n\n\n<p>La regidora de Mobilitat de l&#8217;Ajuntament de Torrent,\u00a0<strong>Adelina Gonz\u00e1lez<\/strong>, ha destacat la import\u00e0ncia d&#8217;este nou servici, assenyalant que\u00a0<em>&#8220;per primera vegada, Torrent, gr\u00e0cies al Consell de la Generalitat Valenciana, comptar\u00e0 amb transport p\u00fablic que connectar\u00e0 directament amb tots els municipis de l&#8217;Horta Sud a trav\u00e9s de la L\u00ednia 186. A m\u00e9s, esta millora en la mobilitat permetr\u00e0 que els ve\u00efns de Torrent puguen despla\u00e7ar-se fins a l&#8217;aeroport mitjan\u00e7ant la L\u00ednia 106, ampliant significativament les opcions de transport amb els municipis de la comarca sense haver de fer transbords a Val\u00e8ncia&#8221;.<\/em><\/p>\n\n\n\n<p><strong>Horaris i freq\u00fc\u00e8ncies del servici<\/strong><\/p>\n\n\n\n<p>El servici operar\u00e0 exclusivament en dies laborables, de dilluns a divendres, sense activitat els caps de setmana ni festius. La freq\u00fc\u00e8ncia de pas s&#8217;ha optimitzat per a facilitar el despla\u00e7ament dels usuaris, permetent un major acc\u00e9s a servicis essencials, comer\u00e7os i centres educatius i sanitaris.<\/p>\n\n\n\n<p><strong>Noves rutes dins del projecte CV-108<\/strong><\/p>\n\n\n\n<p>La l\u00ednia 186 no \u00e9s l&#8217;\u00fanica novetat en mat\u00e8ria de transport. Dins del marc del projecte &#8220;CV-108. Val\u00e8ncia Metropolitana Sud&#8221;, promogut per l&#8217;ATMV, tamb\u00e9 es posaran en marxa altres rutes a la comarca:<\/p>\n\n\n\n<p>\u00b7&nbsp;&nbsp;&nbsp;&nbsp;&nbsp;&nbsp;&nbsp;&nbsp;&nbsp;<strong>L\u00ednea 180:<\/strong> Val\u00e8ncia &#8211; Albal<\/p>\n\n\n\n<p>\u00b7&nbsp;&nbsp;&nbsp;&nbsp;&nbsp;&nbsp;&nbsp;<strong>&nbsp;&nbsp;L\u00ednea 181:<\/strong> Val\u00e8ncia &#8211; Picassent<\/p>\n\n\n\n<p>\u00b7&nbsp;&nbsp;&nbsp;&nbsp;&nbsp;&nbsp;&nbsp;&nbsp;&nbsp;<strong>L\u00ednea 182:<\/strong> Val\u00e8ncia &#8211; Silla<\/p>\n\n\n\n<p>\u00b7&nbsp;&nbsp;&nbsp;&nbsp;&nbsp;&nbsp;&nbsp;&nbsp;&nbsp;<strong>L\u00ednea 182N:<\/strong> Nocturno Val\u00e8ncia &#8211; Silla &#8211; Picassent<\/p>\n\n\n\n<p>\u00b7&nbsp;&nbsp;&nbsp;&nbsp;&nbsp;&nbsp;&nbsp;&nbsp;<strong>&nbsp;L\u00ednea 183: <\/strong>Val\u00e8ncia &#8211; Sedav\u00ed &#8211; C.C. Alfafar<\/p>\n\n\n\n<p>\u00b7&nbsp;&nbsp;&nbsp;&nbsp;&nbsp;&nbsp;&nbsp;&nbsp;<strong>&nbsp;L\u00ednea 184:<\/strong> Silla &#8211; Hospital La Fe<\/p>\n\n\n\n<p>\u00b7&nbsp;&nbsp;&nbsp;&nbsp;&nbsp;&nbsp;&nbsp;&nbsp;<strong>&nbsp;L\u00ednea 185:<\/strong> Picassent &#8211; El Saler<\/p>\n\n\n\n<p>\u00b7&nbsp;&nbsp;&nbsp;&nbsp;&nbsp;&nbsp;&nbsp;&nbsp;&nbsp;<strong>L\u00ednea 187:<\/strong> Alc\u00e0sser &#8211; Silla<\/p>\n\n\n\n<p>\u00b7&nbsp;&nbsp;&nbsp;&nbsp;&nbsp;&nbsp;&nbsp;<strong>&nbsp;&nbsp;L\u00ednea 191<\/strong>: Val\u00e8ncia &#8211; El Mareny Blau<\/p>\n\n\n\n<p><strong><strong>Un contracte amb impacte positiu en la mobilitat<\/strong><\/strong><\/p>\n\n\n\n<p>El contracte d&#8217;adjudicaci\u00f3 d&#8217;este nou servici ha sigut atorgat a l&#8217;empresa Autocars HERCA, S.L., amb una duraci\u00f3 de deu anys. Gr\u00e0cies a esta inversi\u00f3, es preveu duplicar l&#8217;oferta actual de transport, amb una millora notable en les freq\u00fc\u00e8ncies de pas i la cobertura de la xarxa.<\/p>\n\n\n\n<p>Un dels aspectes m\u00e9s destacats d&#8217;esta modernitzaci\u00f3 \u00e9s la incorporaci\u00f3 d&#8217;una flota de 34 autobusos completament el\u00e8ctrics. Este fet no sols reduir\u00e0 les emissions contaminants, sin\u00f3 que tamb\u00e9 minimitzar\u00e0 l&#8217;impacte ac\u00fastic en les zones urbanes, contribuint a una major qualitat ambiental.<\/p>\n\n\n\n<p><strong>Tecnologia i infraestructures renovades<\/strong><\/p>\n\n\n\n<p>Per a facilitar l&#8217;\u00fas del servici i millorar l&#8217;experi\u00e8ncia de l&#8217;usuari, des de la Conselleria s&#8217;informa que modernitzaran les parades d&#8217;autob\u00fas, incorporant pantalles digitals amb informaci\u00f3 en temps real sobre els horaris de pas. A m\u00e9s, els ciutadans podran accedir a la informaci\u00f3 del servici a trav\u00e9s d&#8217;una aplicaci\u00f3 m\u00f2bil i una p\u00e0gina web oficial, optimitzant la planificaci\u00f3 dels seus despla\u00e7aments.<\/p>\n\n\n\n<p><strong>Beneficis per als ve\u00efns i ve\u00efnes de Torrent i la seua comarca<\/strong><\/p>\n\n\n\n<p>Amb la implementaci\u00f3 d&#8217;estes noves l\u00ednies, la Generalitat busca millorar la qualitat de vida dels habitants de l&#8217;Horta Sud, facilitant despla\u00e7aments m\u00e9s eficients, sostenibles i accessibles. Este projecte suposa un gran pas cap a un transport metropolit\u00e0 m\u00e9s modern i integrat, contribuint a la vertebraci\u00f3 del territori i fomentant l&#8217;\u00fas del transport p\u00fablic.<\/p>\n\n\n\n<p>Des de l&#8217;ATMV han assegurat que continuaran treballant en la millora del servici, amb l&#8217;objectiu de completar la renovaci\u00f3 de la xarxa metropolitana en el primer quadrimestre de l&#8217;any. Amb esta iniciativa, Torrent i l&#8217;Horta Sud avancen cap a una mobilitat m\u00e9s eficient i sostenible per a tots els ciutadans.<\/p>\n\n\n\n<figure class=\"wp-block-gallery has-nested-images columns-default is-cropped wp-block-gallery-1 is-layout-flex wp-block-gallery-is-layout-flex\">\n<figure class=\"wp-block-image size-large\"><img fetchpriority=\"high\" decoding=\"async\" width=\"1024\" height=\"768\" data-id=\"77679\" src=\"https:\/\/infotorrent.es\/wp-content\/uploads\/2025\/02\/WhatsApp-Image-2025-02-05-at-12.34.10-1-1024x768.jpeg\" alt=\"\" class=\"wp-image-77679\" srcset=\"https:\/\/infotorrent.es\/wp-content\/uploads\/2025\/02\/WhatsApp-Image-2025-02-05-at-12.34.10-1-1024x768.jpeg 1024w, https:\/\/infotorrent.es\/wp-content\/uploads\/2025\/02\/WhatsApp-Image-2025-02-05-at-12.34.10-1-300x225.jpeg 300w, https:\/\/infotorrent.es\/wp-content\/uploads\/2025\/02\/WhatsApp-Image-2025-02-05-at-12.34.10-1-768x576.jpeg 768w, https:\/\/infotorrent.es\/wp-content\/uploads\/2025\/02\/WhatsApp-Image-2025-02-05-at-12.34.10-1-1536x1152.jpeg 1536w, https:\/\/infotorrent.es\/wp-content\/uploads\/2025\/02\/WhatsApp-Image-2025-02-05-at-12.34.10-1.jpeg 1600w\" sizes=\"(max-width: 1024px) 100vw, 1024px\" \/><\/figure>\n\n\n\n<figure class=\"wp-block-image size-large\"><img decoding=\"async\" width=\"732\" height=\"1024\" data-id=\"77683\" src=\"https:\/\/infotorrent.es\/wp-content\/uploads\/2025\/02\/186B-1-732x1024.png\" alt=\"\" class=\"wp-image-77683\" srcset=\"https:\/\/infotorrent.es\/wp-content\/uploads\/2025\/02\/186B-1-732x1024.png 732w, https:\/\/infotorrent.es\/wp-content\/uploads\/2025\/02\/186B-1-214x300.png 214w, https:\/\/infotorrent.es\/wp-content\/uploads\/2025\/02\/186B-1-768x1074.png 768w, https:\/\/infotorrent.es\/wp-content\/uploads\/2025\/02\/186B-1-1098x1536.png 1098w, https:\/\/infotorrent.es\/wp-content\/uploads\/2025\/02\/186B-1-1464x2048.png 1464w\" sizes=\"(max-width: 732px) 100vw, 732px\" \/><\/figure>\n\n\n\n<figure class=\"wp-block-image size-large\"><img decoding=\"async\" width=\"732\" height=\"1024\" data-id=\"77681\" src=\"https:\/\/infotorrent.es\/wp-content\/uploads\/2025\/02\/186A-1-732x1024.png\" alt=\"\" class=\"wp-image-77681\" srcset=\"https:\/\/infotorrent.es\/wp-content\/uploads\/2025\/02\/186A-1-732x1024.png 732w, https:\/\/infotorrent.es\/wp-content\/uploads\/2025\/02\/186A-1-214x300.png 214w, https:\/\/infotorrent.es\/wp-content\/uploads\/2025\/02\/186A-1-768x1074.png 768w, https:\/\/infotorrent.es\/wp-content\/uploads\/2025\/02\/186A-1-1098x1536.png 1098w, https:\/\/infotorrent.es\/wp-content\/uploads\/2025\/02\/186A-1-1464x2048.png 1464w\" sizes=\"(max-width: 732px) 100vw, 732px\" \/><\/figure>\n<\/figure>\n","protected":false},"excerpt":{"rendered":"<p>Les l\u00ednies 186A i 186B connectaran Torrent des d&#8217;este divendres amb&nbsp;Picanya, Paiporta, La Torre, Benet\u00fasser, Alfafar, Massanassa, Catarroja i Albal &nbsp;A partir del divendres 21 de febrer, Torrent comptar\u00e0 amb una nova connexi\u00f3 metropolitana gr\u00e0cies a la posada en marxa de la l\u00ednia d&#8217;autob\u00fas circular impulsada per l&#8217;Autoritat de Transport Metropolit\u00e0 de Val\u00e8ncia (ATMV). Este [&hellip;]<\/p>\n","protected":false},"author":15,"featured_media":77691,"comment_status":"open","ping_status":"open","sticky":false,"template":"","format":"standard","meta":{"_acf_changed":false,"footnotes":""},"categories":[1190,147],"tags":[],"class_list":["post-77687","post","type-post","status-publish","format-standard","has-post-thumbnail","hentry","category-ayuntamiento-de-torrent-ca","category-mobilitat"],"acf":[],"_links":{"self":[{"href":"https:\/\/infotorrent.es\/ca\/wp-json\/wp\/v2\/posts\/77687","targetHints":{"allow":["GET"]}}],"collection":[{"href":"https:\/\/infotorrent.es\/ca\/wp-json\/wp\/v2\/posts"}],"about":[{"href":"https:\/\/infotorrent.es\/ca\/wp-json\/wp\/v2\/types\/post"}],"author":[{"embeddable":true,"href":"https:\/\/infotorrent.es\/ca\/wp-json\/wp\/v2\/users\/15"}],"replies":[{"embeddable":true,"href":"https:\/\/infotorrent.es\/ca\/wp-json\/wp\/v2\/comments?post=77687"}],"version-history":[{"count":1,"href":"https:\/\/infotorrent.es\/ca\/wp-json\/wp\/v2\/posts\/77687\/revisions"}],"predecessor-version":[{"id":77690,"href":"https:\/\/infotorrent.es\/ca\/wp-json\/wp\/v2\/posts\/77687\/revisions\/77690"}],"wp:featuredmedia":[{"embeddable":true,"href":"https:\/\/infotorrent.es\/ca\/wp-json\/wp\/v2\/media\/77691"}],"wp:attachment":[{"href":"https:\/\/infotorrent.es\/ca\/wp-json\/wp\/v2\/media?parent=77687"}],"wp:term":[{"taxonomy":"category","embeddable":true,"href":"https:\/\/infotorrent.es\/ca\/wp-json\/wp\/v2\/categories?post=77687"},{"taxonomy":"post_tag","embeddable":true,"href":"https:\/\/infotorrent.es\/ca\/wp-json\/wp\/v2\/tags?post=77687"}],"curies":[{"name":"wp","href":"https:\/\/api.w.org\/{rel}","templated":true}]}}