{"id":77631,"date":"2025-02-19T21:15:00","date_gmt":"2025-02-19T20:15:00","guid":{"rendered":"https:\/\/infotorrent.es\/uncategorized\/torrent-presenta-el-el-granerer-2025\/"},"modified":"2025-02-21T13:06:10","modified_gmt":"2025-02-21T12:06:10","slug":"torrent-presenta-el-el-granerer-2025","status":"publish","type":"post","link":"https:\/\/infotorrent.es\/ca\/cultura-es-2\/torrent-presenta-el-el-granerer-2025\/","title":{"rendered":"Torrent\u00a0presenta\u00a0el\u00a0&#8220;El\u00a0Granerer&#8221;\u00a02025"},"content":{"rendered":"\n<p><strong>La revista oficial de les Falles de\u00a0Torrent\u00a0homenatja les comissions i fallers per la seua solidaritat despr\u00e9s de la DANA<\/strong><\/p>\n\n\n\n<p>L&#8217;emblem\u00e0tica publicaci\u00f3 fallera &#8220;El&nbsp;Granerer&#8221;, editada per la Junta Local Fallera de&nbsp;Torrent, ha sigut presentada en un emotiu acte que ha congregat als representants de les 28 comissions falleres de la ciutat. L&#8217;edici\u00f3 de&nbsp;2025&nbsp;arriba amb un disseny renovat i un contingut que repassa la hist\u00f2ria, l&#8217;actualitat i les tradicions de les Falles de&nbsp;Torrent, oferint als lectors una visi\u00f3 completa de la festa m\u00e9s gran del municipi.<\/p>\n\n\n\n<p>L&#8217;esdeveniment&nbsp; de presentaci\u00f3 ha tingut lloc en&nbsp;la&nbsp;Sala d&#8217;actes de l&#8217;Ajuntament de&nbsp;Torrent&nbsp;i ha comptat amb la pres\u00e8ncia del regidor de Falles, Aitor S\u00e1nchez, aix\u00ed com d&#8217;altres membres de la corporaci\u00f3 municipal i representants de la Junta Local Fallera.&nbsp;El&nbsp;regidor ha destacat la import\u00e0ncia d&#8217;esta publicaci\u00f3 com a testimoniatge viu de la hist\u00f2ria de les Falles de&nbsp;Torrent&nbsp;i ha subratllat&nbsp;l&#8217;esfor\u00e7&nbsp; i la dedicaci\u00f3 de tots els que han treballat en la seua elaboraci\u00f3. &#8220;El&nbsp;Granerer&nbsp;\u00e9s un reflex de la nostra identitat i la nostra tradici\u00f3. Cada p\u00e0gina arreplega&nbsp;l&#8217;esfor\u00e7&nbsp; dels qui fan possible esta festa, des de les comissions falleres fins als artistes que treballen incansablement per a mantindre viu el nostre llegat&#8221;, ha afirmat S\u00e1nchez durant la seua intervenci\u00f3.<\/p>\n\n\n\n<p>&#8220;El&nbsp;Granerer&#8221; \u00e9s una refer\u00e8ncia ineludible per al&nbsp;m\u00f3n&nbsp; faller local, ja que no sols arreplega les activitats de les comissions falleres, sin\u00f3 que tamb\u00e9 inclou articles d&#8217;investigaci\u00f3, entrevistes a les Falleres Majors i una an\u00e0lisi detallada als esbossos dels monuments fallers. En esta edici\u00f3, a m\u00e9s, s&#8217;han incorporat seccions especials dedicades a la hist\u00f2ria de la indument\u00e0ria fallera, l&#8217;evoluci\u00f3 de les Falles de&nbsp;Torrent&nbsp;i la solidaritat de les comissions falleres de la ciutat, despr\u00e9s de la DANA.<\/p>\n\n\n\n<p>El&nbsp;Granerer&nbsp;de&nbsp;2025&nbsp;compta amb una portada dissenyada per Ram\u00f3n Pla, en la qual es representa la ic\u00f2nica figura del Granerer&nbsp;&nbsp;com un monument faller, destacant el seu paper com a s\u00edmbol de la identitat de&nbsp;Torrent. La publicaci\u00f3 inclou una editorial firmada pel&nbsp;president&nbsp; de l&#8217;Assemblea Local de&nbsp;Torrent&nbsp;i Creu Roja, Enrique Bea Nicolau, i&nbsp;el&nbsp;cap de Protecci\u00f3 Civil de&nbsp;Torrent, Paco Lona, en la qual es ressalta la solidaritat dels fallers despr\u00e9s de la DANA de 2024.<\/p>\n\n\n\n<p>El&nbsp;contingut del llibre oficial es complementa amb salutacions institucionals de l&#8217;alcaldessa,&nbsp;el&nbsp;president de la Generalitat Valenciana i&nbsp;el&nbsp;president de la Diputaci\u00f3 de Val\u00e8ncia, aix\u00ed com entrevistes en profunditat amb les Falleres Majors de&nbsp;Torrent, Ana i Alicia, els qui compartixen la seua experi\u00e8ncia i sentiments en&nbsp;l&#8217;exercici&nbsp; faller. A m\u00e9s, s&#8217;ha integrat tecnologia de realitat augmentada, permetent als lectors visualitzar elements en 3D a trav\u00e9s de dispositius m\u00f2bils.<\/p>\n\n\n\n<p>Durant la presentaci\u00f3, els assistents han pogut disfrutar d&#8217;un avan\u00e7 dels continguts m\u00e9s destacats de la revista, aix\u00ed com d&#8217;una exposici\u00f3 fotogr\u00e0fica que arreplega alguns dels moments m\u00e9s emblem\u00e0tics de les Falles de l&#8217;\u00faltim any. Tamb\u00e9 s&#8217;ha retut homenatge als col\u00b7laboradors, autors que han participat en l&#8217;elaboraci\u00f3 de la publicaci\u00f3, aix\u00ed com als Fallers Imprescindibles, reconeixent la seua contribuci\u00f3 al manteniment de les comissions falleres i difusi\u00f3 de la tradici\u00f3 fallera. S&#8217;ha fet especial menci\u00f3 en homenatge p\u00f2stum a Raquel Royo, Fallera Major de\u00a0Torrent\u00a0en 1995, la figura de la qual ha sigut recordada en esta edici\u00f3.<\/p>\n\n\n\n<p>La Junta Local Fallera de&nbsp;Torrent&nbsp;reafirma el seu comprom\u00eds amb la promoci\u00f3 i preservaci\u00f3 de la cultura fallera, destacant que &#8220;El&nbsp;Granerer&#8221; \u00e9s molt m\u00e9s que una revista: \u00e9s un testimoniatge viu de l&#8217;esperit faller que caracteritza a la ciutat. L&#8217;edici\u00f3 de&nbsp;2025&nbsp;ja est\u00e0 disponible i es distribuir\u00e0 entre les diferents comissions falleres, aix\u00ed com en punts d&#8217;inter\u00e9s cultural de la localitat.<\/p>\n\n\n\n<p>Les primeres a rebre el seu exemplar han sigut les Falleres Majors de&nbsp;Torrent, Alicia Moreno i Ana Barber\u00e1, aix\u00ed com les seues Corts d&#8217;Honor. A continuaci\u00f3, han sigut els representants de les 28 comissions falleres de la ciutat, que han aprofitat per a fer&nbsp;l&#8217;intercanvi&nbsp; de fotografies amb les Falleres Majors de la ciutat.<\/p>\n\n\n\n<p>Amb este acte,&nbsp;Torrent&nbsp;fa un pas m\u00e9s cap a&nbsp;l&#8217;inici&nbsp; de les Falles&nbsp;2025&nbsp;que tindr\u00e0 lloc&nbsp;el&nbsp;dissabte 22 de febrer amb la Crida als peus de la Torre.<\/p>\n\n\n\n<figure class=\"wp-block-gallery has-nested-images columns-default is-cropped wp-block-gallery-1 is-layout-flex wp-block-gallery-is-layout-flex\">\n<figure class=\"wp-block-image size-large\"><img fetchpriority=\"high\" decoding=\"async\" width=\"1024\" height=\"683\" data-id=\"77627\" src=\"https:\/\/infotorrent.es\/wp-content\/uploads\/2025\/02\/WhatsApp-Image-2025-02-19-at-20.38.481-1024x683.jpeg\" alt=\"\" class=\"wp-image-77627\" srcset=\"https:\/\/infotorrent.es\/wp-content\/uploads\/2025\/02\/WhatsApp-Image-2025-02-19-at-20.38.481-1024x683.jpeg 1024w, https:\/\/infotorrent.es\/wp-content\/uploads\/2025\/02\/WhatsApp-Image-2025-02-19-at-20.38.481-300x200.jpeg 300w, https:\/\/infotorrent.es\/wp-content\/uploads\/2025\/02\/WhatsApp-Image-2025-02-19-at-20.38.481-768x512.jpeg 768w, https:\/\/infotorrent.es\/wp-content\/uploads\/2025\/02\/WhatsApp-Image-2025-02-19-at-20.38.481-1536x1024.jpeg 1536w, https:\/\/infotorrent.es\/wp-content\/uploads\/2025\/02\/WhatsApp-Image-2025-02-19-at-20.38.481.jpeg 2048w\" sizes=\"(max-width: 1024px) 100vw, 1024px\" \/><\/figure>\n\n\n\n<figure class=\"wp-block-image size-large\"><img decoding=\"async\" width=\"1024\" height=\"683\" data-id=\"77625\" src=\"https:\/\/infotorrent.es\/wp-content\/uploads\/2025\/02\/WhatsApp-Image-2025-02-19-at-20.38.48-1024x683.jpeg\" alt=\"\" class=\"wp-image-77625\" srcset=\"https:\/\/infotorrent.es\/wp-content\/uploads\/2025\/02\/WhatsApp-Image-2025-02-19-at-20.38.48-1024x683.jpeg 1024w, https:\/\/infotorrent.es\/wp-content\/uploads\/2025\/02\/WhatsApp-Image-2025-02-19-at-20.38.48-300x200.jpeg 300w, https:\/\/infotorrent.es\/wp-content\/uploads\/2025\/02\/WhatsApp-Image-2025-02-19-at-20.38.48-768x512.jpeg 768w, https:\/\/infotorrent.es\/wp-content\/uploads\/2025\/02\/WhatsApp-Image-2025-02-19-at-20.38.48-1536x1024.jpeg 1536w, https:\/\/infotorrent.es\/wp-content\/uploads\/2025\/02\/WhatsApp-Image-2025-02-19-at-20.38.48.jpeg 2048w\" sizes=\"(max-width: 1024px) 100vw, 1024px\" \/><\/figure>\n<\/figure>\n","protected":false},"excerpt":{"rendered":"<p>La revista oficial de les Falles de\u00a0Torrent\u00a0homenatja les comissions i fallers per la seua solidaritat despr\u00e9s de la DANA L&#8217;emblem\u00e0tica publicaci\u00f3 fallera &#8220;El&nbsp;Granerer&#8221;, editada per la Junta Local Fallera de&nbsp;Torrent, ha sigut presentada en un emotiu acte que ha congregat als representants de les 28 comissions falleres de la ciutat. L&#8217;edici\u00f3 de&nbsp;2025&nbsp;arriba amb un disseny [&hellip;]<\/p>\n","protected":false},"author":15,"featured_media":77635,"comment_status":"open","ping_status":"open","sticky":false,"template":"","format":"standard","meta":{"_acf_changed":false,"footnotes":""},"categories":[126,1171],"tags":[],"class_list":["post-77631","post","type-post","status-publish","format-standard","has-post-thumbnail","hentry","category-cultura-es-2","category-fallas-ca"],"acf":[],"_links":{"self":[{"href":"https:\/\/infotorrent.es\/ca\/wp-json\/wp\/v2\/posts\/77631","targetHints":{"allow":["GET"]}}],"collection":[{"href":"https:\/\/infotorrent.es\/ca\/wp-json\/wp\/v2\/posts"}],"about":[{"href":"https:\/\/infotorrent.es\/ca\/wp-json\/wp\/v2\/types\/post"}],"author":[{"embeddable":true,"href":"https:\/\/infotorrent.es\/ca\/wp-json\/wp\/v2\/users\/15"}],"replies":[{"embeddable":true,"href":"https:\/\/infotorrent.es\/ca\/wp-json\/wp\/v2\/comments?post=77631"}],"version-history":[{"count":1,"href":"https:\/\/infotorrent.es\/ca\/wp-json\/wp\/v2\/posts\/77631\/revisions"}],"predecessor-version":[{"id":77634,"href":"https:\/\/infotorrent.es\/ca\/wp-json\/wp\/v2\/posts\/77631\/revisions\/77634"}],"wp:featuredmedia":[{"embeddable":true,"href":"https:\/\/infotorrent.es\/ca\/wp-json\/wp\/v2\/media\/77635"}],"wp:attachment":[{"href":"https:\/\/infotorrent.es\/ca\/wp-json\/wp\/v2\/media?parent=77631"}],"wp:term":[{"taxonomy":"category","embeddable":true,"href":"https:\/\/infotorrent.es\/ca\/wp-json\/wp\/v2\/categories?post=77631"},{"taxonomy":"post_tag","embeddable":true,"href":"https:\/\/infotorrent.es\/ca\/wp-json\/wp\/v2\/tags?post=77631"}],"curies":[{"name":"wp","href":"https:\/\/api.w.org\/{rel}","templated":true}]}}