{"id":77522,"date":"2025-02-13T12:00:00","date_gmt":"2025-02-13T11:00:00","guid":{"rendered":"https:\/\/infotorrent.es\/uncategorized\/vuelve-la-lirica-a-lauditori-de-torrent-con-luisa-fernanda-y-el-trovador\/"},"modified":"2025-02-21T11:52:47","modified_gmt":"2025-02-21T10:52:47","slug":"vuelve-la-lirica-a-lauditori-de-torrent-con-luisa-fernanda-y-el-trovador","status":"publish","type":"post","link":"https:\/\/infotorrent.es\/ca\/cultura-es-2\/vuelve-la-lirica-a-lauditori-de-torrent-con-luisa-fernanda-y-el-trovador\/","title":{"rendered":"Torna la l\u00edrica a l\u2019Auditori de Torrent amb \u201cLuisa Fernanda\u201d i \u201cEl Trobador\u201d"},"content":{"rendered":"\n<p>Durant el mes de febrer, els amants del g\u00e8nere l\u00edric tenen dos cites imperdibles en l&#8217;Auditori de Torrent. La primera d&#8217;elles, este dissabte 15 de febrer, amb un dels t\u00edtols m\u00e9s representats del nostre g\u00e8nere xic,<strong><em>Luisa Fernanda<\/em>,sarsuela en 3 actes de Federico Moreno Torroba.<\/strong> La posada en escena \u00e9s a c\u00e0rrec de la Companyia <strong>Dolores Marco,<\/strong> amb direcci\u00f3 musical de <strong>Cessar Belda<\/strong> i direcci\u00f3 art\u00edstica de <strong>Lorenzo Moncloa<\/strong>. Estrenada en 1932, Luisa Fernanda\u00a0\u00e9s una hist\u00f2ria de sentiments oposats que recrea l&#8217;amor entre la xica que dona nom a l&#8217;obra i Javier, un militar d&#8217;humil ascend\u00e8ncia i r\u00e0pid ascens. Enfront d&#8217;ell est\u00e0 Vidal Hernando, un ric llaurador extremeny que tamb\u00e9 pret\u00e9n a Luisa Fernanda, la qual cosa li portar\u00e0 a enfrontar-se a Javier.\u00a0Una hist\u00f2ria d&#8217;amor en una \u00e8poca convulsa, la de la revoluci\u00f3 de 1868, tamb\u00e9 coneguda com La Gloriosa\u00a0(dissabte 15 de febrer a les 19h).<\/p>\n\n\n\n<p>Uns dies m\u00e9s tard, el dijous 20 de febrer, rebrem novament en el nostre escenari a la Companyia L\u00edrica \u00d2pera 2001, que en esta ocasi\u00f3 pujar\u00e0 a les taules El Trobador, una de les \u00f2peres de Verdi m\u00e9s benvolgudes, fins i tot durant la vida del compositor. Estrenada en 1853, el mateix Verdi va dir que era la seua \u00f2pera m\u00e9s famosa i, juntament amb La traviata i Rigoletto, continua sent una de les seues \u00f2peres m\u00e9s representades i famoses a nivell mundial. La trama es desenrotlla en l&#8217;ambient ombr\u00edvol de l&#8217;Espanya del segle XV i narra la rom\u00e0ntica hist\u00f2ria d&#8217;amor de Leonora i el seu trobador Manrico. Una \u00f2pera plena d&#8217;amor i odi, heroisme i venjan\u00e7a (dijous 20 de febrer a les 20h).<\/p>\n\n\n\n<p>Entrades a la venda en <a href=\"http:\/\/www.auditoritorrent.com\" data-type=\"link\" data-id=\"www.auditoritorrent.com\" target=\"_blank\" rel=\"noopener\">www.auditoritorrent.com<\/a> i en les taquilles de l\u2019Auditori (dijous de 17 a 20 h, divendres d&#8217;11 a 13 h i des de 2 hores abans del comen\u00e7ament de cada espectacle).<\/p>\n\n\n\n<figure class=\"wp-block-gallery has-nested-images columns-default is-cropped wp-block-gallery-1 is-layout-flex wp-block-gallery-is-layout-flex\">\n<figure class=\"wp-block-image size-large\"><img fetchpriority=\"high\" decoding=\"async\" width=\"1024\" height=\"683\" data-id=\"77518\" src=\"https:\/\/infotorrent.es\/wp-content\/uploads\/2025\/02\/Photo-15-01-2025-21-15-53-002-1024x683.jpg\" alt=\"\" class=\"wp-image-77518\" srcset=\"https:\/\/infotorrent.es\/wp-content\/uploads\/2025\/02\/Photo-15-01-2025-21-15-53-002-1024x683.jpg 1024w, https:\/\/infotorrent.es\/wp-content\/uploads\/2025\/02\/Photo-15-01-2025-21-15-53-002-300x200.jpg 300w, https:\/\/infotorrent.es\/wp-content\/uploads\/2025\/02\/Photo-15-01-2025-21-15-53-002-768x512.jpg 768w, https:\/\/infotorrent.es\/wp-content\/uploads\/2025\/02\/Photo-15-01-2025-21-15-53-002-1536x1024.jpg 1536w, https:\/\/infotorrent.es\/wp-content\/uploads\/2025\/02\/Photo-15-01-2025-21-15-53-002.jpg 1620w\" sizes=\"(max-width: 1024px) 100vw, 1024px\" \/><\/figure>\n\n\n\n<figure class=\"wp-block-image size-large\"><img decoding=\"async\" width=\"1024\" height=\"576\" data-id=\"77516\" src=\"https:\/\/infotorrent.es\/wp-content\/uploads\/2025\/02\/Luisa-cuadro-2-copia-002-1024x576.jpg\" alt=\"\" class=\"wp-image-77516\" srcset=\"https:\/\/infotorrent.es\/wp-content\/uploads\/2025\/02\/Luisa-cuadro-2-copia-002-1024x576.jpg 1024w, https:\/\/infotorrent.es\/wp-content\/uploads\/2025\/02\/Luisa-cuadro-2-copia-002-300x169.jpg 300w, https:\/\/infotorrent.es\/wp-content\/uploads\/2025\/02\/Luisa-cuadro-2-copia-002-768x432.jpg 768w, https:\/\/infotorrent.es\/wp-content\/uploads\/2025\/02\/Luisa-cuadro-2-copia-002.jpg 1199w\" sizes=\"(max-width: 1024px) 100vw, 1024px\" \/><\/figure>\n<\/figure>\n","protected":false},"excerpt":{"rendered":"<p>Durant el mes de febrer, els amants del g\u00e8nere l\u00edric tenen dos cites imperdibles en l&#8217;Auditori de Torrent. La primera d&#8217;elles, este dissabte 15 de febrer, amb un dels t\u00edtols m\u00e9s representats del nostre g\u00e8nere xic,Luisa Fernanda,sarsuela en 3 actes de Federico Moreno Torroba. La posada en escena \u00e9s a c\u00e0rrec de la Companyia Dolores [&hellip;]<\/p>\n","protected":false},"author":15,"featured_media":77526,"comment_status":"open","ping_status":"open","sticky":false,"template":"","format":"standard","meta":{"_acf_changed":false,"footnotes":""},"categories":[126,1215],"tags":[],"class_list":["post-77522","post","type-post","status-publish","format-standard","has-post-thumbnail","hentry","category-cultura-es-2","category-auditori-de-torrent-ca"],"acf":[],"_links":{"self":[{"href":"https:\/\/infotorrent.es\/ca\/wp-json\/wp\/v2\/posts\/77522","targetHints":{"allow":["GET"]}}],"collection":[{"href":"https:\/\/infotorrent.es\/ca\/wp-json\/wp\/v2\/posts"}],"about":[{"href":"https:\/\/infotorrent.es\/ca\/wp-json\/wp\/v2\/types\/post"}],"author":[{"embeddable":true,"href":"https:\/\/infotorrent.es\/ca\/wp-json\/wp\/v2\/users\/15"}],"replies":[{"embeddable":true,"href":"https:\/\/infotorrent.es\/ca\/wp-json\/wp\/v2\/comments?post=77522"}],"version-history":[{"count":1,"href":"https:\/\/infotorrent.es\/ca\/wp-json\/wp\/v2\/posts\/77522\/revisions"}],"predecessor-version":[{"id":77525,"href":"https:\/\/infotorrent.es\/ca\/wp-json\/wp\/v2\/posts\/77522\/revisions\/77525"}],"wp:featuredmedia":[{"embeddable":true,"href":"https:\/\/infotorrent.es\/ca\/wp-json\/wp\/v2\/media\/77526"}],"wp:attachment":[{"href":"https:\/\/infotorrent.es\/ca\/wp-json\/wp\/v2\/media?parent=77522"}],"wp:term":[{"taxonomy":"category","embeddable":true,"href":"https:\/\/infotorrent.es\/ca\/wp-json\/wp\/v2\/categories?post=77522"},{"taxonomy":"post_tag","embeddable":true,"href":"https:\/\/infotorrent.es\/ca\/wp-json\/wp\/v2\/tags?post=77522"}],"curies":[{"name":"wp","href":"https:\/\/api.w.org\/{rel}","templated":true}]}}