{"id":77378,"date":"2025-02-10T10:51:46","date_gmt":"2025-02-10T09:51:46","guid":{"rendered":"https:\/\/infotorrent.es\/?p=77378"},"modified":"2025-02-10T10:51:49","modified_gmt":"2025-02-10T09:51:49","slug":"torrent-ret-homenatge-a-la-seua-fallera-major-alicia-moreno-jimenez","status":"publish","type":"post","link":"https:\/\/infotorrent.es\/ca\/fallas-ca\/torrent-ret-homenatge-a-la-seua-fallera-major-alicia-moreno-jimenez\/","title":{"rendered":"Torrent ret homenatge a la seua Fallera Major, Alicia Moreno Jim\u00e9nez"},"content":{"rendered":"\n<p>La ciutat de Torrent ha celebrat l&#8217;homenatge a la seua Fallera Major, Alicia Moreno Jim\u00e9nez, i la seua Cort d&#8217;Honor, integrada per Rebeca, Ana, Sara, Eva, Aida i Tamara. Este esdeveniment, que t\u00e9 lloc cada any abans de la Crida, va servir per a rendir tribut a les m\u00e0ximes representants de les festes josefinas en la localitat.<\/p>\n\n\n\n<p>La Fallera Major de Torrent, Alicia Moreno, al costat de la Fallera Major Infantil, Ana Barber\u00e1 Palop, i la Reina de les Festes de Segorbe, Paula Tortajada, van ser rebudes per l&#8217;alcaldessa de Torrent, Amparo Folgado, i el regidor de Falles, Aitor S\u00e1nchez. Durant l&#8217;acte, l&#8217;alcaldessa va donar la benvinguda a tots els assistents i va tindre un record especial per a la Fallera Major de Torrent de 2024, Mar\u00eda Peris, i la seua Cort d&#8217;Honor, els qui tamb\u00e9 van ser presents en l&#8217;homenatge.<\/p>\n\n\n\n<p>L&#8217;acte va comptar amb la pres\u00e8ncia dels representants de totes les falles de la ciutat, aix\u00ed com la Musa de la M\u00fasica, Luc\u00eda Mora, el president de la UMT, Pepe Plaza, la Reina de l\u00b4 Encontre, Luc\u00eda Mora, i el president de la JCHHSS, Jos\u00e9 Vicente Yago. Tamb\u00e9 van assistir el president de la FMCT, Xavi Santamar\u00eda, i els c\u00e0rrecs festers Merce Mora, Christian Triguero, Julio Palop i Pau Bermell, qui van acompanyar a Alicia Moreno en representaci\u00f3 de les principals festivitats de la ciutat.<\/p>\n\n\n\n<p>En el seu discurs, l&#8217;alcaldessa Amparo Folgado va destacar la proximitat de les Falles 2025, assenyalant que a penes queden tres setmanes per a l&#8217;inici de la gran celebraci\u00f3. A m\u00e9s, va expressar els seus millors desitjos a tots els fallers perqu\u00e8 disfruten d&#8217;unes festes memorables. A m\u00e9s, Alicia Moreno va brindar al costat de la seua Cort d&#8217;Honor per unes bones falles 2025.<\/p>\n\n\n\n<p>L&#8217;homenatge a la Fallera Major Infantil es dur\u00e0 a terme dissabte que ve en un esdeveniment similar. Com a fermall d&#8217;or de la vetlada, despr\u00e9s del sopar es va celebrar el tradicional ball, que va posar fi a una nit de reconeixement per a la fam\u00edlia fallera de Torrent.<\/p>\n\n\n\n<figure class=\"wp-block-gallery has-nested-images columns-default is-cropped wp-block-gallery-1 is-layout-flex wp-block-gallery-is-layout-flex\">\n<figure class=\"wp-block-image size-large\"><img fetchpriority=\"high\" decoding=\"async\" width=\"1024\" height=\"682\" data-id=\"77375\" src=\"https:\/\/infotorrent.es\/wp-content\/uploads\/2025\/02\/WhatsApp-Image-2025-02-10-at-10.38.42-1024x682.jpeg\" alt=\"\" class=\"wp-image-77375\" srcset=\"https:\/\/infotorrent.es\/wp-content\/uploads\/2025\/02\/WhatsApp-Image-2025-02-10-at-10.38.42-1024x682.jpeg 1024w, https:\/\/infotorrent.es\/wp-content\/uploads\/2025\/02\/WhatsApp-Image-2025-02-10-at-10.38.42-300x200.jpeg 300w, https:\/\/infotorrent.es\/wp-content\/uploads\/2025\/02\/WhatsApp-Image-2025-02-10-at-10.38.42-768x512.jpeg 768w, https:\/\/infotorrent.es\/wp-content\/uploads\/2025\/02\/WhatsApp-Image-2025-02-10-at-10.38.42-1536x1023.jpeg 1536w, https:\/\/infotorrent.es\/wp-content\/uploads\/2025\/02\/WhatsApp-Image-2025-02-10-at-10.38.42.jpeg 1600w\" sizes=\"(max-width: 1024px) 100vw, 1024px\" \/><\/figure>\n\n\n\n<figure class=\"wp-block-image size-large\"><img decoding=\"async\" width=\"1024\" height=\"682\" data-id=\"77373\" src=\"https:\/\/infotorrent.es\/wp-content\/uploads\/2025\/02\/WhatsApp-Image-2025-02-10-at-10.38.27-1024x682.jpeg\" alt=\"\" class=\"wp-image-77373\" srcset=\"https:\/\/infotorrent.es\/wp-content\/uploads\/2025\/02\/WhatsApp-Image-2025-02-10-at-10.38.27-1024x682.jpeg 1024w, https:\/\/infotorrent.es\/wp-content\/uploads\/2025\/02\/WhatsApp-Image-2025-02-10-at-10.38.27-300x200.jpeg 300w, https:\/\/infotorrent.es\/wp-content\/uploads\/2025\/02\/WhatsApp-Image-2025-02-10-at-10.38.27-768x512.jpeg 768w, https:\/\/infotorrent.es\/wp-content\/uploads\/2025\/02\/WhatsApp-Image-2025-02-10-at-10.38.27-1536x1023.jpeg 1536w, https:\/\/infotorrent.es\/wp-content\/uploads\/2025\/02\/WhatsApp-Image-2025-02-10-at-10.38.27.jpeg 1600w\" sizes=\"(max-width: 1024px) 100vw, 1024px\" \/><\/figure>\n\n\n\n<figure class=\"wp-block-image size-large\"><img decoding=\"async\" width=\"1024\" height=\"682\" data-id=\"77372\" src=\"https:\/\/infotorrent.es\/wp-content\/uploads\/2025\/02\/WhatsApp-Image-2025-02-10-at-10.38.14-1024x682.jpeg\" alt=\"\" class=\"wp-image-77372\" srcset=\"https:\/\/infotorrent.es\/wp-content\/uploads\/2025\/02\/WhatsApp-Image-2025-02-10-at-10.38.14-1024x682.jpeg 1024w, https:\/\/infotorrent.es\/wp-content\/uploads\/2025\/02\/WhatsApp-Image-2025-02-10-at-10.38.14-300x200.jpeg 300w, https:\/\/infotorrent.es\/wp-content\/uploads\/2025\/02\/WhatsApp-Image-2025-02-10-at-10.38.14-768x512.jpeg 768w, https:\/\/infotorrent.es\/wp-content\/uploads\/2025\/02\/WhatsApp-Image-2025-02-10-at-10.38.14-1536x1023.jpeg 1536w, https:\/\/infotorrent.es\/wp-content\/uploads\/2025\/02\/WhatsApp-Image-2025-02-10-at-10.38.14.jpeg 1600w\" sizes=\"(max-width: 1024px) 100vw, 1024px\" \/><\/figure>\n\n\n\n<figure class=\"wp-block-image size-large\"><img loading=\"lazy\" decoding=\"async\" width=\"1024\" height=\"682\" data-id=\"77369\" src=\"https:\/\/infotorrent.es\/wp-content\/uploads\/2025\/02\/WhatsApp-Image-2025-02-10-at-10.38.03-1024x682.jpeg\" alt=\"\" class=\"wp-image-77369\" srcset=\"https:\/\/infotorrent.es\/wp-content\/uploads\/2025\/02\/WhatsApp-Image-2025-02-10-at-10.38.03-1024x682.jpeg 1024w, https:\/\/infotorrent.es\/wp-content\/uploads\/2025\/02\/WhatsApp-Image-2025-02-10-at-10.38.03-300x200.jpeg 300w, https:\/\/infotorrent.es\/wp-content\/uploads\/2025\/02\/WhatsApp-Image-2025-02-10-at-10.38.03-768x512.jpeg 768w, https:\/\/infotorrent.es\/wp-content\/uploads\/2025\/02\/WhatsApp-Image-2025-02-10-at-10.38.03-1536x1023.jpeg 1536w, https:\/\/infotorrent.es\/wp-content\/uploads\/2025\/02\/WhatsApp-Image-2025-02-10-at-10.38.03.jpeg 1600w\" sizes=\"(max-width: 1024px) 100vw, 1024px\" \/><\/figure>\n<\/figure>\n","protected":false},"excerpt":{"rendered":"<p>La ciutat de Torrent ha celebrat l&#8217;homenatge a la seua Fallera Major, Alicia Moreno Jim\u00e9nez, i la seua Cort d&#8217;Honor, integrada per Rebeca, Ana, Sara, Eva, Aida i Tamara. Este esdeveniment, que t\u00e9 lloc cada any abans de la Crida, va servir per a rendir tribut a les m\u00e0ximes representants de les festes josefinas en [&hellip;]<\/p>\n","protected":false},"author":15,"featured_media":77375,"comment_status":"open","ping_status":"open","sticky":false,"template":"","format":"standard","meta":{"_acf_changed":false,"footnotes":""},"categories":[1171,1132],"tags":[],"class_list":["post-77378","post","type-post","status-publish","format-standard","has-post-thumbnail","hentry","category-fallas-ca","category-cultura-ca"],"acf":[],"_links":{"self":[{"href":"https:\/\/infotorrent.es\/ca\/wp-json\/wp\/v2\/posts\/77378","targetHints":{"allow":["GET"]}}],"collection":[{"href":"https:\/\/infotorrent.es\/ca\/wp-json\/wp\/v2\/posts"}],"about":[{"href":"https:\/\/infotorrent.es\/ca\/wp-json\/wp\/v2\/types\/post"}],"author":[{"embeddable":true,"href":"https:\/\/infotorrent.es\/ca\/wp-json\/wp\/v2\/users\/15"}],"replies":[{"embeddable":true,"href":"https:\/\/infotorrent.es\/ca\/wp-json\/wp\/v2\/comments?post=77378"}],"version-history":[{"count":1,"href":"https:\/\/infotorrent.es\/ca\/wp-json\/wp\/v2\/posts\/77378\/revisions"}],"predecessor-version":[{"id":77380,"href":"https:\/\/infotorrent.es\/ca\/wp-json\/wp\/v2\/posts\/77378\/revisions\/77380"}],"wp:featuredmedia":[{"embeddable":true,"href":"https:\/\/infotorrent.es\/ca\/wp-json\/wp\/v2\/media\/77375"}],"wp:attachment":[{"href":"https:\/\/infotorrent.es\/ca\/wp-json\/wp\/v2\/media?parent=77378"}],"wp:term":[{"taxonomy":"category","embeddable":true,"href":"https:\/\/infotorrent.es\/ca\/wp-json\/wp\/v2\/categories?post=77378"},{"taxonomy":"post_tag","embeddable":true,"href":"https:\/\/infotorrent.es\/ca\/wp-json\/wp\/v2\/tags?post=77378"}],"curies":[{"name":"wp","href":"https:\/\/api.w.org\/{rel}","templated":true}]}}