{"id":76824,"date":"2025-01-31T09:18:48","date_gmt":"2025-01-31T08:18:48","guid":{"rendered":"https:\/\/infotorrent.es\/uncategorized\/la-historia-de-la-avenida-al-vedat-en-imagenes-comienzan-los-actos-de-celebracion-de-su-centenario\/"},"modified":"2025-01-31T09:27:20","modified_gmt":"2025-01-31T08:27:20","slug":"la-historia-de-la-avenida-al-vedat-en-imagenes-comienzan-los-actos-de-celebracion-de-su-centenario","status":"publish","type":"post","link":"https:\/\/infotorrent.es\/ca\/cultura-es-2\/la-historia-de-la-avenida-al-vedat-en-imagenes-comienzan-los-actos-de-celebracion-de-su-centenario\/","title":{"rendered":"La hist\u00f2ria de l&#8217;Avinguda al Vedat, en imatges: comencen els actes de\u00a0celebraci\u00f3 del seu centenari"},"content":{"rendered":"\n<p><strong>100 anys de records en l&#8217;Avinguda al Vedat,\u00a0Torrent inaugura una exposici\u00f3 commemorativa\u00a0a la sala EMAT<\/strong><\/p>\n\n\n\n<p>Torrent ha donat inici als actes commemoratius del centenari de l&#8217;Avinguda al Vedat amb la inauguraci\u00f3 d&#8217;una exposici\u00f3 en l&#8217;Espai Metropolit\u00e0 d&#8217;Art Torrent (EMAT), titulada&nbsp;&#8216;L&#8217;Avinguda: Cam\u00ed del centenari&#8217;. La mostra que est\u00e0 comissariada per l&#8217;investigador local Jorge S\u00e1nchez Ant\u00fanez, recorre la hist\u00f2ria d&#8217;esta via principal de la ciutat, inaugurada el 29 de setembre de 1929, i el seu impacte en el desenrotllament urban\u00edstic i social de Torrent.<\/p>\n\n\n\n<p>El motiu de comen\u00e7ar la celebraci\u00f3 del centenari en 2025, ajornada per la DANA, radica en el fet que el 20 d&#8217;agost de 1924 el Ple de l&#8217;Ajuntament va aprovar l&#8217;obertura d&#8217;una Gran Via cap al Vedat. Esta obra es va iniciar amb l&#8217;enderrocament de dos cases en la Pla\u00e7a de la Palla, antigament coneguda com Pla\u00e7a dels Tramvies i actualment Plaza del Bisbe Benlloch. En l&#8217;exposici\u00f3 s&#8217;exhibix l&#8217;acta d&#8217;este Ple, en la qual s&#8217;especifica: \u201c\u2026que es procedisca amb urg\u00e8ncia a la formaci\u00f3 de pla i pressupost per a la construcci\u00f3 de pous per al prove\u00efment d&#8217;aig\u00fces i d&#8217;una gran avinguda que comunique esta vila amb la muntanya sol\u00b7licitant el concurs dels propietaris a qui beneficie la reforma\u201d.<\/p>\n\n\n\n<p>L&#8217;exposici\u00f3 compta amb un important fons documental de l&#8217;Arxiu Municipal, aix\u00ed com fotografies cedides per ve\u00efns de Torrent, els qui durant el passat estiu van aportar les seues imatges a la Casa de la Cultura per a la mostra. A m\u00e9s, els visitants poden disfrutar d&#8217;un v\u00eddeo de la Filmoteca de l&#8217;Institut Valenci\u00e0 de Cultura que arreplega escenes quotidianes de l&#8217;Avinguda al Vedat en els seus primers anys, en blanc i negre.<\/p>\n\n\n\n<p>La mostra oferix un recorregut visual per l&#8217;evoluci\u00f3 de l&#8217;Avinguda al Vedat des de 1929 fins a l&#8217;actualitat, amb fotografies familiars tant en blanc i negre com en color. Estes imatges reflectixen moments significatius de la vida local, com a passejos, berenars en el Vedat, fires, bodes a l&#8217;esgl\u00e9sia de San Jos\u00e9, ofrenes, cavalcades, carreres ciclistes i manifestacions. Tamb\u00e9 s&#8217;aprecia l&#8217;evoluci\u00f3 del seu mobiliari urb\u00e0, arbratge, cinemes i comer\u00e7os.<\/p>\n\n\n\n<p>Al llarg de quasi un segle, l&#8217;Avinguda ha canviat de nom en diverses ocasions: Avinguda d&#8217;Alfons XIII (1929-1931), Avinguda de la Rep\u00fablica (1931-1939), Avinguda dels M\u00e0rtirs (1939-1979), Avinguda del Pa\u00eds Valenci\u00e0 (1979-2009) i, des de 2009, va recuperar el nom original amb la qual va ser concebuda, Avinguda al Vedat.<\/p>\n\n\n\n<p>L&#8217;exposici\u00f3 podr\u00e0 visitar-se en l&#8217;EMAT fins al 22 de mar\u00e7, amb horari de dilluns a divendres de 17.00 a 20.30 hores i els dissabtes de 10.00 a 14.00 hores.<\/p>\n\n\n\n<p>En la inauguraci\u00f3 de l&#8217;esdeveniment, a la qual ha assistit gran part de la societat torrentina, l&#8217;alcaldessa de Torrent, Amparo Folgado, ha destacat que<strong> &#8220;esta exposici\u00f3 ens permet recordar el passat de la nostra ciutat i recon\u00e9ixer el valor de l&#8217;Avinguda al Vedat com a eix vertebrador de la vida social i comercial de Torrent. \u00c9s un homenatge a totes les generacions que han fet d&#8217;esta via un s\u00edmbol de la nostra identitat com a Gran Ciutat&#8221;.\u00a0<\/strong><\/p>\n\n\n\n<p>Folgado tamb\u00e9 ha subratllat la import\u00e0ncia de preservar els records de Torrent i ha agra\u00eft la col\u00b7laboraci\u00f3 dels ve\u00efns en la cessi\u00f3 de fotografies i documents.<\/p>\n\n\n\n<p>Per part seua, el regidor de Cultura, Falles i Turisme, Aitor S\u00e1nchez, ha subratllat que <strong>&#8220;esta mostra no sols ens permet con\u00e9ixer l&#8217;evoluci\u00f3 de l&#8217;avinguda, sin\u00f3 tamb\u00e9 reviure moments que formen part de la mem\u00f2ria col\u00b7lectiva de Torrent. Convidem a tots els ve\u00efns a visitar-la i descobrir la hist\u00f2ria que ens unix&#8221;.<\/strong>\u00a0S\u00e1nchez tamb\u00e9 va anunciar que al llarg dels pr\u00f2xims anys es desenrotllaran diverses activitats culturals, confer\u00e8ncies i taules redones per a aprofundir en la hist\u00f2ria de l&#8217;Avinguda al Vedat i la seua transformaci\u00f3 al llarg del temps.<\/p>\n\n\n\n<p>L&#8217;Avinguda al Vedat ha sigut, durant quasi un segle, testimoni i part\u00edcip del creixement de Torrent. El seu paper com a centre neur\u00e0lgic de la ciutat la convertix en un s\u00edmbol indiscutible de la hist\u00f2ria i la identitat de la capital de l&#8217;Horta Sud. Esta exposici\u00f3 marca l&#8217;inici d&#8217;uns anys replets d&#8217;actes commemoratius que retran homenatge a una de les art\u00e8ries m\u00e9s emblem\u00e0tiques de la ciutat.<\/p>\n\n\n\n<figure class=\"wp-block-gallery has-nested-images columns-default is-cropped wp-block-gallery-1 is-layout-flex wp-block-gallery-is-layout-flex\">\n<figure class=\"wp-block-image size-large\"><img fetchpriority=\"high\" decoding=\"async\" width=\"1024\" height=\"683\" data-id=\"76808\" src=\"https:\/\/infotorrent.es\/wp-content\/uploads\/2025\/01\/WhatsApp-Image-2025-01-30-at-22.00.19-1024x683.jpeg\" alt=\"\" class=\"wp-image-76808\" srcset=\"https:\/\/infotorrent.es\/wp-content\/uploads\/2025\/01\/WhatsApp-Image-2025-01-30-at-22.00.19-1024x683.jpeg 1024w, https:\/\/infotorrent.es\/wp-content\/uploads\/2025\/01\/WhatsApp-Image-2025-01-30-at-22.00.19-300x200.jpeg 300w, https:\/\/infotorrent.es\/wp-content\/uploads\/2025\/01\/WhatsApp-Image-2025-01-30-at-22.00.19-768x512.jpeg 768w, https:\/\/infotorrent.es\/wp-content\/uploads\/2025\/01\/WhatsApp-Image-2025-01-30-at-22.00.19-1536x1024.jpeg 1536w, https:\/\/infotorrent.es\/wp-content\/uploads\/2025\/01\/WhatsApp-Image-2025-01-30-at-22.00.19.jpeg 1740w\" sizes=\"(max-width: 1024px) 100vw, 1024px\" \/><\/figure>\n\n\n\n<figure class=\"wp-block-image size-large\"><img decoding=\"async\" width=\"1024\" height=\"683\" data-id=\"76806\" src=\"https:\/\/infotorrent.es\/wp-content\/uploads\/2025\/01\/WhatsApp-Image-2025-01-30-at-22.00.181-1024x683.jpeg\" alt=\"\" class=\"wp-image-76806\" srcset=\"https:\/\/infotorrent.es\/wp-content\/uploads\/2025\/01\/WhatsApp-Image-2025-01-30-at-22.00.181-1024x683.jpeg 1024w, https:\/\/infotorrent.es\/wp-content\/uploads\/2025\/01\/WhatsApp-Image-2025-01-30-at-22.00.181-300x200.jpeg 300w, https:\/\/infotorrent.es\/wp-content\/uploads\/2025\/01\/WhatsApp-Image-2025-01-30-at-22.00.181-768x512.jpeg 768w, https:\/\/infotorrent.es\/wp-content\/uploads\/2025\/01\/WhatsApp-Image-2025-01-30-at-22.00.181-1536x1024.jpeg 1536w, https:\/\/infotorrent.es\/wp-content\/uploads\/2025\/01\/WhatsApp-Image-2025-01-30-at-22.00.181.jpeg 1740w\" sizes=\"(max-width: 1024px) 100vw, 1024px\" \/><\/figure>\n\n\n\n<figure class=\"wp-block-image size-large\"><img decoding=\"async\" width=\"1024\" height=\"683\" data-id=\"76802\" src=\"https:\/\/infotorrent.es\/wp-content\/uploads\/2025\/01\/WhatsApp-Image-2025-01-30-at-22.00.171-1024x683.jpeg\" alt=\"\" class=\"wp-image-76802\" srcset=\"https:\/\/infotorrent.es\/wp-content\/uploads\/2025\/01\/WhatsApp-Image-2025-01-30-at-22.00.171-1024x683.jpeg 1024w, https:\/\/infotorrent.es\/wp-content\/uploads\/2025\/01\/WhatsApp-Image-2025-01-30-at-22.00.171-300x200.jpeg 300w, https:\/\/infotorrent.es\/wp-content\/uploads\/2025\/01\/WhatsApp-Image-2025-01-30-at-22.00.171-768x512.jpeg 768w, https:\/\/infotorrent.es\/wp-content\/uploads\/2025\/01\/WhatsApp-Image-2025-01-30-at-22.00.171-1536x1024.jpeg 1536w, https:\/\/infotorrent.es\/wp-content\/uploads\/2025\/01\/WhatsApp-Image-2025-01-30-at-22.00.171.jpeg 1740w\" sizes=\"(max-width: 1024px) 100vw, 1024px\" \/><\/figure>\n\n\n\n<figure class=\"wp-block-image size-large\"><img loading=\"lazy\" decoding=\"async\" width=\"1024\" height=\"683\" data-id=\"76818\" src=\"https:\/\/infotorrent.es\/wp-content\/uploads\/2025\/01\/WhatsApp-Image-2025-01-30-at-22.00.18-1024x683.jpeg\" alt=\"\" class=\"wp-image-76818\" srcset=\"https:\/\/infotorrent.es\/wp-content\/uploads\/2025\/01\/WhatsApp-Image-2025-01-30-at-22.00.18-1024x683.jpeg 1024w, https:\/\/infotorrent.es\/wp-content\/uploads\/2025\/01\/WhatsApp-Image-2025-01-30-at-22.00.18-300x200.jpeg 300w, https:\/\/infotorrent.es\/wp-content\/uploads\/2025\/01\/WhatsApp-Image-2025-01-30-at-22.00.18-768x512.jpeg 768w, https:\/\/infotorrent.es\/wp-content\/uploads\/2025\/01\/WhatsApp-Image-2025-01-30-at-22.00.18-1536x1024.jpeg 1536w, https:\/\/infotorrent.es\/wp-content\/uploads\/2025\/01\/WhatsApp-Image-2025-01-30-at-22.00.18.jpeg 1740w\" sizes=\"(max-width: 1024px) 100vw, 1024px\" \/><\/figure>\n\n\n\n<figure class=\"wp-block-image size-large\"><img loading=\"lazy\" decoding=\"async\" width=\"1024\" height=\"683\" data-id=\"76814\" src=\"https:\/\/infotorrent.es\/wp-content\/uploads\/2025\/01\/WhatsApp-Image-2025-01-30-at-22.00.17-1024x683.jpeg\" alt=\"\" class=\"wp-image-76814\" srcset=\"https:\/\/infotorrent.es\/wp-content\/uploads\/2025\/01\/WhatsApp-Image-2025-01-30-at-22.00.17-1024x683.jpeg 1024w, https:\/\/infotorrent.es\/wp-content\/uploads\/2025\/01\/WhatsApp-Image-2025-01-30-at-22.00.17-300x200.jpeg 300w, https:\/\/infotorrent.es\/wp-content\/uploads\/2025\/01\/WhatsApp-Image-2025-01-30-at-22.00.17-768x512.jpeg 768w, https:\/\/infotorrent.es\/wp-content\/uploads\/2025\/01\/WhatsApp-Image-2025-01-30-at-22.00.17-1536x1024.jpeg 1536w, https:\/\/infotorrent.es\/wp-content\/uploads\/2025\/01\/WhatsApp-Image-2025-01-30-at-22.00.17.jpeg 1740w\" sizes=\"(max-width: 1024px) 100vw, 1024px\" \/><\/figure>\n\n\n\n<figure class=\"wp-block-image size-large\"><img loading=\"lazy\" decoding=\"async\" width=\"1024\" height=\"683\" data-id=\"76804\" src=\"https:\/\/infotorrent.es\/wp-content\/uploads\/2025\/01\/WhatsApp-Image-2025-01-30-at-22.00.15-1024x683.jpeg\" alt=\"\" class=\"wp-image-76804\" srcset=\"https:\/\/infotorrent.es\/wp-content\/uploads\/2025\/01\/WhatsApp-Image-2025-01-30-at-22.00.15-1024x683.jpeg 1024w, https:\/\/infotorrent.es\/wp-content\/uploads\/2025\/01\/WhatsApp-Image-2025-01-30-at-22.00.15-300x200.jpeg 300w, https:\/\/infotorrent.es\/wp-content\/uploads\/2025\/01\/WhatsApp-Image-2025-01-30-at-22.00.15-768x512.jpeg 768w, https:\/\/infotorrent.es\/wp-content\/uploads\/2025\/01\/WhatsApp-Image-2025-01-30-at-22.00.15-1536x1024.jpeg 1536w, https:\/\/infotorrent.es\/wp-content\/uploads\/2025\/01\/WhatsApp-Image-2025-01-30-at-22.00.15.jpeg 1740w\" sizes=\"(max-width: 1024px) 100vw, 1024px\" \/><\/figure>\n\n\n\n<figure class=\"wp-block-image size-large\"><img loading=\"lazy\" decoding=\"async\" width=\"1024\" height=\"683\" data-id=\"76816\" src=\"https:\/\/infotorrent.es\/wp-content\/uploads\/2025\/01\/WhatsApp-Image-2025-01-30-at-22.00.16-1024x683.jpeg\" alt=\"\" class=\"wp-image-76816\" srcset=\"https:\/\/infotorrent.es\/wp-content\/uploads\/2025\/01\/WhatsApp-Image-2025-01-30-at-22.00.16-1024x683.jpeg 1024w, https:\/\/infotorrent.es\/wp-content\/uploads\/2025\/01\/WhatsApp-Image-2025-01-30-at-22.00.16-300x200.jpeg 300w, https:\/\/infotorrent.es\/wp-content\/uploads\/2025\/01\/WhatsApp-Image-2025-01-30-at-22.00.16-768x512.jpeg 768w, https:\/\/infotorrent.es\/wp-content\/uploads\/2025\/01\/WhatsApp-Image-2025-01-30-at-22.00.16-1536x1024.jpeg 1536w, https:\/\/infotorrent.es\/wp-content\/uploads\/2025\/01\/WhatsApp-Image-2025-01-30-at-22.00.16.jpeg 1740w\" sizes=\"(max-width: 1024px) 100vw, 1024px\" \/><\/figure>\n\n\n\n<figure class=\"wp-block-image size-large\"><img loading=\"lazy\" decoding=\"async\" width=\"1024\" height=\"683\" data-id=\"76812\" src=\"https:\/\/infotorrent.es\/wp-content\/uploads\/2025\/01\/WhatsApp-Image-2025-01-30-at-22.00.162-1024x683.jpeg\" alt=\"\" class=\"wp-image-76812\" srcset=\"https:\/\/infotorrent.es\/wp-content\/uploads\/2025\/01\/WhatsApp-Image-2025-01-30-at-22.00.162-1024x683.jpeg 1024w, https:\/\/infotorrent.es\/wp-content\/uploads\/2025\/01\/WhatsApp-Image-2025-01-30-at-22.00.162-300x200.jpeg 300w, https:\/\/infotorrent.es\/wp-content\/uploads\/2025\/01\/WhatsApp-Image-2025-01-30-at-22.00.162-768x512.jpeg 768w, https:\/\/infotorrent.es\/wp-content\/uploads\/2025\/01\/WhatsApp-Image-2025-01-30-at-22.00.162-1536x1024.jpeg 1536w, https:\/\/infotorrent.es\/wp-content\/uploads\/2025\/01\/WhatsApp-Image-2025-01-30-at-22.00.162.jpeg 1740w\" sizes=\"(max-width: 1024px) 100vw, 1024px\" \/><\/figure>\n\n\n\n<figure class=\"wp-block-image size-large\"><img loading=\"lazy\" decoding=\"async\" width=\"1024\" height=\"683\" data-id=\"76810\" src=\"https:\/\/infotorrent.es\/wp-content\/uploads\/2025\/01\/WhatsApp-Image-2025-01-30-at-22.00.161-1024x683.jpeg\" alt=\"\" class=\"wp-image-76810\" srcset=\"https:\/\/infotorrent.es\/wp-content\/uploads\/2025\/01\/WhatsApp-Image-2025-01-30-at-22.00.161-1024x683.jpeg 1024w, https:\/\/infotorrent.es\/wp-content\/uploads\/2025\/01\/WhatsApp-Image-2025-01-30-at-22.00.161-300x200.jpeg 300w, https:\/\/infotorrent.es\/wp-content\/uploads\/2025\/01\/WhatsApp-Image-2025-01-30-at-22.00.161-768x512.jpeg 768w, https:\/\/infotorrent.es\/wp-content\/uploads\/2025\/01\/WhatsApp-Image-2025-01-30-at-22.00.161-1536x1024.jpeg 1536w, https:\/\/infotorrent.es\/wp-content\/uploads\/2025\/01\/WhatsApp-Image-2025-01-30-at-22.00.161.jpeg 1740w\" sizes=\"(max-width: 1024px) 100vw, 1024px\" \/><\/figure>\n<\/figure>\n","protected":false},"excerpt":{"rendered":"<p>100 anys de records en l&#8217;Avinguda al Vedat,\u00a0Torrent inaugura una exposici\u00f3 commemorativa\u00a0a la sala EMAT Torrent ha donat inici als actes commemoratius del centenari de l&#8217;Avinguda al Vedat amb la inauguraci\u00f3 d&#8217;una exposici\u00f3 en l&#8217;Espai Metropolit\u00e0 d&#8217;Art Torrent (EMAT), titulada&nbsp;&#8216;L&#8217;Avinguda: Cam\u00ed del centenari&#8217;. La mostra que est\u00e0 comissariada per l&#8217;investigador local Jorge S\u00e1nchez Ant\u00fanez, recorre [&hellip;]<\/p>\n","protected":false},"author":15,"featured_media":76827,"comment_status":"open","ping_status":"open","sticky":false,"template":"","format":"standard","meta":{"_acf_changed":false,"footnotes":""},"categories":[126],"tags":[],"class_list":["post-76824","post","type-post","status-publish","format-standard","has-post-thumbnail","hentry","category-cultura-es-2"],"acf":[],"_links":{"self":[{"href":"https:\/\/infotorrent.es\/ca\/wp-json\/wp\/v2\/posts\/76824","targetHints":{"allow":["GET"]}}],"collection":[{"href":"https:\/\/infotorrent.es\/ca\/wp-json\/wp\/v2\/posts"}],"about":[{"href":"https:\/\/infotorrent.es\/ca\/wp-json\/wp\/v2\/types\/post"}],"author":[{"embeddable":true,"href":"https:\/\/infotorrent.es\/ca\/wp-json\/wp\/v2\/users\/15"}],"replies":[{"embeddable":true,"href":"https:\/\/infotorrent.es\/ca\/wp-json\/wp\/v2\/comments?post=76824"}],"version-history":[{"count":1,"href":"https:\/\/infotorrent.es\/ca\/wp-json\/wp\/v2\/posts\/76824\/revisions"}],"predecessor-version":[{"id":76826,"href":"https:\/\/infotorrent.es\/ca\/wp-json\/wp\/v2\/posts\/76824\/revisions\/76826"}],"wp:featuredmedia":[{"embeddable":true,"href":"https:\/\/infotorrent.es\/ca\/wp-json\/wp\/v2\/media\/76827"}],"wp:attachment":[{"href":"https:\/\/infotorrent.es\/ca\/wp-json\/wp\/v2\/media?parent=76824"}],"wp:term":[{"taxonomy":"category","embeddable":true,"href":"https:\/\/infotorrent.es\/ca\/wp-json\/wp\/v2\/categories?post=76824"},{"taxonomy":"post_tag","embeddable":true,"href":"https:\/\/infotorrent.es\/ca\/wp-json\/wp\/v2\/tags?post=76824"}],"curies":[{"name":"wp","href":"https:\/\/api.w.org\/{rel}","templated":true}]}}