{"id":76691,"date":"2025-01-29T09:16:19","date_gmt":"2025-01-29T08:16:19","guid":{"rendered":"https:\/\/infotorrent.es\/uncategorized\/nuestro-cole-nuestro-mundo-un-mural-colorista-en-el-ceip-les-terretes\/"},"modified":"2025-01-29T09:25:09","modified_gmt":"2025-01-29T08:25:09","slug":"nuestro-cole-nuestro-mundo-un-mural-colorista-en-el-ceip-les-terretes","status":"publish","type":"post","link":"https:\/\/infotorrent.es\/ca\/juventud-ca\/nuestro-cole-nuestro-mundo-un-mural-colorista-en-el-ceip-les-terretes\/","title":{"rendered":"\u201cEl nostre col\u00b7le, el nostre m\u00f3n\u201d, un mural colorista en el CEIP Els Terretes"},"content":{"rendered":"\n<p><strong>Art i educaci\u00f3 es donen la m\u00e0 en el mural de Jos\u00e9 Antonio Carcavilla, un dels tres guanyadors de la 10a edici\u00f3 de \u2018La Paret Pintada\u2019 que organitza el CIJ Torrent<\/strong><\/p>\n\n\n\n<p>Els carrers de Torrent s&#8217;enriquixen amb un nou mural, obra de l&#8217;il\u00b7lustrador Jose Antonio Carcavilla Fern\u00e1ndez. Titulat \u201cEl nostre col\u00b7le, el nostre m\u00f3n\u201d, este mural ja adorna la tanca del CEIP Els Terretes al carrer Constituci\u00f3. La pintura reflexa, amb imaginaci\u00f3 i alegria, algunes de les activitats que realitza l&#8217;alumnat del col\u00b7legi, permetent que xiquets i xiquetes s&#8217;identifiquen amb les acolorides il\u00b7lustracions.<\/p>\n\n\n\n<p>Despr\u00e9s de diversos anys com a Director d&#8217;Art en ag\u00e8ncies de publicitat a Xile i Espanya, Jose Antonio Carcavilla va decidir emprendre un cam\u00ed independent. Com a il\u00b7lustrador, ha canalitzat la seua creativitat de manera apassionada i lliure, explorant l&#8217;art en la seua forma m\u00e9s pura. \u201cDes que tinc mem\u00f2ria, m&#8217;agrada dibuixar\u201d, afirma l&#8217;artista. Autodidacta i apassionat, el seu amor per la il\u00b7lustraci\u00f3 l&#8217;ha portat a un constant viatge d&#8217;aprenentatge i experimentaci\u00f3.<\/p>\n\n\n\n<p>La seua traject\u00f2ria inclou exposicions en diverses galeries, col\u00b7laboracions amb editorials, projectes audiovisuals i dissenys destacats. En la seua obra, Carcavilla combina una paleta vibrant de colors amb criatures fant\u00e0stiques i escenes plenes d&#8217;humor, creant un univers on la imaginaci\u00f3 no t\u00e9 l\u00edmits.<\/p>\n\n\n\n<p>La regidor de Joventut, Mar\u00eda Fern\u00e1ndez, va visitar a l&#8217;artista mentres treballava en la paret del centre escolar.&nbsp;\u201cEste mural no sols embellix la nostra ciutat, sin\u00f3 que tamb\u00e9 fomenta la connexi\u00f3 entre l&#8217;art i l&#8217;educaci\u00f3, inspirant a les noves generacions a somiar i crear\u201d,&nbsp;destaca Fern\u00e1ndez.&nbsp;A m\u00e9s, la regidor afig que&nbsp;\u201c\u00c9s un orgull veure com artistes com Jos\u00e9 Antonio Carcavilla plasmen el seu talent a Torrent, deixant un llegat que perdurar\u00e0 en el temps. Este mural \u00e9s un exemple perfecte de com l&#8217;art urb\u00e0 pot destacar valors tan importants com la creativitat i la inclusi\u00f3\u201d.<\/p>\n\n\n\n<p>Este mural \u00e9s el segon dels tres seleccionats en la desena edici\u00f3&nbsp;de \u2018La Paret Pintada\u2019, una iniciativa organitzada pel Centre d&#8217;Informaci\u00f3 Juvenil (CIJ Torrent). D&#8217;un total de 31 propostes presentades, van ser triades tres obres per a transformar els carrers de Torrent en un llen\u00e7 viu.<\/p>\n\n\n\n<p>El primer mural d&#8217;esta edici\u00f3,\u00a0\u2018De Passeig\u2019, creat pel navarr\u00e9s\u00a0Eneko Azpiroz, ja llu\u00efx en la fa\u00e7ana de l&#8217;antiga Sala Bony, al carrer Zaragoza. Ara, els torrentinos i torrentinas poden disfrutar de l&#8217;obra colorista\u00a0\u2018El nostre col\u00b7le, el nostre m\u00f3n\u2019\u00a0de Jose Antonio Carcavilla. Pr\u00f2ximament, ser\u00e0 el torn de l&#8217;artista\u00a0\u00c1ngela Roc\u00edo Manchola Mu\u00f1oz, l&#8217;obra\u00a0\u2018Reflexos de la qual\u2019\u00a0completar\u00e0 esta transformaci\u00f3 art\u00edstica als carrers de Torrent, despr\u00e9s de la desena edici\u00f3 de \u2018La Paret Pintada\u2019.<\/p>\n\n\n\n<p>Amb iniciatives com esta, Torrent reafirma el seu comprom\u00eds amb l&#8217;art urb\u00e0 i la promoci\u00f3 de la cultura, creant espais que inspiren a ve\u00efns i visitants a disfrutar d&#8217;un entorn m\u00e9s viu i creatiu.<\/p>\n\n\n\n<figure class=\"wp-block-gallery has-nested-images columns-default is-cropped wp-block-gallery-1 is-layout-flex wp-block-gallery-is-layout-flex\">\n<figure class=\"wp-block-image size-large\"><img fetchpriority=\"high\" decoding=\"async\" width=\"1024\" height=\"682\" data-id=\"76681\" src=\"https:\/\/infotorrent.es\/wp-content\/uploads\/2025\/01\/WhatsApp-Image-2025-01-28-at-10.07.26-1024x682.jpeg\" alt=\"\" class=\"wp-image-76681\" srcset=\"https:\/\/infotorrent.es\/wp-content\/uploads\/2025\/01\/WhatsApp-Image-2025-01-28-at-10.07.26-1024x682.jpeg 1024w, https:\/\/infotorrent.es\/wp-content\/uploads\/2025\/01\/WhatsApp-Image-2025-01-28-at-10.07.26-300x200.jpeg 300w, https:\/\/infotorrent.es\/wp-content\/uploads\/2025\/01\/WhatsApp-Image-2025-01-28-at-10.07.26-768x512.jpeg 768w, https:\/\/infotorrent.es\/wp-content\/uploads\/2025\/01\/WhatsApp-Image-2025-01-28-at-10.07.26-1536x1023.jpeg 1536w, https:\/\/infotorrent.es\/wp-content\/uploads\/2025\/01\/WhatsApp-Image-2025-01-28-at-10.07.26.jpeg 1600w\" sizes=\"(max-width: 1024px) 100vw, 1024px\" \/><\/figure>\n\n\n\n<figure class=\"wp-block-image size-large\"><img decoding=\"async\" width=\"1024\" height=\"682\" data-id=\"76679\" src=\"https:\/\/infotorrent.es\/wp-content\/uploads\/2025\/01\/WhatsApp-Image-2025-01-28-at-10.07.25-1024x682.jpeg\" alt=\"\" class=\"wp-image-76679\" srcset=\"https:\/\/infotorrent.es\/wp-content\/uploads\/2025\/01\/WhatsApp-Image-2025-01-28-at-10.07.25-1024x682.jpeg 1024w, https:\/\/infotorrent.es\/wp-content\/uploads\/2025\/01\/WhatsApp-Image-2025-01-28-at-10.07.25-300x200.jpeg 300w, https:\/\/infotorrent.es\/wp-content\/uploads\/2025\/01\/WhatsApp-Image-2025-01-28-at-10.07.25-768x512.jpeg 768w, https:\/\/infotorrent.es\/wp-content\/uploads\/2025\/01\/WhatsApp-Image-2025-01-28-at-10.07.25-1536x1023.jpeg 1536w, https:\/\/infotorrent.es\/wp-content\/uploads\/2025\/01\/WhatsApp-Image-2025-01-28-at-10.07.25.jpeg 1600w\" sizes=\"(max-width: 1024px) 100vw, 1024px\" \/><\/figure>\n\n\n\n<figure class=\"wp-block-image size-large\"><img decoding=\"async\" width=\"1024\" height=\"682\" data-id=\"76687\" src=\"https:\/\/infotorrent.es\/wp-content\/uploads\/2025\/01\/WhatsApp-Image-2025-01-28-at-10.07.253-1024x682.jpeg\" alt=\"\" class=\"wp-image-76687\" srcset=\"https:\/\/infotorrent.es\/wp-content\/uploads\/2025\/01\/WhatsApp-Image-2025-01-28-at-10.07.253-1024x682.jpeg 1024w, https:\/\/infotorrent.es\/wp-content\/uploads\/2025\/01\/WhatsApp-Image-2025-01-28-at-10.07.253-300x200.jpeg 300w, https:\/\/infotorrent.es\/wp-content\/uploads\/2025\/01\/WhatsApp-Image-2025-01-28-at-10.07.253-768x512.jpeg 768w, https:\/\/infotorrent.es\/wp-content\/uploads\/2025\/01\/WhatsApp-Image-2025-01-28-at-10.07.253-1536x1023.jpeg 1536w, https:\/\/infotorrent.es\/wp-content\/uploads\/2025\/01\/WhatsApp-Image-2025-01-28-at-10.07.253.jpeg 1600w\" sizes=\"(max-width: 1024px) 100vw, 1024px\" \/><\/figure>\n\n\n\n<figure class=\"wp-block-image size-large\"><img loading=\"lazy\" decoding=\"async\" width=\"1024\" height=\"682\" data-id=\"76685\" src=\"https:\/\/infotorrent.es\/wp-content\/uploads\/2025\/01\/WhatsApp-Image-2025-01-28-at-10.07.252-1024x682.jpeg\" alt=\"\" class=\"wp-image-76685\" srcset=\"https:\/\/infotorrent.es\/wp-content\/uploads\/2025\/01\/WhatsApp-Image-2025-01-28-at-10.07.252-1024x682.jpeg 1024w, https:\/\/infotorrent.es\/wp-content\/uploads\/2025\/01\/WhatsApp-Image-2025-01-28-at-10.07.252-300x200.jpeg 300w, https:\/\/infotorrent.es\/wp-content\/uploads\/2025\/01\/WhatsApp-Image-2025-01-28-at-10.07.252-768x512.jpeg 768w, https:\/\/infotorrent.es\/wp-content\/uploads\/2025\/01\/WhatsApp-Image-2025-01-28-at-10.07.252-1536x1023.jpeg 1536w, https:\/\/infotorrent.es\/wp-content\/uploads\/2025\/01\/WhatsApp-Image-2025-01-28-at-10.07.252.jpeg 1600w\" sizes=\"(max-width: 1024px) 100vw, 1024px\" \/><\/figure>\n\n\n\n<figure class=\"wp-block-image size-large\"><img loading=\"lazy\" decoding=\"async\" width=\"1024\" height=\"682\" data-id=\"76683\" src=\"https:\/\/infotorrent.es\/wp-content\/uploads\/2025\/01\/WhatsApp-Image-2025-01-28-at-10.07.251-1024x682.jpeg\" alt=\"\" class=\"wp-image-76683\" srcset=\"https:\/\/infotorrent.es\/wp-content\/uploads\/2025\/01\/WhatsApp-Image-2025-01-28-at-10.07.251-1024x682.jpeg 1024w, https:\/\/infotorrent.es\/wp-content\/uploads\/2025\/01\/WhatsApp-Image-2025-01-28-at-10.07.251-300x200.jpeg 300w, https:\/\/infotorrent.es\/wp-content\/uploads\/2025\/01\/WhatsApp-Image-2025-01-28-at-10.07.251-768x512.jpeg 768w, https:\/\/infotorrent.es\/wp-content\/uploads\/2025\/01\/WhatsApp-Image-2025-01-28-at-10.07.251-1536x1023.jpeg 1536w, https:\/\/infotorrent.es\/wp-content\/uploads\/2025\/01\/WhatsApp-Image-2025-01-28-at-10.07.251.jpeg 1600w\" sizes=\"(max-width: 1024px) 100vw, 1024px\" \/><\/figure>\n<\/figure>\n","protected":false},"excerpt":{"rendered":"<p>Art i educaci\u00f3 es donen la m\u00e0 en el mural de Jos\u00e9 Antonio Carcavilla, un dels tres guanyadors de la 10a edici\u00f3 de \u2018La Paret Pintada\u2019 que organitza el CIJ Torrent Els carrers de Torrent s&#8217;enriquixen amb un nou mural, obra de l&#8217;il\u00b7lustrador Jose Antonio Carcavilla Fern\u00e1ndez. Titulat \u201cEl nostre col\u00b7le, el nostre m\u00f3n\u201d, este [&hellip;]<\/p>\n","protected":false},"author":15,"featured_media":76695,"comment_status":"open","ping_status":"open","sticky":false,"template":"","format":"standard","meta":{"_acf_changed":false,"footnotes":""},"categories":[1169],"tags":[],"class_list":["post-76691","post","type-post","status-publish","format-standard","has-post-thumbnail","hentry","category-juventud-ca"],"acf":[],"_links":{"self":[{"href":"https:\/\/infotorrent.es\/ca\/wp-json\/wp\/v2\/posts\/76691","targetHints":{"allow":["GET"]}}],"collection":[{"href":"https:\/\/infotorrent.es\/ca\/wp-json\/wp\/v2\/posts"}],"about":[{"href":"https:\/\/infotorrent.es\/ca\/wp-json\/wp\/v2\/types\/post"}],"author":[{"embeddable":true,"href":"https:\/\/infotorrent.es\/ca\/wp-json\/wp\/v2\/users\/15"}],"replies":[{"embeddable":true,"href":"https:\/\/infotorrent.es\/ca\/wp-json\/wp\/v2\/comments?post=76691"}],"version-history":[{"count":1,"href":"https:\/\/infotorrent.es\/ca\/wp-json\/wp\/v2\/posts\/76691\/revisions"}],"predecessor-version":[{"id":76694,"href":"https:\/\/infotorrent.es\/ca\/wp-json\/wp\/v2\/posts\/76691\/revisions\/76694"}],"wp:featuredmedia":[{"embeddable":true,"href":"https:\/\/infotorrent.es\/ca\/wp-json\/wp\/v2\/media\/76695"}],"wp:attachment":[{"href":"https:\/\/infotorrent.es\/ca\/wp-json\/wp\/v2\/media?parent=76691"}],"wp:term":[{"taxonomy":"category","embeddable":true,"href":"https:\/\/infotorrent.es\/ca\/wp-json\/wp\/v2\/categories?post=76691"},{"taxonomy":"post_tag","embeddable":true,"href":"https:\/\/infotorrent.es\/ca\/wp-json\/wp\/v2\/tags?post=76691"}],"curies":[{"name":"wp","href":"https:\/\/api.w.org\/{rel}","templated":true}]}}