{"id":75978,"date":"2025-01-13T12:14:10","date_gmt":"2025-01-13T11:14:10","guid":{"rendered":"https:\/\/infotorrent.es\/?p=75978"},"modified":"2025-01-13T12:20:00","modified_gmt":"2025-01-13T11:20:00","slug":"les-falles-de-torrent-regalen-un-mant-a-la-mare-de-deu","status":"publish","type":"post","link":"https:\/\/infotorrent.es\/ca\/noticies\/cultura\/les-falles-de-torrent-regalen-un-mant-a-la-mare-de-deu\/","title":{"rendered":"Les Falles de Torrent regalen un mant a la Mare de D\u00e9u"},"content":{"rendered":"\n<p><strong>Les Falles de Torrent i la Confraria de la Verge dels Desamparats de Torrent presenten la tela del nou mant per a la imatge pelegrina<\/strong><\/p>\n\n\n\n<p><strong>Totes les donacions tindran una fi solid\u00e0ria, ja que aniran destinades a l&#8217;acci\u00f3 social de la confraria i al pagament de la tela<\/strong><\/p>\n\n\n\n<p>La Sala C\u00edvica de l\u2019Antic Mercat de Torrent ha sigut l&#8217;escenari triat per a la presentaci\u00f3 de la tela que les falles de la ciutat regalaran a la imatge Pelegrina de la Verge dels Desemparats de Torrent. Esta iniciativa, organitzada per la Junta Local Fallera de Torrent juntament amb la Confraria de la Verge dels Desamparats de Torrent, es denomina \u201cLes Falles baix el teu mant\u201d.<\/p>\n\n\n\n<p>El projecte compta amb la participaci\u00f3 de totes les falles de la ciutat, que estan col\u00b7laborant activament a trav\u00e9s de la venda de polseres. Els fons recaptats es destinaran a cobrir el cost del nou mant de la Verge i a l&#8217;acci\u00f3 social de la Confraria. La tela ha sigut elaborada per la prestigiosa firma Vives i Mar\u00ed, mentres que el brodat estar\u00e0 a c\u00e0rrec de l&#8217;empresa torrentina Aldiesport i la confecci\u00f3 correr\u00e0 per compte de SC Indument\u00e0ria.<\/p>\n\n\n\n<p>La imatge Pelegrina de la Verge dels Desemparats de Torrent lluir\u00e0 este nou mant per primera vegada el pr\u00f2xim 31 de maig, durant el tradicional besamans de les falles de Torrent en la capella del Col\u00b7legi de la Pur\u00edssima.<\/p>\n\n\n\n<p>L&#8217;acte de presentaci\u00f3 de la tela va congregar a nombrosos fallers a la Sala C\u00edvica de l\u2019Antic Mercat. Entre els assistents van destacar la Fallera Major de Torrent, Alicia Moreno, i la Fallera Major Infantil, Ana Barber\u00e1, els qui van estar acompanyades per les seues respectives Corts d&#8217;Honor. Tamb\u00e9 van estar presents el regidor de Falles, Aitor S\u00e1nchez; el vicepresident de la Junta Local Fallera, Roberto G\u00f3mez; i el president de la Confraria, Vicente Benavent, al costat d&#8217;altres membres de l&#8217;organitzaci\u00f3.<\/p>\n\n\n\n<p>El regidor de Falles, Aitor S\u00e1nchez, ha destacat que <strong>&#8220;Este projecte reflectix la unitat i l&#8217;esfor\u00e7 de totes les falles de la nostra ciutat. \u00c9s un orgull vore com el sentiment faller transcendix i es convertix en un homenatge a la nostra Patrona&#8221;<\/strong>. El president de la Confraria ha agra\u00eft este gest <strong>&#8220;este mant simbolitza la devoci\u00f3 dels torrentins cap a la Verge dels Desemparats. Agra\u00efm profundament la implicaci\u00f3 de la Junta Local Fallera i de totes les comissions falleres en esta iniciativa tan especial&#8221;.<\/strong><\/p>\n\n\n\n<p>Per part seua, l&#8217;indumentarista Sim\u00f3n Cerd\u00e1n, ha assenyalat que <strong>\u201ccom a torrent\u00ed i indumentarista, \u00e9s un honor que JLF haja comptat amb la nostra firma per a confeccionar el mant de la Verge dels Desamparats\u201d<\/strong>, confecci\u00f3 que realitzar\u00e0 de manera altruista.<\/p>\n\n\n\n<p>En finalitzar l&#8217;acte, les Falleres Majors, aix\u00ed com les seues corts d&#8217;honor i els ve\u00efns que van voler acostar-se, van ser els primers a ajudar a brodar el nou mant de la imatge pelegrina.<\/p>\n\n\n\n<p>Este gest simb\u00f2lic de les falles de Torrent cap a la seua Patrona reflectix el profund sentiment de devoci\u00f3 i amor dels fallers de la ciutat amb la Mare de D\u00e9u.<\/p>\n\n\n\n<figure class=\"wp-block-gallery has-nested-images columns-default is-cropped wp-block-gallery-1 is-layout-flex wp-block-gallery-is-layout-flex\">\n<figure class=\"wp-block-image size-large\"><img fetchpriority=\"high\" decoding=\"async\" width=\"1024\" height=\"485\" data-id=\"75975\" src=\"https:\/\/infotorrent.es\/wp-content\/uploads\/2025\/01\/IMG_1466-1024x485.jpg\" alt=\"\" class=\"wp-image-75975\" srcset=\"https:\/\/infotorrent.es\/wp-content\/uploads\/2025\/01\/IMG_1466-1024x485.jpg 1024w, https:\/\/infotorrent.es\/wp-content\/uploads\/2025\/01\/IMG_1466-300x142.jpg 300w, https:\/\/infotorrent.es\/wp-content\/uploads\/2025\/01\/IMG_1466-768x363.jpg 768w, https:\/\/infotorrent.es\/wp-content\/uploads\/2025\/01\/IMG_1466-1536x727.jpg 1536w, https:\/\/infotorrent.es\/wp-content\/uploads\/2025\/01\/IMG_1466.jpg 2016w\" sizes=\"(max-width: 1024px) 100vw, 1024px\" \/><\/figure>\n\n\n\n<figure class=\"wp-block-image size-large\"><img decoding=\"async\" width=\"1024\" height=\"585\" data-id=\"75973\" src=\"https:\/\/infotorrent.es\/wp-content\/uploads\/2025\/01\/IMG_1458-1024x585.jpg\" alt=\"\" class=\"wp-image-75973\" srcset=\"https:\/\/infotorrent.es\/wp-content\/uploads\/2025\/01\/IMG_1458-1024x585.jpg 1024w, https:\/\/infotorrent.es\/wp-content\/uploads\/2025\/01\/IMG_1458-300x171.jpg 300w, https:\/\/infotorrent.es\/wp-content\/uploads\/2025\/01\/IMG_1458-768x439.jpg 768w, https:\/\/infotorrent.es\/wp-content\/uploads\/2025\/01\/IMG_1458-1536x877.jpg 1536w, https:\/\/infotorrent.es\/wp-content\/uploads\/2025\/01\/IMG_1458.jpg 1916w\" sizes=\"(max-width: 1024px) 100vw, 1024px\" \/><\/figure>\n<\/figure>\n","protected":false},"excerpt":{"rendered":"<p>Les Falles de Torrent i la Confraria de la Verge dels Desamparats de Torrent presenten la tela del nou mant per a la imatge pelegrina Totes les donacions tindran una fi solid\u00e0ria, ja que aniran destinades a l&#8217;acci\u00f3 social de la confraria i al pagament de la tela La Sala C\u00edvica de l\u2019Antic Mercat de [&hellip;]<\/p>\n","protected":false},"author":17,"featured_media":75965,"comment_status":"open","ping_status":"open","sticky":false,"template":"","format":"standard","meta":{"_acf_changed":false,"footnotes":""},"categories":[117,1132,126,756,1171,127,116],"tags":[],"class_list":["post-75978","post","type-post","status-publish","format-standard","has-post-thumbnail","hentry","category-cultura","category-cultura-ca","category-cultura-es-2","category-cultura-noticias-2","category-fallas-ca","category-noticias-2","category-noticies"],"acf":[],"_links":{"self":[{"href":"https:\/\/infotorrent.es\/ca\/wp-json\/wp\/v2\/posts\/75978","targetHints":{"allow":["GET"]}}],"collection":[{"href":"https:\/\/infotorrent.es\/ca\/wp-json\/wp\/v2\/posts"}],"about":[{"href":"https:\/\/infotorrent.es\/ca\/wp-json\/wp\/v2\/types\/post"}],"author":[{"embeddable":true,"href":"https:\/\/infotorrent.es\/ca\/wp-json\/wp\/v2\/users\/17"}],"replies":[{"embeddable":true,"href":"https:\/\/infotorrent.es\/ca\/wp-json\/wp\/v2\/comments?post=75978"}],"version-history":[{"count":1,"href":"https:\/\/infotorrent.es\/ca\/wp-json\/wp\/v2\/posts\/75978\/revisions"}],"predecessor-version":[{"id":75980,"href":"https:\/\/infotorrent.es\/ca\/wp-json\/wp\/v2\/posts\/75978\/revisions\/75980"}],"wp:featuredmedia":[{"embeddable":true,"href":"https:\/\/infotorrent.es\/ca\/wp-json\/wp\/v2\/media\/75965"}],"wp:attachment":[{"href":"https:\/\/infotorrent.es\/ca\/wp-json\/wp\/v2\/media?parent=75978"}],"wp:term":[{"taxonomy":"category","embeddable":true,"href":"https:\/\/infotorrent.es\/ca\/wp-json\/wp\/v2\/categories?post=75978"},{"taxonomy":"post_tag","embeddable":true,"href":"https:\/\/infotorrent.es\/ca\/wp-json\/wp\/v2\/tags?post=75978"}],"curies":[{"name":"wp","href":"https:\/\/api.w.org\/{rel}","templated":true}]}}