{"id":75573,"date":"2025-01-03T12:09:56","date_gmt":"2025-01-03T11:09:56","guid":{"rendered":"https:\/\/infotorrent.es\/uncategorized\/lauditori-de-torrent-recibe-2025-con-una-programacion-repleta-de-interesantes-propuestas-escenicas-y-musicales\/"},"modified":"2025-01-03T12:12:06","modified_gmt":"2025-01-03T11:12:06","slug":"lauditori-de-torrent-recibe-2025-con-una-programacion-repleta-de-interesantes-propuestas-escenicas-y-musicales","status":"publish","type":"post","link":"https:\/\/infotorrent.es\/ca\/ayuntamiento-de-torrent-ca\/lauditori-de-torrent-recibe-2025-con-una-programacion-repleta-de-interesantes-propuestas-escenicas-y-musicales\/","title":{"rendered":"L\u2019Auditori de Torrent rep 2025 amb una programaci\u00f3 repleta d&#8217;interessants propostes esc\u00e8niques i musicals"},"content":{"rendered":"\n<p>Ja est\u00e0 disponible en la web de l\u2019Auditori de Torrent la programaci\u00f3 per al primer semestre de 2025. Despr\u00e9s de la programaci\u00f3 nadalenca, que es tanca amb l&#8217;espectacle per a p\u00fablic familiar&nbsp;Pinotxo, un musical per a somiar&nbsp;(3 de gener) i el tradicional&nbsp;Gran Concert d&#8217;Any Nou&nbsp;(5 de gener), aniran passant per l&#8217;escenari del nostre auditori un gran nombre de propostes esc\u00e8niques i musicals que componen una programaci\u00f3 molt variada i de gran qualitat per a esta nova temporada d&#8217;hivern-primavera.&nbsp;<\/p>\n\n\n\n<p>La m\u00fasica adquirix gran protagonisme en estos mesos de l&#8217;any. D&#8217;una banda, comptarem amb una nova edici\u00f3 del festival de vent-metall\u00a0Brassurround Torrent, que del 7 al 9 de mar\u00e7 ens oferir\u00e0 els concerts d&#8217;Artistes\u00a0 del Gremi, Abraham Cupeiro i Spanish Brass. D&#8217;altra banda, este 2025 ens porta un nou\u00a0Cicle de M\u00fasica Antiga i Barroca, en el qual actuaran\u00a0Harmonia del Parn\u00e0s\u00a0(1 de febrer),\u00a0Capella de Ministrers\u00a0(2 de mar\u00e7) i\u00a0Mediterr\u00e0nia Consort\u00a0(29 de mar\u00e7). Disfrutarem del recital po\u00e8tic\u00a0Cobles de l&#8217;\u00e0nima\u00a0(26 de gener), amb el gran\u00a0Emilio Guti\u00e9rrez Caba, acompanyat pel bar\u00edton Luis Santana. Amb gran alegria rebrem al grup\u00a0Marala\u00a0(31 de gener), el concert previst del qual per a novembre de l&#8217;any passat que va haver de ser ajornat a conseq\u00fc\u00e8ncia de la DANA. Tamb\u00e9 comptarem amb l&#8217;actuaci\u00f3 de l&#8217;Orquestra\u00a0 de Cambra de la Societat Filharm\u00f2nica de Val\u00e8ncia\u00a0(23 de mar\u00e7) i de l&#8217;Orquestra\u00a0 Sinf\u00f2nica ESMAR\u00a0que, despr\u00e9s de l&#8217;\u00e8xit obtingut amb la 2a Simfonia de Mahler el mes de desembre passat, ens visita de nou amb el\u00a0Requiem de Mozart\u00a0(13 d&#8217;abril).<\/p>\n\n\n\n<p>El teatre \u00e9s l&#8217;altre gran ep\u00edgraf en el cartell de l\u2019Auditori per a estos primers mesos de l&#8217;any, amb propostes d&#8217;estils i formats molt variats que conformen una programaci\u00f3 teatral destinada a p\u00fablic molt divers. Entre les produccions nacionals, comptarem amb la com\u00e8dia&nbsp;Pensionistes&nbsp;(11 de gener), un cant a la vida i al poder de les dones que no renuncien a aconseguir all\u00f2 que m\u00e9s desitgen, amb&nbsp;Irma Soriano, Loreto Valverde i Rosa Benito;&nbsp;M\u00e9s val sol que cent volant reloaded&nbsp;(2 de febrer), l&#8217;espectacle m\u00e9s boig i divertit d&#8217;Edu&nbsp; Soto;&nbsp;Fets i faltes&nbsp;(8 de febrer), una hilarant hist\u00f2ria sobre els l\u00edmits que separen la llibertat narrativa de la ficci\u00f3, amb&nbsp;\u00c1ngeles Mart\u00edn, Jorge Sanz i Gonzalo Hermoso;&nbsp;Parelles imperfectes&nbsp;(1 de mar\u00e7), un cant per la integraci\u00f3 i la necessitat de connexi\u00f3 humana protagonitzat per&nbsp;Toni Cant\u00f3, Lola Baldrich, Mirela Balic i Marcos Mayo; la tra\u00efci\u00f3, els ideals i l&#8217;amor reviuen en una trobada commovedora amb&nbsp;Silvia Mars\u00f3&nbsp;com a protagonista en&nbsp;Clavells&nbsp;(22 de mar\u00e7);&nbsp;Rafael \u00c1lvarez El Bruixot, amb el seu espectacle&nbsp;Autobiografia d&#8217;un yogui&nbsp;(25 d&#8217;abril);&nbsp;Carmen Morales i Juan Messeguer&nbsp;escenifiquen una trobada fict\u00edcia entre Agatha Christie i Benito P\u00e9rez Gald\u00f3s en&nbsp;Volguda Agatha Christie&nbsp;(3 de maig); i&nbsp;Grosses&nbsp;(10 de maig), una com\u00e8dia irreverent sobre la fama, la religi\u00f3, l&#8217;amor, l&#8217;amistat i el f\u00edsic, amb&nbsp;Mara Jim\u00e9nez i Teresa L\u00f3pez.<\/p>\n\n\n\n<p>Les produccions teatrals valencianes tamb\u00e9 tenen el seu espai en la programaci\u00f3 de l\u2019Auditori:&nbsp;Fuita Room&nbsp;(24 de gener), una com\u00e8dia de por amb Lara Salvador, Josep Manel Casany, Cristina Garc\u00eda i Xavi Mira;&nbsp;L\u2019abra\u00e7ada dels cucs&nbsp;(30 de mar\u00e7), una hist\u00f2ria d&#8217;amistat entre dos persones que detesten la seua vida i el m\u00f3n en general, de la m\u00e0 de Paula Llorens i Sergio Caballero; una altra parella d&#8217;actors valencians, Marta Chiner i Manuel Valls, encarnen en&nbsp;Valpara\u00edso&nbsp;(4 d&#8217;abril) a dos persones que pr\u00e0cticament no tenen res en com\u00fa i decidixen quedar tots els anys durant m\u00e9s de 30 anys per a passar uns dies junts;&nbsp;&nbsp;una versi\u00f3 de&nbsp;Les amistats perilloses&nbsp;(17 de maig) protagonitzada per Rebeca Valls, Rafa Alarc\u00f3n, Cristina Esteve i Maribel Baiona; i, finalment,&nbsp;La dona de negre&nbsp;(18 de maig), una de les obres m\u00e9s longeves de la cartellera teatral, que tamb\u00e9 va ser ajornada a conseq\u00fc\u00e8ncia de la DANA.<\/p>\n\n\n\n<p>En l&#8217;apartat de la l\u00edrica, comptarem com sempre amb la companyia \u00d2pera 2001 i la seua posada en escena del&nbsp;Trobador&nbsp;de Verdi (20 de febrer), i amb la Companyia Dolores Marco amb la sarsuela&nbsp;Luisa Fernanda&nbsp;(15 de febrer).<\/p>\n\n\n\n<p>La programaci\u00f3 es completa amb&nbsp;Txalaparta&nbsp;(5 d&#8217;abril), l&#8217;\u00faltim espectacle de la companyia basca de dansa&nbsp;Kukai Dantza;&nbsp;Viatge al centre del cos hum\u00e0&nbsp;(27 d&#8217;abril), una divertida proposta per a p\u00fablic familiar de&nbsp;Spasmo Teatre; i el nou mon\u00f2leg de&nbsp;Ra\u00fal Ant\u00f3n,&nbsp;Hi ha m\u00e9s ximples que finestres&nbsp;(30 de maig).<\/p>\n\n\n\n<p>Entrades a la venda en&nbsp;www.auditoritorrent.com&nbsp;i en les taquilles de l\u2019Auditori (dijous de 17 a 20 h, divendres d&#8217;11 a 13 h i des de 2 hores abans del comen\u00e7ament de cada espectacle).<\/p>\n\n\n\n<figure class=\"wp-block-gallery has-nested-images columns-default is-cropped wp-block-gallery-1 is-layout-flex wp-block-gallery-is-layout-flex\">\n<figure class=\"wp-block-image size-large\"><img fetchpriority=\"high\" decoding=\"async\" width=\"1024\" height=\"719\" data-id=\"75569\" src=\"https:\/\/infotorrent.es\/wp-content\/uploads\/2025\/01\/49279f5c7d45d581db2e57cf3a807f021682680279-1024x719.jpg\" alt=\"\" class=\"wp-image-75569\" srcset=\"https:\/\/infotorrent.es\/wp-content\/uploads\/2025\/01\/49279f5c7d45d581db2e57cf3a807f021682680279-1024x719.jpg 1024w, https:\/\/infotorrent.es\/wp-content\/uploads\/2025\/01\/49279f5c7d45d581db2e57cf3a807f021682680279-300x211.jpg 300w, https:\/\/infotorrent.es\/wp-content\/uploads\/2025\/01\/49279f5c7d45d581db2e57cf3a807f021682680279-768x539.jpg 768w, https:\/\/infotorrent.es\/wp-content\/uploads\/2025\/01\/49279f5c7d45d581db2e57cf3a807f021682680279.jpg 1140w\" sizes=\"(max-width: 1024px) 100vw, 1024px\" \/><\/figure>\n\n\n\n<figure class=\"wp-block-image size-large\"><img decoding=\"async\" width=\"1024\" height=\"719\" data-id=\"75563\" src=\"https:\/\/infotorrent.es\/wp-content\/uploads\/2025\/01\/18007a7aacc73d157da01668c5ca56601734019592-1024x719.jpg\" alt=\"\" class=\"wp-image-75563\" srcset=\"https:\/\/infotorrent.es\/wp-content\/uploads\/2025\/01\/18007a7aacc73d157da01668c5ca56601734019592-1024x719.jpg 1024w, https:\/\/infotorrent.es\/wp-content\/uploads\/2025\/01\/18007a7aacc73d157da01668c5ca56601734019592-300x211.jpg 300w, https:\/\/infotorrent.es\/wp-content\/uploads\/2025\/01\/18007a7aacc73d157da01668c5ca56601734019592-768x539.jpg 768w, https:\/\/infotorrent.es\/wp-content\/uploads\/2025\/01\/18007a7aacc73d157da01668c5ca56601734019592.jpg 1140w\" sizes=\"(max-width: 1024px) 100vw, 1024px\" \/><\/figure>\n\n\n\n<figure class=\"wp-block-image size-large\"><img decoding=\"async\" width=\"1024\" height=\"719\" data-id=\"75561\" src=\"https:\/\/infotorrent.es\/wp-content\/uploads\/2025\/01\/a7a097fde56dd941aff0593c5a6272e91731414306-1024x719.jpg\" alt=\"\" class=\"wp-image-75561\" srcset=\"https:\/\/infotorrent.es\/wp-content\/uploads\/2025\/01\/a7a097fde56dd941aff0593c5a6272e91731414306-1024x719.jpg 1024w, https:\/\/infotorrent.es\/wp-content\/uploads\/2025\/01\/a7a097fde56dd941aff0593c5a6272e91731414306-300x211.jpg 300w, https:\/\/infotorrent.es\/wp-content\/uploads\/2025\/01\/a7a097fde56dd941aff0593c5a6272e91731414306-768x539.jpg 768w, https:\/\/infotorrent.es\/wp-content\/uploads\/2025\/01\/a7a097fde56dd941aff0593c5a6272e91731414306.jpg 1140w\" sizes=\"(max-width: 1024px) 100vw, 1024px\" \/><\/figure>\n\n\n\n<figure class=\"wp-block-image size-large\"><img loading=\"lazy\" decoding=\"async\" width=\"900\" height=\"600\" data-id=\"75565\" src=\"https:\/\/infotorrent.es\/wp-content\/uploads\/2025\/01\/pensionistas.jpg\" alt=\"\" class=\"wp-image-75565\" srcset=\"https:\/\/infotorrent.es\/wp-content\/uploads\/2025\/01\/pensionistas.jpg 900w, https:\/\/infotorrent.es\/wp-content\/uploads\/2025\/01\/pensionistas-300x200.jpg 300w, https:\/\/infotorrent.es\/wp-content\/uploads\/2025\/01\/pensionistas-768x512.jpg 768w\" sizes=\"(max-width: 900px) 100vw, 900px\" \/><\/figure>\n\n\n\n<figure class=\"wp-block-image size-large\"><img loading=\"lazy\" decoding=\"async\" width=\"1024\" height=\"719\" data-id=\"75567\" src=\"https:\/\/infotorrent.es\/wp-content\/uploads\/2025\/01\/fc555a39fdfc265a852aac6d4e4c68701734686759-1024x719.jpg\" alt=\"\" class=\"wp-image-75567\" srcset=\"https:\/\/infotorrent.es\/wp-content\/uploads\/2025\/01\/fc555a39fdfc265a852aac6d4e4c68701734686759-1024x719.jpg 1024w, https:\/\/infotorrent.es\/wp-content\/uploads\/2025\/01\/fc555a39fdfc265a852aac6d4e4c68701734686759-300x211.jpg 300w, https:\/\/infotorrent.es\/wp-content\/uploads\/2025\/01\/fc555a39fdfc265a852aac6d4e4c68701734686759-768x539.jpg 768w, https:\/\/infotorrent.es\/wp-content\/uploads\/2025\/01\/fc555a39fdfc265a852aac6d4e4c68701734686759.jpg 1140w\" sizes=\"(max-width: 1024px) 100vw, 1024px\" \/><\/figure>\n<\/figure>\n","protected":false},"excerpt":{"rendered":"<p>Ja est\u00e0 disponible en la web de l\u2019Auditori de Torrent la programaci\u00f3 per al primer semestre de 2025. Despr\u00e9s de la programaci\u00f3 nadalenca, que es tanca amb l&#8217;espectacle per a p\u00fablic familiar&nbsp;Pinotxo, un musical per a somiar&nbsp;(3 de gener) i el tradicional&nbsp;Gran Concert d&#8217;Any Nou&nbsp;(5 de gener), aniran passant per l&#8217;escenari del nostre auditori un [&hellip;]<\/p>\n","protected":false},"author":15,"featured_media":75577,"comment_status":"open","ping_status":"open","sticky":false,"template":"","format":"standard","meta":{"_acf_changed":false,"footnotes":""},"categories":[1190],"tags":[],"class_list":["post-75573","post","type-post","status-publish","format-standard","has-post-thumbnail","hentry","category-ayuntamiento-de-torrent-ca"],"acf":[],"_links":{"self":[{"href":"https:\/\/infotorrent.es\/ca\/wp-json\/wp\/v2\/posts\/75573","targetHints":{"allow":["GET"]}}],"collection":[{"href":"https:\/\/infotorrent.es\/ca\/wp-json\/wp\/v2\/posts"}],"about":[{"href":"https:\/\/infotorrent.es\/ca\/wp-json\/wp\/v2\/types\/post"}],"author":[{"embeddable":true,"href":"https:\/\/infotorrent.es\/ca\/wp-json\/wp\/v2\/users\/15"}],"replies":[{"embeddable":true,"href":"https:\/\/infotorrent.es\/ca\/wp-json\/wp\/v2\/comments?post=75573"}],"version-history":[{"count":1,"href":"https:\/\/infotorrent.es\/ca\/wp-json\/wp\/v2\/posts\/75573\/revisions"}],"predecessor-version":[{"id":75576,"href":"https:\/\/infotorrent.es\/ca\/wp-json\/wp\/v2\/posts\/75573\/revisions\/75576"}],"wp:featuredmedia":[{"embeddable":true,"href":"https:\/\/infotorrent.es\/ca\/wp-json\/wp\/v2\/media\/75577"}],"wp:attachment":[{"href":"https:\/\/infotorrent.es\/ca\/wp-json\/wp\/v2\/media?parent=75573"}],"wp:term":[{"taxonomy":"category","embeddable":true,"href":"https:\/\/infotorrent.es\/ca\/wp-json\/wp\/v2\/categories?post=75573"},{"taxonomy":"post_tag","embeddable":true,"href":"https:\/\/infotorrent.es\/ca\/wp-json\/wp\/v2\/tags?post=75573"}],"curies":[{"name":"wp","href":"https:\/\/api.w.org\/{rel}","templated":true}]}}