{"id":73952,"date":"2024-11-13T17:36:38","date_gmt":"2024-11-13T16:36:38","guid":{"rendered":"https:\/\/infotorrent.es\/uncategorized\/el-cecopi-ha-acordado-restringir-la-movilidad-de-vehiculos-privados-desde-las-18-horas-de-hoy-y-hasta-las-18-horas-de-manana-jueves\/"},"modified":"2024-11-13T17:40:31","modified_gmt":"2024-11-13T16:40:31","slug":"el-cecopi-ha-acordado-restringir-la-movilidad-de-vehiculos-privados-desde-las-18-horas-de-hoy-y-hasta-las-18-horas-de-manana-jueves","status":"publish","type":"post","link":"https:\/\/infotorrent.es\/ca\/ayuntamiento-de-torrent-ca\/el-cecopi-ha-acordado-restringir-la-movilidad-de-vehiculos-privados-desde-las-18-horas-de-hoy-y-hasta-las-18-horas-de-manana-jueves\/","title":{"rendered":"EL CECOPI ha acordat restringir la mobilitat de vehicles privats des de les 18 hores de hui i fins a les 18 hores de dem\u00e0 dijous"},"content":{"rendered":"\n<p><strong>L&#8217;Ajuntament de Torrent celebra la 13a sessi\u00f3 de CECOPAL<\/strong><\/p>\n\n\n\n<p>En la tretzena sessi\u00f3 del Centre de Coordinaci\u00f3 Operativa Municipal (CECOPAL) de l&#8217;Ajuntament de Torrent, celebrada el 13 de novembre de 2024 (i formada pels membres de l&#8217;equip de govern, membres de Policia Local, Bombers, Protecci\u00f3 Civil, Creu Roja, UME, gerent d&#8217;Aig\u00fces de l&#8217;Horta i t\u00e8cnics de l&#8217;Ajuntament), s&#8217;ha informat sobre les \u00faltimes activitats realitzades i mesures adoptades, despr\u00e9s de les greus inundacions ocasionades per la DANA. A continuaci\u00f3, un resum de les principals \u00e0rees tractades:<\/p>\n\n\n\n<p>Desallotge immoble Maestro Fortea i Mas del Jutge<\/p>\n\n\n\n<p>La policia Local ha informat que sobre les 19.30 d&#8217;ahir, comen\u00e7ava la tasca de reallotjament sense cap altercat juntament amb Creu Roja.&nbsp;Un total de 27 persones de 19 pisos, quedant l&#8217;immoble totalment desallotjat. Els residents van ser identificats i van firmar que tenien coneixement d&#8217;este decret.&nbsp;<\/p>\n\n\n\n<p>Accessos<\/p>\n\n\n\n<p>Respecte als accessos a Torrent, s&#8217;informa que la CV33, que unix Torrent a Val\u00e8ncia es va obrir a la circulaci\u00f3 ahir a la vesprada i funciona amb normalitat.<\/p>\n\n\n\n<p>Este mat\u00ed al no haver-hi col\u00b7legi ha baixat la pressi\u00f3 de tr\u00e0nsit, el tr\u00e0nsit ha sigut fluid.<\/p>\n\n\n\n<p>A l&#8217;espera que s&#8217;\u00f2briga l&#8217;AP7,&nbsp; dependent del ministeri.<\/p>\n\n\n\n<p>Helic\u00f2pters de gran c\u00e0rrega retiraran cotxes encara en el fang juntament amb l&#8217;ajuda d&#8217;una grua.&nbsp;&nbsp;<\/p>\n\n\n\n<p>Les llan\u00e7adores de la Comunitat de Madrid ixen i entren amb normalitat.&nbsp;<\/p>\n\n\n\n<p>Operatiu Busca<\/p>\n\n\n\n<p>S&#8217;ha anul\u00b7lat l&#8217;operatiu de busca i rescat de v\u00edctimes per les pluges durant hui i dem\u00e0. 200 voluntaris ca\u00e7adors que coneixen el terme se sumen a la busca.&nbsp;<\/p>\n\n\n\n<p>Protecci\u00f3 Civil&nbsp;<\/p>\n\n\n\n<p>S&#8217;han unit efectius de protecci\u00f3 civil de les illes Balears.&nbsp;<\/p>\n\n\n\n<p>Continuen amb el Repartiment de la mancomunitat: Alaqu\u00e0s, Massanassa, Catarroja, Paiporta, Xirivella, etc.<\/p>\n\n\n\n<p>Es continua treballant amb l&#8217;UME i Bombers.<\/p>\n\n\n\n<p>Protecci\u00f3 Civil realitza acompanyaments de persones que ho sol\u00b7liciten.<\/p>\n\n\n\n<p>Hui Protecci\u00f3 Civil realitza l&#8217;\u00faltim dia d&#8217;acompanyament a metges i trasllats cap a l&#8217;Hospital General, en estar oberta des d&#8217;ahir la CV33.&nbsp;<\/p>\n\n\n\n<p>Pavell\u00f3 El Vedat<\/p>\n\n\n\n<p>S&#8217;ha informat que cal posar l&#8217;accent que l&#8217;\u00fas de l&#8217;alberg provisional \u00e9s nom\u00e9s per a afectats per la DANA, no per a altres casos.&nbsp;<\/p>\n\n\n\n<p>Ahir es va acollir en l&#8217;alberg als ve\u00efns desallotjats mitjan\u00e7ant decret del carrer Maestro Fortea (n\u00fameros 1, 3, 5 i 7) i Mas del Jutge (n\u00famero 2).<\/p>\n\n\n\n<p>Creu Roja ha actualitzat el cens d&#8217;usuaris que pernocten en l&#8217;alberg (el 30 d&#8217;octubre i l&#8217;1 de novembre es van fer els primers censos) s&#8217;ha passat a Policia Local, a servicis socials i a l&#8217;ajuntament.<\/p>\n\n\n\n<p>Prove\u00efment de l&#8217;aigua<\/p>\n\n\n\n<p>El subministrament \u00e9s estable, comptem amb els cabals provinents de l&#8217;Emshi. La qualitat \u00e9s apta per al consum excepte en calicanto on continuen treballant en la planta desnitrificadora que va patir danys despr\u00e9s de la Dana. Aproximadament en dos setmanes estar\u00e0 reparada.<\/p>\n\n\n\n<p>La cuba d&#8217;aigua continua proveint: Xarcos Secs, Casablanca i Font Teula.&nbsp;<\/p>\n\n\n\n<p>Es continuen fent els treballs amb maquin\u00e0ria pesant de recuperaci\u00f3 de carreteres en: carretera del Mes fins a Calicanto, Cam\u00ed dels Arquets (ja net) zona de la B\u00e0scula, carretera de Picanya, c\u00e0mping de la Pir\u00e0mide, seguixen en el Pas de Brusa i Xarcos Secs,&nbsp;<\/p>\n\n\n\n<p>Urbanisme<\/p>\n\n\n\n<p>S&#8217;ha informat que la brigada col\u00b7locar\u00e0 tanques m\u00f2bils a les vivendes que ho requerisquen.<\/p>\n\n\n\n<p>Els ve\u00efns afectats del barranc proposen una consulta per escrit des de l&#8217;ajuntament a la Confederaci\u00f3 Hidrogr\u00e0fica del X\u00faquer per a&nbsp;saber&nbsp;si el terreny afectat de les seues vivendes es podr\u00e0 recuperar, consolidar els marges del barranc.&nbsp;La Confederaci\u00f3 ha de pronunciar-se per a saber com afectar\u00e0 els terrenys privats.<\/p>\n\n\n\n<p>S&#8217;ha contractat una empresa per a con\u00e9ixer el mal en el vessant del barranc en terreny urb\u00e0 i rural. Vol topogr\u00e0fic amb foto per a superposar una foto antiga a l&#8217;actual i poder avaluar terreny perdut. Es far\u00e0 un mapa nou.<\/p>\n\n\n\n<p>Oficina d&#8217;atenci\u00f3 als damnificats&nbsp;<\/p>\n\n\n\n<p>La tramitaci\u00f3 d&#8217;ajudes amb cita pr\u00e8via continua en marxa fins a les 20 h.<\/p>\n\n\n\n<p>S&#8217;han tramitat fins a la data 200 ajudes.<\/p>\n\n\n\n<figure class=\"wp-block-image size-large\"><img fetchpriority=\"high\" decoding=\"async\" width=\"1024\" height=\"682\" src=\"https:\/\/infotorrent.es\/wp-content\/uploads\/2024\/11\/465840311_990123566476366_3899887911037493839_n-1024x682.jpg\" alt=\"\" class=\"wp-image-73948\" srcset=\"https:\/\/infotorrent.es\/wp-content\/uploads\/2024\/11\/465840311_990123566476366_3899887911037493839_n-1024x682.jpg 1024w, https:\/\/infotorrent.es\/wp-content\/uploads\/2024\/11\/465840311_990123566476366_3899887911037493839_n-300x200.jpg 300w, https:\/\/infotorrent.es\/wp-content\/uploads\/2024\/11\/465840311_990123566476366_3899887911037493839_n-768x512.jpg 768w, https:\/\/infotorrent.es\/wp-content\/uploads\/2024\/11\/465840311_990123566476366_3899887911037493839_n-1536x1024.jpg 1536w, https:\/\/infotorrent.es\/wp-content\/uploads\/2024\/11\/465840311_990123566476366_3899887911037493839_n.jpg 1772w\" sizes=\"(max-width: 1024px) 100vw, 1024px\" \/><\/figure>\n","protected":false},"excerpt":{"rendered":"<p>L&#8217;Ajuntament de Torrent celebra la 13a sessi\u00f3 de CECOPAL En la tretzena sessi\u00f3 del Centre de Coordinaci\u00f3 Operativa Municipal (CECOPAL) de l&#8217;Ajuntament de Torrent, celebrada el 13 de novembre de 2024 (i formada pels membres de l&#8217;equip de govern, membres de Policia Local, Bombers, Protecci\u00f3 Civil, Creu Roja, UME, gerent d&#8217;Aig\u00fces de l&#8217;Horta i t\u00e8cnics [&hellip;]<\/p>\n","protected":false},"author":15,"featured_media":73955,"comment_status":"open","ping_status":"open","sticky":false,"template":"","format":"standard","meta":{"_acf_changed":false,"footnotes":""},"categories":[1190],"tags":[],"class_list":["post-73952","post","type-post","status-publish","format-standard","has-post-thumbnail","hentry","category-ayuntamiento-de-torrent-ca"],"acf":[],"_links":{"self":[{"href":"https:\/\/infotorrent.es\/ca\/wp-json\/wp\/v2\/posts\/73952","targetHints":{"allow":["GET"]}}],"collection":[{"href":"https:\/\/infotorrent.es\/ca\/wp-json\/wp\/v2\/posts"}],"about":[{"href":"https:\/\/infotorrent.es\/ca\/wp-json\/wp\/v2\/types\/post"}],"author":[{"embeddable":true,"href":"https:\/\/infotorrent.es\/ca\/wp-json\/wp\/v2\/users\/15"}],"replies":[{"embeddable":true,"href":"https:\/\/infotorrent.es\/ca\/wp-json\/wp\/v2\/comments?post=73952"}],"version-history":[{"count":2,"href":"https:\/\/infotorrent.es\/ca\/wp-json\/wp\/v2\/posts\/73952\/revisions"}],"predecessor-version":[{"id":73957,"href":"https:\/\/infotorrent.es\/ca\/wp-json\/wp\/v2\/posts\/73952\/revisions\/73957"}],"wp:featuredmedia":[{"embeddable":true,"href":"https:\/\/infotorrent.es\/ca\/wp-json\/wp\/v2\/media\/73955"}],"wp:attachment":[{"href":"https:\/\/infotorrent.es\/ca\/wp-json\/wp\/v2\/media?parent=73952"}],"wp:term":[{"taxonomy":"category","embeddable":true,"href":"https:\/\/infotorrent.es\/ca\/wp-json\/wp\/v2\/categories?post=73952"},{"taxonomy":"post_tag","embeddable":true,"href":"https:\/\/infotorrent.es\/ca\/wp-json\/wp\/v2\/tags?post=73952"}],"curies":[{"name":"wp","href":"https:\/\/api.w.org\/{rel}","templated":true}]}}