{"id":73483,"date":"2024-10-29T09:11:10","date_gmt":"2024-10-29T08:11:10","guid":{"rendered":"https:\/\/infotorrent.es\/uncategorized\/torrent-se-prepara-para-celebrar-el-mes-del-medio-ambiente-con-una-agenda-repleta-de-actividades\/"},"modified":"2024-10-29T09:15:54","modified_gmt":"2024-10-29T08:15:54","slug":"torrent-se-prepara-para-celebrar-el-mes-del-medio-ambiente-con-una-agenda-repleta-de-actividades","status":"publish","type":"post","link":"https:\/\/infotorrent.es\/ca\/medio-ambiente-2\/torrent-se-prepara-para-celebrar-el-mes-del-medio-ambiente-con-una-agenda-repleta-de-actividades\/","title":{"rendered":"Torrent es prepara per a celebrar el Mes del Medi Ambient amb una agenda repleta d&#8217;activitats"},"content":{"rendered":"\n<h4 class=\"wp-block-heading\">El 24 de novembre se celebrar\u00e0 una Festa del Medi Ambient en l\u2019Hort de Tr\u00e9nor en la qual tamb\u00e9 participaran els personatges Bluey i Bingo<\/h4>\n\n\n\n<p>Amb l&#8217;arribada de novembre, Torrent es convertix en l&#8217;epicentre de la conscienciaci\u00f3 ambiental i la preservaci\u00f3 del seu patrimoni natural. Durant tot el mes, l&#8217;Ajuntament ha organitzat una \u00e0mplia varietat d&#8217;activitats enfocades a sensibilitzar a la ciutadania sobre la import\u00e0ncia de cuidar el medi ambient, al mateix temps que es destaquen els recursos naturals i el patrimoni mediambiental de la localitat.<\/p>\n\n\n\n<p>El regidor d&#8217;Urbanisme, Vivenda i Medi Ambient, Jos\u00e9 Francisco Gozalvo, ha afirmat que estes activitats\u00a0\u201cno sols busquen educar sobre el respecte a l&#8217;entorn, sin\u00f3 tamb\u00e9 promoure el valor dels nostres espais naturals com a llocs de trobada i disfrutar per a tots els ve\u00efns i ve\u00efnes de Torrent\u201d.\u00a0A m\u00e9s, Gozalvo va destacar que el Mes del Medi Ambient\u00a0\u201c\u00e9s una oportunitat per a aprendre a conviure amb el nostre entorn i generar un comprom\u00eds real amb la sostenibilitat\u201d.\u00a0Tamb\u00e9 ha animat a la ciutadania per a\u00a0\u201caprofitar estos dies, descobrir la nostra riquesa natural i ser conscients del paper que tots tenim en la seua preservaci\u00f3\u201d.<\/p>\n\n\n\n<p>Entre les moltes propostes d&#8217;esta edici\u00f3, destaca la&nbsp;Gran Festa del Medi Ambient, que se celebrar\u00e0 el 24 de novembre en l\u2019Hort de Tr\u00e9nor de 10.30 a 13.30 hores. Esta jornada festiva comptar\u00e0 amb la participaci\u00f3 especial dels personatges Bluey i Bingo, que faran les del\u00edcies dels m\u00e9s xicotets. La festa inclour\u00e0 tallers, jocs, teatre infantil i demostracions de la nova maquin\u00e0ria de neteja de la ciutat.<\/p>\n\n\n\n<p>A m\u00e9s de la Gran Festa, Torrent oferix un calendari d&#8217;activitats di\u00e0ries al llarg de tot el mes.\u00a0Els escolars podran disfrutar d&#8217;excursions per la Ruta del Reg Mil\u00b7lenari del Barranc de l\u2019Horteta i activitats en l\u2019Hort de Tr\u00e9nor, on aprendran sobre la hist\u00f2ria de l&#8217;aigua a Torrent i el seu vincle amb el barranc. Estes activitats matinals permetran que els m\u00e9s joves coneguen tamb\u00e9 el jard\u00ed bot\u00e0nic de l\u2019Hort de Tr\u00e9nor. Els centres educatius interessats a participar poden inscriure&#8217;s a trav\u00e9s del correu\u00a0info@naturaycultura.com\u00a0o telefonant al 961255152.<\/p>\n\n\n\n<p>Un altre esdeveniment destacat \u00e9s la&nbsp;Ruta Familiar pel Vedat el 9 de novembre, amb eixida a les 9.30 hores des del Centre Ambiental. Esta excursi\u00f3 tamb\u00e9 es realitzar\u00e0 el&nbsp;10 de novembre amb la participaci\u00f3 de la Federaci\u00f3 d&#8217;Associacions de Ve\u00efns, Barris i Urbanitzacions (FAVBUR), i permetr\u00e0 con\u00e9ixer a fons la riquesa natural i hist\u00f2rica de la zona. Per als qui preferixen activitats familiars, els dies&nbsp;10, 17 i 24 de novembre, d&#8217;11.00 a 13.30 hores, es duran a terme&nbsp;tallers en l\u2019Hort de Tr\u00e9nor.<\/p>\n\n\n\n<p>El\u00a014 de novembre, la Pla\u00e7a Fra Antonio Panes\u00a0acollir\u00e0 un Taller Ambiental dirigit als xiquets, amb jocs i din\u00e0miques sobre el medi ambient. Esta activitat es repetir\u00e0 el\u00a021 en l&#8217;AV El Vedat\u00a0i el\u00a028 en la Pla\u00e7a de la Uni\u00f3 Musical, totes de 17.00 a 18.30 hores.<\/p>\n\n\n\n<p>Un dels esdeveniments m\u00e9s esperats \u00e9s l&#8217;excursi\u00f3&nbsp; nocturna a la Serra Perenxisa, programada per al 15 de novembre en col\u00b7laboraci\u00f3 amb&nbsp;Astre Torrent. L&#8217;activitat, que requerix inscripci\u00f3 pr\u00e8via, permetr\u00e0 als assistents descobrir el paisatge i les estreles des de la senda PR.CV-162, en un recorregut de quatre hores que comen\u00e7ar\u00e0 a les 20.00 hores des de la Pla\u00e7a Corts Valencianes. Gozalvo ha comentat que esta excursi\u00f3&nbsp;\u201cconvida a descobrir una faceta diferent de la Serra Perenxisa, connectant amb la naturalesa en un entorn \u00fanic i apreciant el cel nocturn com un recordatori de la bellesa que ens envolta, amb els seus sons nocturns i que hem de protegir\u201d.<\/p>\n\n\n\n<p>El&nbsp;16 de novembre es visitar\u00e0 l&#8217;Observatori del Canvi Clim\u00e0tic, organitzat pel voluntariat&nbsp;Torrent Verd. I per als qui desitgen con\u00e9ixer detalladament el tractament dels residus,&nbsp;el 23 de novembre es realitzar\u00e0 una visita a la Planta de Tractament Mec\u00e0nic Biol\u00f2gic (TMB)&nbsp;de Fogons&nbsp;a Quart de Poblet.<\/p>\n\n\n\n<p>Per a tancar el mes, el&nbsp;30 de novembre s&#8217;ha programat una ruta senderista a la nova \u00e0rea recreativa de la Pedrera, en la qual els participants podran gaudir d&#8217;un recorregut de 8 km per la PR-CV-162. Esta activitat tamb\u00e9 requerix inscripci\u00f3 pr\u00e8via i \u00e9s recomanable per a persones amb experi\u00e8ncia en senderisme. El regidor ha va afegir que&nbsp;\u201cla creaci\u00f3 d&#8217;esta nova \u00e0rea recreativa \u00e9s una mostra del comprom\u00eds de Torrent per desenrotllar espais que fomenten el respecte i el gaudi responsable de la naturalesa\u201d.<\/p>\n\n\n\n<p>Els interessats a participar en alguna de les activitats poden inscriure&#8217;s a trav\u00e9s del portal d&#8217;inscripcions de l&#8217;Ajuntament de Torrent (https:\/\/inscripciones.torrent.es), en el TDIC o telefonant al 961111111.<\/p>\n\n\n\n<figure class=\"wp-block-image size-full\"><img fetchpriority=\"high\" decoding=\"async\" width=\"598\" height=\"847\" src=\"https:\/\/infotorrent.es\/wp-content\/uploads\/2024\/10\/Mes-medi-R.jpg\" alt=\"\" class=\"wp-image-73477\" srcset=\"https:\/\/infotorrent.es\/wp-content\/uploads\/2024\/10\/Mes-medi-R.jpg 598w, https:\/\/infotorrent.es\/wp-content\/uploads\/2024\/10\/Mes-medi-R-212x300.jpg 212w\" sizes=\"(max-width: 598px) 100vw, 598px\" \/><\/figure>\n\n\n\n<figure class=\"wp-block-image size-full\"><img decoding=\"async\" width=\"599\" height=\"848\" src=\"https:\/\/infotorrent.es\/wp-content\/uploads\/2024\/10\/Mes-medi-V.jpg\" alt=\"\" class=\"wp-image-73479\" srcset=\"https:\/\/infotorrent.es\/wp-content\/uploads\/2024\/10\/Mes-medi-V.jpg 599w, https:\/\/infotorrent.es\/wp-content\/uploads\/2024\/10\/Mes-medi-V-212x300.jpg 212w\" sizes=\"(max-width: 599px) 100vw, 599px\" \/><\/figure>\n","protected":false},"excerpt":{"rendered":"<p>El 24 de novembre se celebrar\u00e0 una Festa del Medi Ambient en l\u2019Hort de Tr\u00e9nor en la qual tamb\u00e9 participaran els personatges Bluey i Bingo Amb l&#8217;arribada de novembre, Torrent es convertix en l&#8217;epicentre de la conscienciaci\u00f3 ambiental i la preservaci\u00f3 del seu patrimoni natural. Durant tot el mes, l&#8217;Ajuntament ha organitzat una \u00e0mplia varietat [&hellip;]<\/p>\n","protected":false},"author":15,"featured_media":73487,"comment_status":"open","ping_status":"open","sticky":false,"template":"","format":"standard","meta":{"_acf_changed":false,"footnotes":""},"categories":[138,1190],"tags":[],"class_list":["post-73483","post","type-post","status-publish","format-standard","has-post-thumbnail","hentry","category-medio-ambiente-2","category-ayuntamiento-de-torrent-ca"],"acf":[],"_links":{"self":[{"href":"https:\/\/infotorrent.es\/ca\/wp-json\/wp\/v2\/posts\/73483","targetHints":{"allow":["GET"]}}],"collection":[{"href":"https:\/\/infotorrent.es\/ca\/wp-json\/wp\/v2\/posts"}],"about":[{"href":"https:\/\/infotorrent.es\/ca\/wp-json\/wp\/v2\/types\/post"}],"author":[{"embeddable":true,"href":"https:\/\/infotorrent.es\/ca\/wp-json\/wp\/v2\/users\/15"}],"replies":[{"embeddable":true,"href":"https:\/\/infotorrent.es\/ca\/wp-json\/wp\/v2\/comments?post=73483"}],"version-history":[{"count":1,"href":"https:\/\/infotorrent.es\/ca\/wp-json\/wp\/v2\/posts\/73483\/revisions"}],"predecessor-version":[{"id":73486,"href":"https:\/\/infotorrent.es\/ca\/wp-json\/wp\/v2\/posts\/73483\/revisions\/73486"}],"wp:featuredmedia":[{"embeddable":true,"href":"https:\/\/infotorrent.es\/ca\/wp-json\/wp\/v2\/media\/73487"}],"wp:attachment":[{"href":"https:\/\/infotorrent.es\/ca\/wp-json\/wp\/v2\/media?parent=73483"}],"wp:term":[{"taxonomy":"category","embeddable":true,"href":"https:\/\/infotorrent.es\/ca\/wp-json\/wp\/v2\/categories?post=73483"},{"taxonomy":"post_tag","embeddable":true,"href":"https:\/\/infotorrent.es\/ca\/wp-json\/wp\/v2\/tags?post=73483"}],"curies":[{"name":"wp","href":"https:\/\/api.w.org\/{rel}","templated":true}]}}