{"id":73471,"date":"2024-10-28T11:08:40","date_gmt":"2024-10-28T10:08:40","guid":{"rendered":"https:\/\/infotorrent.es\/uncategorized\/vuelve-el-viaje-al-pasado-a-traves-de-rutes-del-temps-per-torrent\/"},"modified":"2024-10-28T11:12:48","modified_gmt":"2024-10-28T10:12:48","slug":"vuelve-el-viaje-al-pasado-a-traves-de-rutes-del-temps-per-torrent","status":"publish","type":"post","link":"https:\/\/infotorrent.es\/ca\/noticias-2\/cultura-noticias-2\/vuelve-el-viaje-al-pasado-a-traves-de-rutes-del-temps-per-torrent\/","title":{"rendered":"Torna el viatge al passat a trav\u00e9s de \u2018Rutes del Temps per Torrent\u2019"},"content":{"rendered":"\n<h5 class=\"wp-block-heading\">Despr\u00e9s del gran \u00e8xit d&#8217;assist\u00e8ncia i inter\u00e9s de les edicions anteriors, l&#8217;Ajuntament ha continuat i ampliat el programa<\/h5>\n\n\n\n<h5 class=\"wp-block-heading\">Una experi\u00e8ncia \u00fanica i immersiva en la Cultura, Patrimoni, Hist\u00f2ria, Naturalesa, Rutes, Aventura, Teatre i Diversi\u00f3<\/h5>\n\n\n\n<p>Torna esta tardor a Torrent la iniciativa innovadora cultural i hist\u00f2rica de la regidoria de Cultura de l&#8217;Ajuntament, les \u2018Rutes del Temps per Torrent\u2019, despr\u00e9s de l&#8217;enorme \u00e8xit d&#8217;assist\u00e8ncia de l&#8217;any passat, l&#8217;objectiu principal del qual \u00e9s acostar la hist\u00f2ria i la cultura de Torrent als seus ciutadans i visitants, a trav\u00e9s de les rutes tur\u00edstiques teatralitzades.<\/p>\n\n\n\n<p>Les dos pr\u00f2ximes rutes seran \u2018Torrent Misteri\u00f3s\u2019 que se celebra el 31 d&#8217;octubre amb la teatralitzaci\u00f3 de Cucuruc\u00fa Teatre i les indicacions de l&#8217;investigador Bor C\u00edscar i \u2018Torrent Medieval\u2019 el pr\u00f2xim 30 de novembre amb la teatralitzaci\u00f3 de Cucuruc\u00fa teatre i de guia, el cronista oficial de Torrent, Pepe Royo.<\/p>\n\n\n\n<p>La inscripci\u00f3 \u00e9s gratu\u00efta i per a la primera ruta en la vespra de Tots els Sants, pot realitzar-se a partir de les 17 hores del 28 d&#8217;octubre en el seg\u00fcent enlla\u00e7:<\/p>\n\n\n\n<p><a href=\"https:\/\/inscripciones.torrent.es\/events\/rutes-del-temps-per-torrent-torrent-misterios.\" target=\"_blank\" rel=\"noopener\">https:\/\/inscripciones.torrent.es\/events\/rutes-del-temps-per-torrent-torrent-misterios.<\/a><\/p>\n\n\n\n<p>Les edicions anteriors han sigut un \u00e8xit rotund, amb una gran participaci\u00f3 ciutadana i una resposta entusiasta del p\u00fablic. La tem\u00e0tica variada comprenia des de \u2018Misteri i Secrets\u2019, ruta que se centraven en revelar els misteris i secrets ocults de la ciutat. \u2018Hist\u00f2ria Medieval\u2019, dedicada a explorar el passat medieval de Torrent, oferint als participants una visi\u00f3 de la vida a la ciutat durant esta \u00e8poca hist\u00f2rica i \u2018Patrimoni Natural\u2019, on els participants van rec\u00f3rrer el Reg Mil\u00b7lenari del Barranc de l&#8217;Horteta, un exemple del ric patrimoni hidr\u00e0ulic de la zona, entre altres rutes interessants, entre altres. Com han sigut:<\/p>\n\n\n\n<p>31 octubre 2023: Torrent Misteri\u00f3s<\/p>\n\n\n\n<p>25 novembre 2023: Torrent Medieval<\/p>\n\n\n\n<p>27 abril 2024: Torrent Modernista<\/p>\n\n\n\n<p>18 maig 2024: Ruta de l\u2019Aigua i el seu passat agr\u00edcola<\/p>\n\n\n\n<p>30 juny 2024: El Reg Milenari del Barranc de l\u2019Horteta<\/p>\n\n\n\n<p>Les \u2018Rutes del Temps per Torrent\u2019 \u00e9s una experi\u00e8ncia \u00fanica i immersiva que oferixen una oportunitat per a con\u00e9ixer la hist\u00f2ria m\u00e9s singular del municipi. Una fascinant combinaci\u00f3 de cultura, patrimoni, hist\u00f2ria, senderisme i teatre que permet als participants endinsar-se en el passat de la ciutat de Torrent. Estes rutes s\u00f3n una iniciativa que busca acostar la hist\u00f2ria local als ciutadans d&#8217;una forma l\u00fadica i educativa. Durant estos recorreguts, els participants tenen l&#8217;oportunitat de con\u00e9ixer els llocs m\u00e9s emblem\u00e0tics de Torrent i aprendre sobre els seus secrets i curiositats.<\/p>\n\n\n\n<p>La f\u00f3rmula de l&#8217;\u00e8xit \u00e9s la combinaci\u00f3 f\u00edsica dels carrers, camins i senderes de la ciutat, complementat amb representacions teatrals i narracions, que donen vida a diferents per\u00edodes de la hist\u00f2ria i les seues curiositats. Els participants seguixen a un guia expert que els condu\u00efx a trav\u00e9s de diversos punts d&#8217;inter\u00e9s, mentres actors professionals de les companyies com GTI Teatre i Cucuruc\u00fa Teatre realitzen escenes que il\u00b7lustren moments hist\u00f2rics significatius, que ajuden a interpretar i descobrir les curiositats i misteris de Torrent, d&#8217;una manera atractiva, did\u00e0ctica i divertida per a tots els p\u00fablics.<\/p>\n\n\n\n<p>Aix\u00ed mateix, les \u2018Rutes del Temps per Torrent\u2019, es transformen en una ferramenta fonamental per a la promoci\u00f3 i difusi\u00f3 tur\u00edstica de Torrent, ja que atrauen visitants interessats en una experi\u00e8ncia cultural diferent.<\/p>\n\n\n\n<p>El regidor de cultura, Aitor S\u00e1nchez ha manifestat que \u201cl&#8217;Ajuntament de Torrent, conscient del rotund \u00e8xit d&#8217;esta iniciativa i el gran acolliment dels participants, ha decidit mantindre i ampliar per a esta tardor i futures edicions. Les \u2018Rutes del Temps per Torrent\u2019 s&#8217;han convertit en una part important de l&#8217;oferta cultural de la ciutat, oferint una experi\u00e8ncia atractiva i interactiva d&#8217;explorar el ric patrimoni hist\u00f2ric, cultural i natural de Torrent d&#8217;una manera \u00fanica i immersiva, contribuint aix\u00ed a la promoci\u00f3 i preservaci\u00f3 de la seua cultura\u201d.<\/p>\n\n\n\n<p>\u201cEstes rutes representen una experi\u00e8ncia \u00fanica per a submergir-se en la hist\u00f2ria de Torrent de manera divertida i educativa, al mateix temps que es fa costat al talent local dels grups de teatre. Estos itineraris tem\u00e0tics que estan animats i interpretats per personatges de l&#8217;\u00e8poca, que ens ajuden a interpretar i descobrir curiositats i secrets de Torrent de manera did\u00e0ctica, divertida i familiar, ja que considerem que \u00e9s una gran oportunitat perqu\u00e8 els m\u00e9s xicotets puguen con\u00e9ixer m\u00e9s sobre el nostre patrimoni cultural, hist\u00f2ric i natural&#8221;,&nbsp;ha assenyalat el regidor.<\/p>\n\n\n\n<figure class=\"wp-block-image size-large\"><img fetchpriority=\"high\" decoding=\"async\" width=\"702\" height=\"1024\" src=\"https:\/\/infotorrent.es\/wp-content\/uploads\/2024\/10\/WhatsApp-Image-2024-10-28-at-10.48.30-702x1024.jpeg\" alt=\"\" class=\"wp-image-73466\" srcset=\"https:\/\/infotorrent.es\/wp-content\/uploads\/2024\/10\/WhatsApp-Image-2024-10-28-at-10.48.30-702x1024.jpeg 702w, https:\/\/infotorrent.es\/wp-content\/uploads\/2024\/10\/WhatsApp-Image-2024-10-28-at-10.48.30-206x300.jpeg 206w, https:\/\/infotorrent.es\/wp-content\/uploads\/2024\/10\/WhatsApp-Image-2024-10-28-at-10.48.30-768x1120.jpeg 768w, https:\/\/infotorrent.es\/wp-content\/uploads\/2024\/10\/WhatsApp-Image-2024-10-28-at-10.48.30-1053x1536.jpeg 1053w, https:\/\/infotorrent.es\/wp-content\/uploads\/2024\/10\/WhatsApp-Image-2024-10-28-at-10.48.30.jpeg 1097w\" sizes=\"(max-width: 702px) 100vw, 702px\" \/><\/figure>\n","protected":false},"excerpt":{"rendered":"<p>Despr\u00e9s del gran \u00e8xit d&#8217;assist\u00e8ncia i inter\u00e9s de les edicions anteriors, l&#8217;Ajuntament ha continuat i ampliat el programa Una experi\u00e8ncia \u00fanica i immersiva en la Cultura, Patrimoni, Hist\u00f2ria, Naturalesa, Rutes, Aventura, Teatre i Diversi\u00f3 Torna esta tardor a Torrent la iniciativa innovadora cultural i hist\u00f2rica de la regidoria de Cultura de l&#8217;Ajuntament, les \u2018Rutes del [&hellip;]<\/p>\n","protected":false},"author":15,"featured_media":73475,"comment_status":"open","ping_status":"open","sticky":false,"template":"","format":"standard","meta":{"_acf_changed":false,"footnotes":""},"categories":[756,1190],"tags":[],"class_list":["post-73471","post","type-post","status-publish","format-standard","has-post-thumbnail","hentry","category-cultura-noticias-2","category-ayuntamiento-de-torrent-ca"],"acf":[],"_links":{"self":[{"href":"https:\/\/infotorrent.es\/ca\/wp-json\/wp\/v2\/posts\/73471","targetHints":{"allow":["GET"]}}],"collection":[{"href":"https:\/\/infotorrent.es\/ca\/wp-json\/wp\/v2\/posts"}],"about":[{"href":"https:\/\/infotorrent.es\/ca\/wp-json\/wp\/v2\/types\/post"}],"author":[{"embeddable":true,"href":"https:\/\/infotorrent.es\/ca\/wp-json\/wp\/v2\/users\/15"}],"replies":[{"embeddable":true,"href":"https:\/\/infotorrent.es\/ca\/wp-json\/wp\/v2\/comments?post=73471"}],"version-history":[{"count":1,"href":"https:\/\/infotorrent.es\/ca\/wp-json\/wp\/v2\/posts\/73471\/revisions"}],"predecessor-version":[{"id":73474,"href":"https:\/\/infotorrent.es\/ca\/wp-json\/wp\/v2\/posts\/73471\/revisions\/73474"}],"wp:featuredmedia":[{"embeddable":true,"href":"https:\/\/infotorrent.es\/ca\/wp-json\/wp\/v2\/media\/73475"}],"wp:attachment":[{"href":"https:\/\/infotorrent.es\/ca\/wp-json\/wp\/v2\/media?parent=73471"}],"wp:term":[{"taxonomy":"category","embeddable":true,"href":"https:\/\/infotorrent.es\/ca\/wp-json\/wp\/v2\/categories?post=73471"},{"taxonomy":"post_tag","embeddable":true,"href":"https:\/\/infotorrent.es\/ca\/wp-json\/wp\/v2\/tags?post=73471"}],"curies":[{"name":"wp","href":"https:\/\/api.w.org\/{rel}","templated":true}]}}