{"id":73449,"date":"2024-10-27T13:59:21","date_gmt":"2024-10-27T12:59:21","guid":{"rendered":"https:\/\/infotorrent.es\/uncategorized\/torrent-exalta-a-ana-barbera-palop-como-su-fallera-mayor-infantil-2025\/"},"modified":"2024-10-27T14:06:42","modified_gmt":"2024-10-27T13:06:42","slug":"torrent-exalta-a-ana-barbera-palop-como-su-fallera-mayor-infantil-2025","status":"publish","type":"post","link":"https:\/\/infotorrent.es\/ca\/alcaldia-2\/torrent-exalta-a-ana-barbera-palop-como-su-fallera-mayor-infantil-2025\/","title":{"rendered":"Torrent exalta a Ana Barber\u00e1 Palop com la seua Fallera Major Infantil 2025"},"content":{"rendered":"\n<p><strong>Ana ha llu\u00eft un estret de seda de Vives i Mari de nom \u201cSanta Estrella\u201d en color blau SURS del indumentarista Flor d\u00b4Aigua<\/strong><\/p>\n\n\n\n<p>La ciutat de Torrent ha retut homenatge a la seua Fallera Major Infantil 2025, Ana Barber\u00e1 Palop, en un acte d&#8217;Exaltaci\u00f3 que ha tingut lloc este diumenge al mat\u00ed en el Auditori de la capital de l&#8217;Horta Sud. La cerim\u00f2nia, en la qual Ana i la seua Cort d&#8217;Honor han rebut la Joia i la Banda que els acrediten com a m\u00e0ximes representants infantils de les festes falleres, amb la participaci\u00f3 de nombrosos representants infantils de les falles, amics, familiars i personalitats destacades de la societat torrentina.<\/p>\n\n\n\n<p>Per a esta ocasi\u00f3 tan especial, Ana Barber\u00e1 ha revelat el seu secret millor guardat, un estret de seda de Vives i Mari de nom \u201cSanta Estrella\u201d en color blau SURS del indumentarista Flor d\u00b4Aigua. El vestit de fallera s&#8217;ha complementat amb les manteletes de Viana, el ahuecador de Margarita Vercher i les sinag\u00fces de la mateixa casa, brodada amb la seua <em>nombe. Els calcetins de cot\u00f3 d&#8217;Artesania Domingo i les sabates de Roberto de Torrent. La Cort d&#8217;Honor tamb\u00e9 ha llu\u00eft els seus vestits confeccionats per Flor d\u00b4<\/em>Aigua, amb un teixit de Vives i Mari de nom \u201cNeroli\u201d. Marta i Elena en color Salmone, Daniela i Carla en color Junt, Alba i Sara en color Banana i Lola i Nuria en color Lambro.<\/p>\n\n\n\n<p>El mat\u00ed ha comen\u00e7at amb un espectacle titulat \u201cQue no s\u2019apague la flama\u201d en el qual han actuat tres fallers infantils de Torrent, real\u00e7ant el paper dels xiquets i les xiquetes en el m\u00f3n de les falles, no sols en el futur sin\u00f3 tamb\u00e9 en el present, contagiant el seu esperit faller a tots. Esperit de tradici\u00f3, diversi\u00f3, somnis, il\u00b7lusi\u00f3 i felicitat que han compaginat amb tradicionals can\u00e7ons de pel\u00b7l\u00edcules cl\u00e0ssiques infantils que han representat fallers de totes les comissions, el grup de playbacks de la Falla Antoni Pardo, el grup de playbacks falla Pla\u00e7a de Lepant de Benet\u00fasser i el grup de playbacks infantil de la falla Lope de Rueda.<\/p>\n\n\n\n<p>La presentaci\u00f3 de l&#8217;Exaltaci\u00f3 ha estat a c\u00e0rrec de Carmen Furi\u00f3 G\u00f3mez, membre de la Cort de la Fallera Major Infantil de Torrent 2022 i de la Falla Pla\u00e7a Sant Roc G\u00f3mez Ferrer, igual que Ana Barber\u00e1. Com ja es va avan\u00e7ar este passat divendres, ha exercit de mantenidora, la periodista Silvia Tom\u00e1s, qui ha dedicat emotives paraules a la Fallera Major Infantil de Torrent, Ana Barber\u00e1. Tom\u00e1s \u00e9s directora de Relacions Institucionals dels mitjans de comunicaci\u00f3 que el grup Premsa Ib\u00e8rica a Val\u00e8ncia: dels diaris Levante-EMV, Superdeporte i la televisi\u00f3 LevanteTV.<\/p>\n\n\n\n<p>Un dels moments m\u00e9s emotius de la nit ha sigut la imposici\u00f3 de la banda a Ana Barber\u00e1 i la seua Cort d&#8217;Honor, que com a marca la tradici\u00f3 ha estat a c\u00e0rrec de l&#8217;alcaldessa de Torrent, Amparo Folgado.<\/p>\n\n\n\n<p>En la seua intervenci\u00f3, l&#8217;alcaldessa de Torrent, Amparo Folgado, ha destacat la import\u00e0ncia de preservar les tradicions falleres i de com la inf\u00e0ncia de Torrent, representada per Ana Barber\u00e1 i la seua Cort d&#8217;Honor, simbolitza el futur de les festes de la ciutat. <strong>&#8220;Hui celebrem el comprom\u00eds i la il\u00b7lusi\u00f3 que Ana i cadascuna de les seues amigues de la Cort porten en el seu cor per les nostres arrels i tradicions&#8221;<\/strong>, ha afirmat Folgado. L&#8217;alcaldessa tamb\u00e9 ha destacat la tradici\u00f3 i comprom\u00eds d&#8217;Ana i la seua fam\u00edlia amb cadascuna de les festes de Torrent, ja que tant la seua mare Au Mar\u00eda, com el seu primer Lliri blanc, han sigut Reines de la Trobada i el seu avi Jos\u00e9 Mar\u00eda, President de la JCHHSS durant molts anys.<\/p>\n\n\n\n<p>A m\u00e9s, Folgado ha expressat el seu agra\u00efment a totes les comissions falleres i als familiars i amics presents, pel suport constant que oferixen a les noves generacions en el seu amor per les Falles. <strong>&#8220;Torrent continua brillant amb la llum dels seus xiquets i xiquetes, els qui demostren que les Falles s\u00f3n molt m\u00e9s que una festa; s\u00f3n una expressi\u00f3 viva de la nostra identitat col\u00b7lectiva i dels nostres valors&#8221;.<\/strong><\/p>\n\n\n\n<p>Ana ha decidit que l&#8217;import de les canastillas que anava a rebre de les diferents institucions i associacions, es destinen a l&#8217;associaci\u00f3 ADISTO. Acompanyant a Ana en este mat\u00ed especial han estat Luc\u00eda Garc\u00eda, Fallera Major Infantil de Val\u00e8ncia 2025 i In\u00e9s Merino, Reina Infantil de les Festes de Segorbe, aix\u00ed com representants de diverses juntes locals amigues. Amb esta exaltaci\u00f3, Ana Barber\u00e1 i la seua Cort d&#8217;Honor han rebut oficialment els emblemes que les identifiquen com les m\u00e0ximes representants infantils de les Falles de Torrent per a l&#8217;any 2025, la banda i la joia.<\/p>\n\n\n\n<p>L&#8217;exaltaci\u00f3 s&#8217;ha pogut seguir en directe a trav\u00e9s de les xarxes socials de l&#8217;Ajuntament de Torrent i de 7 Televalencia per a tota la prov\u00edncia de Val\u00e8ncia.<\/p>\n\n\n\n<p>Despr\u00e9s de les exaltacions d&#8217;Alicia i d&#8217;Ana, tant elles com les seues Corts d&#8217;Honor porten la banda que les acredita com a m\u00e0ximes representants de les Falles de Torrent.<\/p>\n\n\n\n<figure class=\"wp-block-image size-large\"><img fetchpriority=\"high\" decoding=\"async\" width=\"1024\" height=\"726\" src=\"https:\/\/infotorrent.es\/wp-content\/uploads\/2024\/10\/2-15-1024x726.jpg\" alt=\"\" class=\"wp-image-73436\" srcset=\"https:\/\/infotorrent.es\/wp-content\/uploads\/2024\/10\/2-15-1024x726.jpg 1024w, https:\/\/infotorrent.es\/wp-content\/uploads\/2024\/10\/2-15-300x213.jpg 300w, https:\/\/infotorrent.es\/wp-content\/uploads\/2024\/10\/2-15-768x544.jpg 768w, https:\/\/infotorrent.es\/wp-content\/uploads\/2024\/10\/2-15-1536x1089.jpg 1536w, https:\/\/infotorrent.es\/wp-content\/uploads\/2024\/10\/2-15.jpg 1600w\" sizes=\"(max-width: 1024px) 100vw, 1024px\" \/><\/figure>\n\n\n\n<figure class=\"wp-block-gallery has-nested-images columns-default is-cropped wp-block-gallery-1 is-layout-flex wp-block-gallery-is-layout-flex\">\n<figure class=\"wp-block-image size-large\"><img decoding=\"async\" width=\"1024\" height=\"682\" data-id=\"73444\" src=\"https:\/\/infotorrent.es\/wp-content\/uploads\/2024\/10\/1-14-1024x682.jpg\" alt=\"\" class=\"wp-image-73444\" srcset=\"https:\/\/infotorrent.es\/wp-content\/uploads\/2024\/10\/1-14-1024x682.jpg 1024w, https:\/\/infotorrent.es\/wp-content\/uploads\/2024\/10\/1-14-300x200.jpg 300w, https:\/\/infotorrent.es\/wp-content\/uploads\/2024\/10\/1-14-768x512.jpg 768w, https:\/\/infotorrent.es\/wp-content\/uploads\/2024\/10\/1-14-1536x1023.jpg 1536w, https:\/\/infotorrent.es\/wp-content\/uploads\/2024\/10\/1-14.jpg 1600w\" sizes=\"(max-width: 1024px) 100vw, 1024px\" \/><\/figure>\n\n\n\n<figure class=\"wp-block-image size-large\"><img decoding=\"async\" width=\"1024\" height=\"659\" data-id=\"73438\" src=\"https:\/\/infotorrent.es\/wp-content\/uploads\/2024\/10\/3-11-1024x659.jpg\" alt=\"\" class=\"wp-image-73438\" srcset=\"https:\/\/infotorrent.es\/wp-content\/uploads\/2024\/10\/3-11-1024x659.jpg 1024w, https:\/\/infotorrent.es\/wp-content\/uploads\/2024\/10\/3-11-300x193.jpg 300w, https:\/\/infotorrent.es\/wp-content\/uploads\/2024\/10\/3-11-768x494.jpg 768w, https:\/\/infotorrent.es\/wp-content\/uploads\/2024\/10\/3-11-1536x988.jpg 1536w, https:\/\/infotorrent.es\/wp-content\/uploads\/2024\/10\/3-11.jpg 1585w\" sizes=\"(max-width: 1024px) 100vw, 1024px\" \/><\/figure>\n\n\n\n<figure class=\"wp-block-image size-large\"><img loading=\"lazy\" decoding=\"async\" width=\"1024\" height=\"663\" data-id=\"73439\" src=\"https:\/\/infotorrent.es\/wp-content\/uploads\/2024\/10\/4-10-1024x663.jpg\" alt=\"\" class=\"wp-image-73439\" srcset=\"https:\/\/infotorrent.es\/wp-content\/uploads\/2024\/10\/4-10-1024x663.jpg 1024w, https:\/\/infotorrent.es\/wp-content\/uploads\/2024\/10\/4-10-300x194.jpg 300w, https:\/\/infotorrent.es\/wp-content\/uploads\/2024\/10\/4-10-768x497.jpg 768w, https:\/\/infotorrent.es\/wp-content\/uploads\/2024\/10\/4-10.jpg 1522w\" sizes=\"(max-width: 1024px) 100vw, 1024px\" \/><\/figure>\n\n\n\n<figure class=\"wp-block-image size-large\"><img loading=\"lazy\" decoding=\"async\" width=\"1024\" height=\"682\" data-id=\"73442\" src=\"https:\/\/infotorrent.es\/wp-content\/uploads\/2024\/10\/5-7-1024x682.jpg\" alt=\"\" class=\"wp-image-73442\" srcset=\"https:\/\/infotorrent.es\/wp-content\/uploads\/2024\/10\/5-7-1024x682.jpg 1024w, https:\/\/infotorrent.es\/wp-content\/uploads\/2024\/10\/5-7-300x200.jpg 300w, https:\/\/infotorrent.es\/wp-content\/uploads\/2024\/10\/5-7-768x512.jpg 768w, https:\/\/infotorrent.es\/wp-content\/uploads\/2024\/10\/5-7-1536x1023.jpg 1536w, https:\/\/infotorrent.es\/wp-content\/uploads\/2024\/10\/5-7.jpg 1600w\" sizes=\"(max-width: 1024px) 100vw, 1024px\" \/><\/figure>\n<\/figure>\n","protected":false},"excerpt":{"rendered":"<p>Ana ha llu\u00eft un estret de seda de Vives i Mari de nom \u201cSanta Estrella\u201d en color blau SURS del indumentarista Flor d\u00b4Aigua La ciutat de Torrent ha retut homenatge a la seua Fallera Major Infantil 2025, Ana Barber\u00e1 Palop, en un acte d&#8217;Exaltaci\u00f3 que ha tingut lloc este diumenge al mat\u00ed en el Auditori [&hellip;]<\/p>\n","protected":false},"author":2,"featured_media":73450,"comment_status":"open","ping_status":"open","sticky":false,"template":"","format":"standard","meta":{"_acf_changed":false,"footnotes":""},"categories":[141,1171],"tags":[],"class_list":["post-73449","post","type-post","status-publish","format-standard","has-post-thumbnail","hentry","category-alcaldia-2","category-fallas-ca"],"acf":[],"_links":{"self":[{"href":"https:\/\/infotorrent.es\/ca\/wp-json\/wp\/v2\/posts\/73449","targetHints":{"allow":["GET"]}}],"collection":[{"href":"https:\/\/infotorrent.es\/ca\/wp-json\/wp\/v2\/posts"}],"about":[{"href":"https:\/\/infotorrent.es\/ca\/wp-json\/wp\/v2\/types\/post"}],"author":[{"embeddable":true,"href":"https:\/\/infotorrent.es\/ca\/wp-json\/wp\/v2\/users\/2"}],"replies":[{"embeddable":true,"href":"https:\/\/infotorrent.es\/ca\/wp-json\/wp\/v2\/comments?post=73449"}],"version-history":[{"count":1,"href":"https:\/\/infotorrent.es\/ca\/wp-json\/wp\/v2\/posts\/73449\/revisions"}],"predecessor-version":[{"id":73452,"href":"https:\/\/infotorrent.es\/ca\/wp-json\/wp\/v2\/posts\/73449\/revisions\/73452"}],"wp:featuredmedia":[{"embeddable":true,"href":"https:\/\/infotorrent.es\/ca\/wp-json\/wp\/v2\/media\/73450"}],"wp:attachment":[{"href":"https:\/\/infotorrent.es\/ca\/wp-json\/wp\/v2\/media?parent=73449"}],"wp:term":[{"taxonomy":"category","embeddable":true,"href":"https:\/\/infotorrent.es\/ca\/wp-json\/wp\/v2\/categories?post=73449"},{"taxonomy":"post_tag","embeddable":true,"href":"https:\/\/infotorrent.es\/ca\/wp-json\/wp\/v2\/tags?post=73449"}],"curies":[{"name":"wp","href":"https:\/\/api.w.org\/{rel}","templated":true}]}}