{"id":73428,"date":"2024-10-26T21:03:32","date_gmt":"2024-10-26T19:03:32","guid":{"rendered":"https:\/\/infotorrent.es\/uncategorized\/torrent-exalta-a-alicia-moreno-jimenez-como-su-fallera-mayor-2025\/"},"modified":"2024-10-26T22:20:20","modified_gmt":"2024-10-26T20:20:20","slug":"torrent-exalta-a-alicia-moreno-jimenez-como-su-fallera-mayor-2025","status":"publish","type":"post","link":"https:\/\/infotorrent.es\/ca\/alcaldia-2\/torrent-exalta-a-alicia-moreno-jimenez-como-su-fallera-mayor-2025\/","title":{"rendered":"Torrent exalta a Alicia Moreno Jim\u00e9nez com la seua Fallera Major 2025"},"content":{"rendered":"\n<p><strong>Alicia ha revelat el seu estret de Vives i Mar\u00ed en un color elegant blau infant i denominat \u201cBacus\u201d<\/strong><\/p>\n\n\n\n<p>La ciutat de Torrent ha retut homenatge a la seua Fallera Major 2025, Alicia Moreno Jim\u00e9nez, en un acte d&#8217;Exaltaci\u00f3 que ha tingut lloc este dissabte en el Auditori de la capital de l&#8217;Horta Sud. La cerim\u00f2nia, en la qual Alicia i la seua Cort d&#8217;Honor han rebut la joia i la banda que els acrediten com a m\u00e0ximes representants de les festes falleres, ha sigut una celebraci\u00f3 de les tradicions i l&#8217;esperit faller, amb la participaci\u00f3 de nombrosos fallers, amics, familiars i personalitats destacades de la societat torrentina.<\/p>\n\n\n\n<p>Per a esta ocasi\u00f3 tan especial, Alicia Moreno ha sorpr\u00e9s amb la seua elecci\u00f3 d&#8217;indument\u00e0ria, revelant el seu vestit confeccionat en seda de Vives i Mari, sota el nom \u201cBacus,\u201d en un elegant color blau infant. La pe\u00e7a, elaborada per SC Indumentaristas, ha sigut complementada per diversos detalls que exalten l&#8217;art i la cultura fallera: les manteletes de Viana, el al\u00e7aor de Mavimar, el lligacames de SC Indument\u00e0ria, les calces personalitzades de Domingo Artesan\u00edas T\u00e8xtils, les sabates de Paco Ochoa i un medall\u00f3 de Dalmau. La Cort d&#8217;Honor, composta per Rebeca, Ana, Sara, Eva, Tamara i Aida, tamb\u00e9 ha llu\u00eft vestits confeccionats per <em>SC Indument\u00e0ria, realitzats amb un teixit de Vives i Mari denominat \u201c<\/em>Senedr\u00edn\u201d i en colors que ressalten la personalitat de cada integrant: verd bosc per a Rebeca i Ana, bordeus per a Sara i Eva, i negre per a Aida i Tamara.<\/p>\n\n\n\n<p>La #vesprada ha comen\u00e7at amb un espectacle titulat \u201cSabor a Torrent,\u201d un tribut al producte m\u00e9s emblem\u00e0tic de la ciutat: el xocolate, que fa 500 anys va arribar a terres valencianes. Este homenatge, que destaca el sabor i l&#8217;ess\u00e8ncia del xocolate com a s\u00edmbol de la identitat torrentina, ha incl\u00f2s la participaci\u00f3 del ballet de Rsants, acompanyat per fallers de la ciutat i el grup de percussi\u00f3 de la Germandat dels Set Paraules, a m\u00e9s de la col\u00b7laboraci\u00f3 especial de Xocolate Rafael Andreu. Este espectacle ha captivat als assistents amb una combinaci\u00f3 de danses tradicionals i contempor\u00e0nies, creant un ambient d&#8217;arrelament a les arrels culturals de Torrent.<\/p>\n\n\n\n<p>La presentaci\u00f3 de l&#8217;Exaltaci\u00f3 ha estat a c\u00e0rrec d&#8217;Esther Veguer Montoro, Fallera Major de Torrent en 2015 i membre de la Falla Carrer Benem\u00e8rita Gu\u00e0rdia Civil, igual que Alicia Moreno. La cerim\u00f2nia tamb\u00e9 ha comptat com ja es va anunciar ahir, amb la pres\u00e8ncia de Raquel Alario Bernab\u00e9, Fallera Major de Val\u00e8ncia en 2017, qui ha exercit de mantenidora i ha dedicat emotives paraules a la Fallera Major de Torrent, Alicia Moreno.<\/p>\n\n\n\n<p>Un dels moments m\u00e9s emotius de la nit ha sigut la imposici\u00f3 de la Banda i la \u2018Joia\u2019 a Alicia Moreno i les Bandes a la seua Cort d&#8217;Honor, que com a marca la tradici\u00f3 ha estat a c\u00e0rrec de l&#8217;alcaldessa de Torrent, Amparo Folgado, qui ha destacat la import\u00e0ncia de mantindre vives les tradicions i el paper de les falleres en la promoci\u00f3 de la cultura valenciana. Despr\u00e9s de la imposici\u00f3, el president de Junta Local Fallera de Torrent, Aitor S\u00e1nchez li feia lliurament del quadre-pergam\u00ed que l&#8217;acredita com a Fallera Major de Torrent 2025.<\/p>\n\n\n\n<p>Folgado ha afirmat,<strong> \u201cAlicia, tens davant teu un any \u00fanic i emocionant, ple de responsabilitats i alegries. Des de l&#8217;Ajuntament, i en nom de tota la ciutat, vull dir-te que Torrent est\u00e0 amb tu i amb totes les integrants de la teua Cort d&#8217;Honor\u201d<\/strong>. A m\u00e9s, ha assenyalat que <strong>\u201cEstic segura que ser\u00e0s una Fallera Major exemplar, portant el nom de Torrent amb orgull i dignitat en cada acte, per tota la Comunitat Valenciana.\u201d<\/strong><\/p>\n\n\n\n<p>L&#8217;alcaldessa tamb\u00e9 ha reconegut el gest solidari d&#8217;Alicia Moreno, qui ha decidit destinar els diners de les tradicionals canastillas que li oferien les entitats a la Fundaci\u00f3 Llars de Sant Mart\u00ed de Porres i Santa Rosa de Lima. Esta organitzaci\u00f3 oferix una llar a persones sense sostre, malalts cr\u00f2nics i dones v\u00edctimes de viol\u00e8ncia a la ciutat de Torrent, demostrant el comprom\u00eds de la Fallera Major amb els m\u00e9s necessitats.<\/p>\n\n\n\n<p>Acompanyant a Alicia en esta nit especial ha estat Paula Tortajada, Reina de les Festes de Segorbe, aix\u00ed com representants de diverses juntes locals amigues. Amb esta exaltaci\u00f3, Alicia Moreno i la seua Cort d&#8217;Honor han rebut oficialment els emblemes que les identifiquen com les m\u00e0ximes representants de les Falles de Torrent per a l&#8217;any 2025.<\/p>\n\n\n\n<p>L&#8217;exaltaci\u00f3 s&#8217;ha pogut seguir en directe a trav\u00e9s de les xarxes socials de l&#8217;Ajuntament de Torrent i de 7 Televalencia per a tota la prov\u00edncia de Val\u00e8ncia.<\/p>\n\n\n\n<p>Ma\u00f1ana domingo ser\u00e1 el turno de Ana Barber\u00e1 Palop y su Corte de Honor que ser\u00e1 exaltada en el mismo Auditori de Torrent, con la recepci\u00f3n a partir de las 11 horas y de la que ya se conoce el nombre de su mantenedora, Silvia Tom\u00e1s.<\/p>\n\n\n\n<figure class=\"wp-block-image size-large\"><img fetchpriority=\"high\" decoding=\"async\" width=\"1024\" height=\"682\" src=\"https:\/\/infotorrent.es\/wp-content\/uploads\/2024\/10\/1-13-1024x682.jpg\" alt=\"\" class=\"wp-image-73418\" srcset=\"https:\/\/infotorrent.es\/wp-content\/uploads\/2024\/10\/1-13-1024x682.jpg 1024w, https:\/\/infotorrent.es\/wp-content\/uploads\/2024\/10\/1-13-300x200.jpg 300w, https:\/\/infotorrent.es\/wp-content\/uploads\/2024\/10\/1-13-768x512.jpg 768w, https:\/\/infotorrent.es\/wp-content\/uploads\/2024\/10\/1-13-1536x1023.jpg 1536w, https:\/\/infotorrent.es\/wp-content\/uploads\/2024\/10\/1-13.jpg 1600w\" sizes=\"(max-width: 1024px) 100vw, 1024px\" \/><\/figure>\n\n\n\n<figure class=\"wp-block-gallery has-nested-images columns-default is-cropped wp-block-gallery-1 is-layout-flex wp-block-gallery-is-layout-flex\">\n<figure class=\"wp-block-image size-large\"><img decoding=\"async\" width=\"1024\" height=\"682\" data-id=\"73422\" src=\"https:\/\/infotorrent.es\/wp-content\/uploads\/2024\/10\/2-14-1024x682.jpg\" alt=\"\" class=\"wp-image-73422\" srcset=\"https:\/\/infotorrent.es\/wp-content\/uploads\/2024\/10\/2-14-1024x682.jpg 1024w, https:\/\/infotorrent.es\/wp-content\/uploads\/2024\/10\/2-14-300x200.jpg 300w, https:\/\/infotorrent.es\/wp-content\/uploads\/2024\/10\/2-14-768x512.jpg 768w, https:\/\/infotorrent.es\/wp-content\/uploads\/2024\/10\/2-14-1536x1023.jpg 1536w, https:\/\/infotorrent.es\/wp-content\/uploads\/2024\/10\/2-14.jpg 1600w\" sizes=\"(max-width: 1024px) 100vw, 1024px\" \/><\/figure>\n\n\n\n<figure class=\"wp-block-image size-large\"><img decoding=\"async\" width=\"1024\" height=\"682\" data-id=\"73424\" src=\"https:\/\/infotorrent.es\/wp-content\/uploads\/2024\/10\/3-10-1024x682.jpg\" alt=\"\" class=\"wp-image-73424\" srcset=\"https:\/\/infotorrent.es\/wp-content\/uploads\/2024\/10\/3-10-1024x682.jpg 1024w, https:\/\/infotorrent.es\/wp-content\/uploads\/2024\/10\/3-10-300x200.jpg 300w, https:\/\/infotorrent.es\/wp-content\/uploads\/2024\/10\/3-10-768x512.jpg 768w, https:\/\/infotorrent.es\/wp-content\/uploads\/2024\/10\/3-10-1536x1023.jpg 1536w, https:\/\/infotorrent.es\/wp-content\/uploads\/2024\/10\/3-10.jpg 1600w\" sizes=\"(max-width: 1024px) 100vw, 1024px\" \/><\/figure>\n\n\n\n<figure class=\"wp-block-image size-large\"><img loading=\"lazy\" decoding=\"async\" width=\"1024\" height=\"692\" data-id=\"73420\" src=\"https:\/\/infotorrent.es\/wp-content\/uploads\/2024\/10\/4-9-1024x692.jpg\" alt=\"\" class=\"wp-image-73420\" srcset=\"https:\/\/infotorrent.es\/wp-content\/uploads\/2024\/10\/4-9-1024x692.jpg 1024w, https:\/\/infotorrent.es\/wp-content\/uploads\/2024\/10\/4-9-300x203.jpg 300w, https:\/\/infotorrent.es\/wp-content\/uploads\/2024\/10\/4-9-768x519.jpg 768w, https:\/\/infotorrent.es\/wp-content\/uploads\/2024\/10\/4-9-1536x1038.jpg 1536w, https:\/\/infotorrent.es\/wp-content\/uploads\/2024\/10\/4-9.jpg 1599w\" sizes=\"(max-width: 1024px) 100vw, 1024px\" \/><\/figure>\n<\/figure>\n","protected":false},"excerpt":{"rendered":"<p>Alicia ha revelat el seu estret de Vives i Mar\u00ed en un color elegant blau infant i denominat \u201cBacus\u201d La ciutat de Torrent ha retut homenatge a la seua Fallera Major 2025, Alicia Moreno Jim\u00e9nez, en un acte d&#8217;Exaltaci\u00f3 que ha tingut lloc este dissabte en el Auditori de la capital de l&#8217;Horta Sud. La [&hellip;]<\/p>\n","protected":false},"author":2,"featured_media":73429,"comment_status":"open","ping_status":"open","sticky":false,"template":"","format":"standard","meta":{"_acf_changed":false,"footnotes":""},"categories":[141,1171],"tags":[],"class_list":["post-73428","post","type-post","status-publish","format-standard","has-post-thumbnail","hentry","category-alcaldia-2","category-fallas-ca"],"acf":[],"_links":{"self":[{"href":"https:\/\/infotorrent.es\/ca\/wp-json\/wp\/v2\/posts\/73428","targetHints":{"allow":["GET"]}}],"collection":[{"href":"https:\/\/infotorrent.es\/ca\/wp-json\/wp\/v2\/posts"}],"about":[{"href":"https:\/\/infotorrent.es\/ca\/wp-json\/wp\/v2\/types\/post"}],"author":[{"embeddable":true,"href":"https:\/\/infotorrent.es\/ca\/wp-json\/wp\/v2\/users\/2"}],"replies":[{"embeddable":true,"href":"https:\/\/infotorrent.es\/ca\/wp-json\/wp\/v2\/comments?post=73428"}],"version-history":[{"count":2,"href":"https:\/\/infotorrent.es\/ca\/wp-json\/wp\/v2\/posts\/73428\/revisions"}],"predecessor-version":[{"id":73434,"href":"https:\/\/infotorrent.es\/ca\/wp-json\/wp\/v2\/posts\/73428\/revisions\/73434"}],"wp:featuredmedia":[{"embeddable":true,"href":"https:\/\/infotorrent.es\/ca\/wp-json\/wp\/v2\/media\/73429"}],"wp:attachment":[{"href":"https:\/\/infotorrent.es\/ca\/wp-json\/wp\/v2\/media?parent=73428"}],"wp:term":[{"taxonomy":"category","embeddable":true,"href":"https:\/\/infotorrent.es\/ca\/wp-json\/wp\/v2\/categories?post=73428"},{"taxonomy":"post_tag","embeddable":true,"href":"https:\/\/infotorrent.es\/ca\/wp-json\/wp\/v2\/tags?post=73428"}],"curies":[{"name":"wp","href":"https:\/\/api.w.org\/{rel}","templated":true}]}}