{"id":73403,"date":"2024-10-25T08:00:00","date_gmt":"2024-10-25T06:00:00","guid":{"rendered":"https:\/\/infotorrent.es\/?p=73403"},"modified":"2024-10-25T08:17:21","modified_gmt":"2024-10-25T06:17:21","slug":"raquel-alario-y-silvia-tomas-seran-las-mantenedoras-de-las-falleras-mayores-de-torrent-2025","status":"publish","type":"post","link":"https:\/\/infotorrent.es\/ca\/fallas-ca\/raquel-alario-y-silvia-tomas-seran-las-mantenedoras-de-las-falleras-mayores-de-torrent-2025\/","title":{"rendered":"Raquel Alario i Silvia Tomas seran les mantenidores de les Falleres Majors de Torrent 2025"},"content":{"rendered":"\n<h4 class=\"wp-block-heading\">El Auditori de Torrent es prepara per a brillar en l&#8217;Exaltaci\u00f3 de les Falleres Majors de 2025<\/h4>\n\n\n\n<p>L&#8217;Ajuntament de Torrent, juntament amb la Junta Local Fallera ha anunciat a les mantenidores que acompanyaran a les Falleres Majors de Torrent en 2025. <strong>Raquel Alario Bernab\u00e9<\/strong>, Fallera Major de Val\u00e8ncia 2017, ser\u00e0 l&#8217;encarregada d&#8217;exercir com a mantenidora de la Fallera Major de Torrent, Alicia Moreno Jim\u00e9nez. Per part seua, <strong>Silvia Tom\u00e1s S\u00e1nchez<\/strong>, directora de Relacions Institucionals del grup Premsa Ib\u00e8rica a Val\u00e8ncia, ser\u00e0 la mantenidora de la Fallera Major Infantil, Ana Barber\u00e1 Palop.<\/p>\n\n\n\n<p>Un any m\u00e9s, el Auditori de Torrent es vist de gala per a acollir un dels esdeveniments m\u00e9s esperats del calendari faller: l&#8217;exaltaci\u00f3 de les Falleres Majors de Torrent 2025. L&#8217;emblem\u00e0tic recinte acollir\u00e0 l&#8217;acte d&#8217;Exaltaci\u00f3 d&#8217;Alicia Moreno com a Fallera Major de Torrent 2025, sota el lema \u2018Sabor a Torrent\u2019, dem\u00e0 dissabte 26 a les 19.00 hores, iniciant-se la recepci\u00f3 pr\u00e8via a les 18.30 hores. Mentres que l&#8217;endem\u00e0, diumenge 27, ser\u00e0 el torn d&#8217;exaltar a Ana Barber\u00e1, com a Fallera Major Infantil de Torrent 2025, amb un acte que porta per nom \u2018Que no s\u2019apague la flama\u2019 a partir de les 11:30h, donant principi la recepci\u00f3 a les 11:00h.<\/p>\n\n\n\n<p>L&#8217;exaltaci\u00f3 es convertix, en un punt de trobada d&#8217;agermanament entre diferents falles i municipis, refor\u00e7ant els lla\u00e7os que unixen a les ciutats en la celebraci\u00f3 de les seues festes i tradicions.<\/p>\n\n\n\n<p>L&#8217;alcaldessa de Torrent, Amparo Folgado, ser\u00e0 l&#8217;encarregada de col\u00b7locar les bandes i el president de Junta Local Fallera de Torrent, Aitor S\u00e1nchez imposar\u00e0 \u2018els joies\u2019 a Alicia Moreno Jim\u00e9nez, Fallera Major de Torrent 2025, i a Ana Barber\u00e1 Palop, Fallera Major Infantil de Torrent 2025, simbolitzant l&#8217;inici oficial del seu regnat i el comprom\u00eds amb les tradicions i la cultura de la nostra terra.<\/p>\n\n\n\n<p>L&#8217;esdeveniment comptar\u00e0 amb la pres\u00e8ncia de tots els representants de les comissions de Torrent, a m\u00e9s de destacades figures de l&#8217;\u00e0mbit faller de diferents municipis de la Comunitat Valenciana, els qui, com cada any, no faltaran a esta cita tan especial.<\/p>\n\n\n\n<p>Aix\u00ed mateix, com \u00e9s tradici\u00f3, les dos m\u00e0ximes representants de les festes de Segorbe Paula Tortajada i In\u00e9s Merino, acompanyades per l&#8217;alcaldessa d&#8217;este municipi castellonenc, M\u00aa Carmen Climent, tamb\u00e9 seran presents per a compartir i viure al costat de Torrent l&#8217;emoci\u00f3 d&#8217;este acte tan rellevant per a la cultura i les tradicions valencianes.<\/p>\n\n\n\n<p>En definitiva, un cap de setmana ple d&#8217;emoci\u00f3 i solemnitat, reunix fallers i falleres de totes les comissions de la ciutat, aix\u00ed com a personalitats de l&#8217;\u00e0mbit faller i social, per a celebrar l&#8217;inici del nou cicle faller amb les protagonistes que guiaran a Torrent en l&#8217;any vinent de festes.<\/p>\n\n\n\n<p><strong>Raquel Alario Bernab\u00e9 \u2013 Mantenedora FMT 2025<\/strong><\/p>\n\n\n\n<p>Enginyera industrial de professi\u00f3 i fervent amant de la indument\u00e0ria valenciana, la p\u00f3lvora i tot el relacionat amb el m\u00f3n de les falles, Alario ha estat vinculada a este entorn des del seu naixement. \u00c9s fallera de la comissi\u00f3 Ferran el Cat\u00f2lic-\u00c0ngel Guimer\u00e0 de Val\u00e8ncia. A m\u00e9s d&#8217;haver sigut Fallera Major de Val\u00e8ncia, ha exercit responsabilitats clau en l&#8217;\u00e0mbit faller del municipi, com a jurat de la Fallera Major de Torrent i la seua Cort d&#8217;Honor.<\/p>\n\n\n\n<p><strong>Silvia Tom\u00e1s S\u00e1nchez \u2013 FMIT 2025<\/strong><\/p>\n\n\n\n<p>Llicenciada en Periodisme i actual directora de Relacions Institucionals dels mitjans de comunicaci\u00f3 del grup Premsa Ib\u00e8rica a Val\u00e8ncia, que inclou els diaris Levante-El Mercantil Valenciano, Superdeporte i la televisi\u00f3 LevanteTV, Tom\u00e1s ha constru\u00eft una s\u00f2lida carrera en els mitjans. Va iniciar la seua traject\u00f2ria professional en 1999 com a presentadora i reportera en l&#8217;emissora 97.7 R\u00e0dio. Entre 2005 i 2013 va treballar en R\u00e0dio Televisi\u00f3 Valenciana (RTVV) abans de tornar a 97.7 R\u00e0dio i LevanteTV.<\/p>\n\n\n\n<p>Les mantenidores, que posse\u00efxen una relaci\u00f3 molt especial amb el m\u00f3n faller, a trav\u00e9s de les seues paraules i des de la seua experi\u00e8ncia i coneixement, transmetran l&#8217;esperit de la festa. Oferiran els seus discursos a les m\u00e0ximes representants falleres de Torrent i al p\u00fablic assistent, i destacaran les seues qualitats i la import\u00e0ncia del seu paper en les festes Josefines. Paraules emotives i personals, que ressaltaran de les nostres representants el seu amor per les falles, la tradici\u00f3 cultural i els valors que representen les Falleres Majors. Segur que tamb\u00e9 comptarem amb picades d&#8217;ullet i paraules dirigides a les seues Corts d&#8217;Honor que les acompanyaran durant este any m\u00e0gic, com a ambaixadores de la tradici\u00f3, hist\u00f2ria i valors de les Falles de Torrent, reconeixent el seu treball i dedicaci\u00f3, de les senyoretes i xiquets que portaran el nom de Torrent amb honor i orgull.<\/p>\n\n\n\n<figure class=\"wp-block-image size-large\"><img fetchpriority=\"high\" decoding=\"async\" width=\"1024\" height=\"1024\" src=\"https:\/\/infotorrent.es\/wp-content\/uploads\/2024\/10\/mantenedoras-1024x1024.jpg\" alt=\"\" class=\"wp-image-73399\" srcset=\"https:\/\/infotorrent.es\/wp-content\/uploads\/2024\/10\/mantenedoras-1024x1024.jpg 1024w, https:\/\/infotorrent.es\/wp-content\/uploads\/2024\/10\/mantenedoras-300x300.jpg 300w, https:\/\/infotorrent.es\/wp-content\/uploads\/2024\/10\/mantenedoras-150x150.jpg 150w, https:\/\/infotorrent.es\/wp-content\/uploads\/2024\/10\/mantenedoras-768x768.jpg 768w, https:\/\/infotorrent.es\/wp-content\/uploads\/2024\/10\/mantenedoras-700x700.jpg 700w, https:\/\/infotorrent.es\/wp-content\/uploads\/2024\/10\/mantenedoras.jpg 1080w\" sizes=\"(max-width: 1024px) 100vw, 1024px\" \/><\/figure>\n","protected":false},"excerpt":{"rendered":"<p>El Auditori de Torrent es prepara per a brillar en l&#8217;Exaltaci\u00f3 de les Falleres Majors de 2025 L&#8217;Ajuntament de Torrent, juntament amb la Junta Local Fallera ha anunciat a les mantenidores que acompanyaran a les Falleres Majors de Torrent en 2025. Raquel Alario Bernab\u00e9, Fallera Major de Val\u00e8ncia 2017, ser\u00e0 l&#8217;encarregada d&#8217;exercir com a mantenidora [&hellip;]<\/p>\n","protected":false},"author":2,"featured_media":73407,"comment_status":"open","ping_status":"open","sticky":false,"template":"","format":"standard","meta":{"_acf_changed":false,"footnotes":""},"categories":[1171],"tags":[],"class_list":["post-73403","post","type-post","status-publish","format-standard","has-post-thumbnail","hentry","category-fallas-ca"],"acf":[],"_links":{"self":[{"href":"https:\/\/infotorrent.es\/ca\/wp-json\/wp\/v2\/posts\/73403","targetHints":{"allow":["GET"]}}],"collection":[{"href":"https:\/\/infotorrent.es\/ca\/wp-json\/wp\/v2\/posts"}],"about":[{"href":"https:\/\/infotorrent.es\/ca\/wp-json\/wp\/v2\/types\/post"}],"author":[{"embeddable":true,"href":"https:\/\/infotorrent.es\/ca\/wp-json\/wp\/v2\/users\/2"}],"replies":[{"embeddable":true,"href":"https:\/\/infotorrent.es\/ca\/wp-json\/wp\/v2\/comments?post=73403"}],"version-history":[{"count":2,"href":"https:\/\/infotorrent.es\/ca\/wp-json\/wp\/v2\/posts\/73403\/revisions"}],"predecessor-version":[{"id":73411,"href":"https:\/\/infotorrent.es\/ca\/wp-json\/wp\/v2\/posts\/73403\/revisions\/73411"}],"wp:featuredmedia":[{"embeddable":true,"href":"https:\/\/infotorrent.es\/ca\/wp-json\/wp\/v2\/media\/73407"}],"wp:attachment":[{"href":"https:\/\/infotorrent.es\/ca\/wp-json\/wp\/v2\/media?parent=73403"}],"wp:term":[{"taxonomy":"category","embeddable":true,"href":"https:\/\/infotorrent.es\/ca\/wp-json\/wp\/v2\/categories?post=73403"},{"taxonomy":"post_tag","embeddable":true,"href":"https:\/\/infotorrent.es\/ca\/wp-json\/wp\/v2\/tags?post=73403"}],"curies":[{"name":"wp","href":"https:\/\/api.w.org\/{rel}","templated":true}]}}