{"id":73333,"date":"2024-10-22T11:21:35","date_gmt":"2024-10-22T09:21:35","guid":{"rendered":"https:\/\/infotorrent.es\/uncategorized\/torrent-optimiza-la-tarjeta-25-para-un-mayor-impacto-sostenido-en-el-comercio-local\/"},"modified":"2024-10-22T11:25:54","modified_gmt":"2024-10-22T09:25:54","slug":"torrent-optimiza-la-tarjeta-25-para-un-mayor-impacto-sostenido-en-el-comercio-local","status":"publish","type":"post","link":"https:\/\/infotorrent.es\/ca\/ayuntamiento-de-torrent-ca\/torrent-optimiza-la-tarjeta-25-para-un-mayor-impacto-sostenido-en-el-comercio-local\/","title":{"rendered":"Torrent optimitza la Targeta +25, per a un major impacte sostingut en el Comer\u00e7 Local"},"content":{"rendered":"\n<h5 class=\"wp-block-heading\">L&#8217;Ajuntament aposta per un comer\u00e7 local fort i divers durant tot l&#8217;any<\/h5>\n\n\n\n<h5 class=\"wp-block-heading\">La nova estrat\u00e8gia, analitzades les campanyes anteriors i rebudes les opinions dels negocis, beneficia equitativament a un major nombre de comer\u00e7os<\/h5>\n\n\n\n<h5 class=\"wp-block-heading\">L&#8217;impacte econ\u00f2mic previst, ascendix a 500.000 \u20ac en el comer\u00e7 local<\/h5>\n\n\n\n<p>La Regidoria de Comer\u00e7, Ocupaci\u00f3 i Mercats de l&#8217;Ajuntament de Torrent i&nbsp;IDEA\u2019T han anunciat una s\u00e8rie de&nbsp;canvis estrat\u00e8gics en el programa de la targeta +25, motivat per l&#8217;experi\u00e8ncia en campanyes anteriors, buscant una distribuci\u00f3 m\u00e9s estrat\u00e8gica dels recursos i amb l&#8217;objectiu de maximitzar el seu impacte en el comer\u00e7 local.<\/p>\n\n\n\n<p>L&#8217;objectiu principal d&#8217;esta implementaci\u00f3, \u00e9s augmentar l&#8217;impacte del programa en el comer\u00e7 local, assegurant que m\u00e9s negocis es beneficien i es mantinguen actius durant tot l&#8217;any. Fomentant compres xicotetes i freq\u00fcents per a beneficiar a tots els comer\u00e7os durant els dotze mesos.<\/p>\n\n\n\n<p>Esta estrat\u00e8gia est\u00e0 basada en una an\u00e0lisi detallada de les campanyes anteriors, que va revelar que les dotacions altes tendien a concentrar les compres en grans establiments o aquells amb un tiquet mitj\u00e0 m\u00e9s elevat. En limitar la quantitat de c\u00e0rrega, l&#8217;Ajuntament busca fomentar compres m\u00e9s xicotetes i freq\u00fcents, permetent que un major nombre de xicotets comer\u00e7os es beneficien del programa i fomentant un consum sostingut m\u00e9s benefici\u00f3s desestacionalitzat.<\/p>\n\n\n\n<p>En una primera fase, en lloc de concentrar la inversi\u00f3 en una \u00fanica campanya nadalenca, com es feia anteriorment, ha quedat demostrat que&nbsp;una \u00fanica campanya anual concentra els beneficis en un nombre limitat de comer\u00e7os. Aix\u00ed mateix, s&#8217;ha demostrat que les dotacions altes de la targeta +25, no beneficien a tots els comer\u00e7os per igual.&nbsp;Com a conseq\u00fc\u00e8ncia, l&#8217;Ajuntament ha decidit distribuir els recursos en diverses campanyes al llarg de l&#8217;any. Esta nova estrat\u00e8gia permetr\u00e0 refor\u00e7ar el comer\u00e7 local durant els dotze mesos, assegurant un suport m\u00e9s sostingut i equitatiu per a tots els negocis locals.<\/p>\n\n\n\n<p>\u201cLes principals raons per a ajustar la inversi\u00f3 en la targeta +25 s\u00f3n optimitzar i enfortir el seu impacte al llarg de tot l&#8217;any, no sols per Nadal, i assegurar un suport m\u00e9s equitatiu a tot el teixit comercial local de Torrent, i que els beneficis de la targeta arriben a un major nombre de xicotets comer\u00e7os, amb un consum m\u00e9s continuat i freq\u00fcent\u201d, ha emfatitzat la regidora.<\/p>\n\n\n\n<p>Amb una dotaci\u00f3 inicial de 100.000 euros per part de l&#8217;Ajuntament,&nbsp;es preveu que la primera fase de la campanya de la targeta +25 genere un impacte de 500.000 euros en el comer\u00e7 local. L&#8217;Ajuntament es compromet a continuar treballant per a millorar l&#8217;impacte d&#8217;estes accions i assegurar que tots els comer\u00e7os de Torrent es beneficien d&#8217;esta iniciativa.<\/p>\n\n\n\n<p>MOMENTS VALL, MOMENTS CLAU<\/p>\n\n\n\n<p>Des de l&#8217;Ajuntament s&#8217;aposta per dinamitzar i fer costat al comer\u00e7 local en els moments de menor activitat&nbsp;en el consum per diferents motius. \u00c9s una realitat que les vendes nadalenques ja estan garantides de manera natural i s\u00f3n altes, per la qual cosa&nbsp;l&#8217;estrat\u00e8gia es concentra a reservar recursos per als \u2018moments barre\u2019 i aix\u00ed potenciar el comer\u00e7 en \u2018per\u00edodes clau\u2019,&nbsp;que permetr\u00e0 un consum sostingut durant tot l&#8217;any, m\u00e9s benefici\u00f3s per als comer\u00e7os.<\/p>\n\n\n\n<p>Distribuir les inversions al llarg de l&#8217;any assegura que el suport al comer\u00e7 local no es concentre en una sola \u00e8poca, sin\u00f3 que tinga un&nbsp;impacte m\u00e9s continu i durador, sin\u00f3 que arribe a un major nombre de comer\u00e7os al llarg de l&#8217;any, incentivant i fomentant les compres no tan grans, per\u00f2 m\u00e9s freq\u00fcents. L&#8217;equip de govern considera, despr\u00e9s de l&#8217;experi\u00e8ncia, que&nbsp;\u00e9s m\u00e9s efectiu reservar els recursos per als moments barre, quan les vendes tendixen a disminuir, potenciant aix\u00ed el comer\u00e7 en per\u00edodes clau i ajudant els negocis locals a mantindre un flux constant de clients durant tot l&#8217;any.<\/p>\n\n\n\n<p>La regidora de Comer\u00e7, Mercats i Ocupaci\u00f3, Sandra Fas ha manifestat que&nbsp;\u201cels ajustos implementats en la targeta +25, busquen una major efici\u00e8ncia de la inversi\u00f3 i gesti\u00f3 dels recursos i naixen amb l&#8217;objectiu d&#8217;aconseguir una major efic\u00e0cia i impacte en el comer\u00e7 local de Torrent. Buscant un benefici m\u00e9s equitatiu per a tots els comer\u00e7os, especialment els m\u00e9s xicotets, i cal ressaltar la import\u00e0ncia de recordar que el programa busca principalment enfortir el teixit comercial local. Vull reafirmar el comprom\u00eds de continuar treballant per a millorar l&#8217;impacte d&#8217;estes accions i garantir que tots els comer\u00e7os de Torrent es beneficien de la iniciativa\u201d.<\/p>\n\n\n\n<figure class=\"wp-block-image size-large\"><img fetchpriority=\"high\" decoding=\"async\" width=\"1024\" height=\"1024\" src=\"https:\/\/infotorrent.es\/wp-content\/uploads\/2024\/10\/tarjeta-1024x1024.jpg\" alt=\"\" class=\"wp-image-73329\" srcset=\"https:\/\/infotorrent.es\/wp-content\/uploads\/2024\/10\/tarjeta-1024x1024.jpg 1024w, https:\/\/infotorrent.es\/wp-content\/uploads\/2024\/10\/tarjeta-300x300.jpg 300w, https:\/\/infotorrent.es\/wp-content\/uploads\/2024\/10\/tarjeta-150x150.jpg 150w, https:\/\/infotorrent.es\/wp-content\/uploads\/2024\/10\/tarjeta-768x768.jpg 768w, https:\/\/infotorrent.es\/wp-content\/uploads\/2024\/10\/tarjeta-700x700.jpg 700w, https:\/\/infotorrent.es\/wp-content\/uploads\/2024\/10\/tarjeta.jpg 1080w\" sizes=\"(max-width: 1024px) 100vw, 1024px\" \/><\/figure>\n","protected":false},"excerpt":{"rendered":"<p>L&#8217;Ajuntament aposta per un comer\u00e7 local fort i divers durant tot l&#8217;any La nova estrat\u00e8gia, analitzades les campanyes anteriors i rebudes les opinions dels negocis, beneficia equitativament a un major nombre de comer\u00e7os L&#8217;impacte econ\u00f2mic previst, ascendix a 500.000 \u20ac en el comer\u00e7 local La Regidoria de Comer\u00e7, Ocupaci\u00f3 i Mercats de l&#8217;Ajuntament de Torrent [&hellip;]<\/p>\n","protected":false},"author":15,"featured_media":73337,"comment_status":"open","ping_status":"open","sticky":false,"template":"","format":"standard","meta":{"_acf_changed":false,"footnotes":""},"categories":[1190,1205,1194],"tags":[],"class_list":["post-73333","post","type-post","status-publish","format-standard","has-post-thumbnail","hentry","category-ayuntamiento-de-torrent-ca","category-comercio-mercados-y-empleo-ca","category-ideat-ca"],"acf":[],"_links":{"self":[{"href":"https:\/\/infotorrent.es\/ca\/wp-json\/wp\/v2\/posts\/73333","targetHints":{"allow":["GET"]}}],"collection":[{"href":"https:\/\/infotorrent.es\/ca\/wp-json\/wp\/v2\/posts"}],"about":[{"href":"https:\/\/infotorrent.es\/ca\/wp-json\/wp\/v2\/types\/post"}],"author":[{"embeddable":true,"href":"https:\/\/infotorrent.es\/ca\/wp-json\/wp\/v2\/users\/15"}],"replies":[{"embeddable":true,"href":"https:\/\/infotorrent.es\/ca\/wp-json\/wp\/v2\/comments?post=73333"}],"version-history":[{"count":1,"href":"https:\/\/infotorrent.es\/ca\/wp-json\/wp\/v2\/posts\/73333\/revisions"}],"predecessor-version":[{"id":73336,"href":"https:\/\/infotorrent.es\/ca\/wp-json\/wp\/v2\/posts\/73333\/revisions\/73336"}],"wp:featuredmedia":[{"embeddable":true,"href":"https:\/\/infotorrent.es\/ca\/wp-json\/wp\/v2\/media\/73337"}],"wp:attachment":[{"href":"https:\/\/infotorrent.es\/ca\/wp-json\/wp\/v2\/media?parent=73333"}],"wp:term":[{"taxonomy":"category","embeddable":true,"href":"https:\/\/infotorrent.es\/ca\/wp-json\/wp\/v2\/categories?post=73333"},{"taxonomy":"post_tag","embeddable":true,"href":"https:\/\/infotorrent.es\/ca\/wp-json\/wp\/v2\/tags?post=73333"}],"curies":[{"name":"wp","href":"https:\/\/api.w.org\/{rel}","templated":true}]}}