{"id":73263,"date":"2024-10-18T14:00:00","date_gmt":"2024-10-18T12:00:00","guid":{"rendered":"https:\/\/infotorrent.es\/uncategorized\/la-asociacion-contra-el-cancer-se-vuelca-un-ano-mas-en-la-lucha-contra-el-cancer-de-mama\/"},"modified":"2024-10-18T14:37:19","modified_gmt":"2024-10-18T12:37:19","slug":"la-asociacion-contra-el-cancer-se-vuelca-un-ano-mas-en-la-lucha-contra-el-cancer-de-mama","status":"publish","type":"post","link":"https:\/\/infotorrent.es\/ca\/casa-de-la-dona-ca\/la-asociacion-contra-el-cancer-se-vuelca-un-ano-mas-en-la-lucha-contra-el-cancer-de-mama\/","title":{"rendered":"L&#8217;Associaci\u00f3 contra el C\u00e0ncer es bolca un any m\u00e9s en la lluita Contra el C\u00e0ncer de mama"},"content":{"rendered":"\n<p><strong>Sota el lema \u201cEl rosa \u00e9s m\u00e9s que un color\u201d, l&#8217;Associaci\u00f3 espanyola contra el c\u00e0ncer de mama, Torrent consciencia un any m\u00e9s a la ciutadania sobre la import\u00e0ncia de l&#8217;exploraci\u00f3 de mames<\/strong><\/p>\n\n\n\n<p>L&#8217;Associaci\u00f3 Espanyola contra el c\u00e0ncer de mama amb l&#8217;objectiu de continuar avan\u00e7ant en la investigaci\u00f3, prevenci\u00f3 i atenci\u00f3 a les pacients, ha organitzat una jornada de sensibilitzaci\u00f3 i recaptaci\u00f3 de fons amb motiu del 19 d&#8217;octubre Dia Mundial contra el c\u00e0ncer de mama.<\/p>\n\n\n\n<p>Aix\u00ed mateix, des de Casa de la Dona el passat 8 d&#8217;octubre, va comptar amb la participaci\u00f3 de la doctora Ana Santaballa Beltr\u00e1n, cap de la unitat de mama oncol\u00f2gica de l&#8217;Hospital Universitari i Polit\u00e8cnic de la Fe de Val\u00e8ncia, qui va fer una xarrada per a donar a con\u00e9ixer m\u00e9s sobre la prevenci\u00f3, diagn\u00f2stic i tractaments.<\/p>\n\n\n\n<p>Amparo Chust ha destacat <strong>\u201cla import\u00e0ncia d&#8217;este dia per a conscienciar a la societat sobre la import\u00e0ncia de la detecci\u00f3 preco\u00e7 i el suport a les persones afectades per esta malaltia\u201d.<\/strong><\/p>\n\n\n\n<p>Durant tot el mat\u00ed, ve\u00efns de Torrent s&#8217;han acostat al Ficus, on han rebut informaci\u00f3 sobre els servicis que oferix l&#8217;Associaci\u00f3, o adquirir i col\u00b7laborar amb els productes que oferixen per a ajudar a la investigaci\u00f3 en la lluita contra el c\u00e0ncer de mama.<\/p>\n\n\n\n<figure class=\"wp-block-image size-large\"><img fetchpriority=\"high\" decoding=\"async\" width=\"1024\" height=\"768\" src=\"https:\/\/infotorrent.es\/wp-content\/uploads\/2024\/10\/3-9-1024x768.jpg\" alt=\"\" class=\"wp-image-73255\" srcset=\"https:\/\/infotorrent.es\/wp-content\/uploads\/2024\/10\/3-9-1024x768.jpg 1024w, https:\/\/infotorrent.es\/wp-content\/uploads\/2024\/10\/3-9-300x225.jpg 300w, https:\/\/infotorrent.es\/wp-content\/uploads\/2024\/10\/3-9-768x576.jpg 768w, https:\/\/infotorrent.es\/wp-content\/uploads\/2024\/10\/3-9-1536x1152.jpg 1536w, https:\/\/infotorrent.es\/wp-content\/uploads\/2024\/10\/3-9.jpg 1600w\" sizes=\"(max-width: 1024px) 100vw, 1024px\" \/><\/figure>\n\n\n\n<figure class=\"wp-block-gallery has-nested-images columns-default is-cropped wp-block-gallery-1 is-layout-flex wp-block-gallery-is-layout-flex\">\n<figure class=\"wp-block-image size-large\"><img decoding=\"async\" width=\"1024\" height=\"768\" data-id=\"73257\" src=\"https:\/\/infotorrent.es\/wp-content\/uploads\/2024\/10\/1-11-1024x768.jpg\" alt=\"\" class=\"wp-image-73257\" srcset=\"https:\/\/infotorrent.es\/wp-content\/uploads\/2024\/10\/1-11-1024x768.jpg 1024w, https:\/\/infotorrent.es\/wp-content\/uploads\/2024\/10\/1-11-300x225.jpg 300w, https:\/\/infotorrent.es\/wp-content\/uploads\/2024\/10\/1-11-768x576.jpg 768w, https:\/\/infotorrent.es\/wp-content\/uploads\/2024\/10\/1-11-1536x1152.jpg 1536w, https:\/\/infotorrent.es\/wp-content\/uploads\/2024\/10\/1-11.jpg 1600w\" sizes=\"(max-width: 1024px) 100vw, 1024px\" \/><\/figure>\n\n\n\n<figure class=\"wp-block-image size-large\"><img decoding=\"async\" width=\"1024\" height=\"768\" data-id=\"73259\" src=\"https:\/\/infotorrent.es\/wp-content\/uploads\/2024\/10\/2-13-1024x768.jpg\" alt=\"\" class=\"wp-image-73259\" srcset=\"https:\/\/infotorrent.es\/wp-content\/uploads\/2024\/10\/2-13-1024x768.jpg 1024w, https:\/\/infotorrent.es\/wp-content\/uploads\/2024\/10\/2-13-300x225.jpg 300w, https:\/\/infotorrent.es\/wp-content\/uploads\/2024\/10\/2-13-768x576.jpg 768w, https:\/\/infotorrent.es\/wp-content\/uploads\/2024\/10\/2-13-1536x1152.jpg 1536w, https:\/\/infotorrent.es\/wp-content\/uploads\/2024\/10\/2-13.jpg 1600w\" sizes=\"(max-width: 1024px) 100vw, 1024px\" \/><\/figure>\n<\/figure>\n","protected":false},"excerpt":{"rendered":"<p>Sota el lema \u201cEl rosa \u00e9s m\u00e9s que un color\u201d, l&#8217;Associaci\u00f3 espanyola contra el c\u00e0ncer de mama, Torrent consciencia un any m\u00e9s a la ciutadania sobre la import\u00e0ncia de l&#8217;exploraci\u00f3 de mames L&#8217;Associaci\u00f3 Espanyola contra el c\u00e0ncer de mama amb l&#8217;objectiu de continuar avan\u00e7ant en la investigaci\u00f3, prevenci\u00f3 i atenci\u00f3 a les pacients, ha organitzat [&hellip;]<\/p>\n","protected":false},"author":2,"featured_media":73264,"comment_status":"open","ping_status":"open","sticky":false,"template":"","format":"standard","meta":{"_acf_changed":false,"footnotes":""},"categories":[1162],"tags":[],"class_list":["post-73263","post","type-post","status-publish","format-standard","has-post-thumbnail","hentry","category-casa-de-la-dona-ca"],"acf":[],"_links":{"self":[{"href":"https:\/\/infotorrent.es\/ca\/wp-json\/wp\/v2\/posts\/73263","targetHints":{"allow":["GET"]}}],"collection":[{"href":"https:\/\/infotorrent.es\/ca\/wp-json\/wp\/v2\/posts"}],"about":[{"href":"https:\/\/infotorrent.es\/ca\/wp-json\/wp\/v2\/types\/post"}],"author":[{"embeddable":true,"href":"https:\/\/infotorrent.es\/ca\/wp-json\/wp\/v2\/users\/2"}],"replies":[{"embeddable":true,"href":"https:\/\/infotorrent.es\/ca\/wp-json\/wp\/v2\/comments?post=73263"}],"version-history":[{"count":1,"href":"https:\/\/infotorrent.es\/ca\/wp-json\/wp\/v2\/posts\/73263\/revisions"}],"predecessor-version":[{"id":73266,"href":"https:\/\/infotorrent.es\/ca\/wp-json\/wp\/v2\/posts\/73263\/revisions\/73266"}],"wp:featuredmedia":[{"embeddable":true,"href":"https:\/\/infotorrent.es\/ca\/wp-json\/wp\/v2\/media\/73264"}],"wp:attachment":[{"href":"https:\/\/infotorrent.es\/ca\/wp-json\/wp\/v2\/media?parent=73263"}],"wp:term":[{"taxonomy":"category","embeddable":true,"href":"https:\/\/infotorrent.es\/ca\/wp-json\/wp\/v2\/categories?post=73263"},{"taxonomy":"post_tag","embeddable":true,"href":"https:\/\/infotorrent.es\/ca\/wp-json\/wp\/v2\/tags?post=73263"}],"curies":[{"name":"wp","href":"https:\/\/api.w.org\/{rel}","templated":true}]}}