{"id":73234,"date":"2024-10-18T14:41:00","date_gmt":"2024-10-18T12:41:00","guid":{"rendered":"https:\/\/infotorrent.es\/uncategorized\/torrent-impulsa-una-encuesta-ciudadana-para-elegir-el-nuevo-arbolado-de-las-calles-san-valeriano-y-germanies\/"},"modified":"2024-10-18T13:45:22","modified_gmt":"2024-10-18T11:45:22","slug":"torrent-impulsa-una-encuesta-ciudadana-para-elegir-el-nuevo-arbolado-de-las-calles-san-valeriano-y-germanies","status":"publish","type":"post","link":"https:\/\/infotorrent.es\/ca\/medio-ambiente-2\/torrent-impulsa-una-encuesta-ciudadana-para-elegir-el-nuevo-arbolado-de-las-calles-san-valeriano-y-germanies\/","title":{"rendered":"Torrent impulsa una enquesta ciutadana per a triar el nou arbratge dels carrers Sant Valeriano i Germanies"},"content":{"rendered":"\n<h5 class=\"wp-block-heading\">El taronger amarg, el baladre dempeus alt i el aligustre variegat s\u00f3n les propostes dels t\u00e8cnics per a substituir a les palmeres ja retirades<\/h5>\n\n\n\n<h5 class=\"wp-block-heading\">Els ve\u00efns podran deixar la seua opci\u00f3 favorita en l&#8217;urna situada en el Mercat Sant Gregori fins al 31 d&#8217;octubre. Tamb\u00e9 en una carpa informativa en el mercat del dissabte 26 d&#8217;octubre<\/h5>\n\n\n\n<p>L&#8217;Ajuntament de Torrent ha llan\u00e7at una nova iniciativa perqu\u00e8 els ve\u00efns dels carrers Sant Valeriano i Germanies trien el tipus d&#8217;arbres que es plantaran en les seues voreres. Despr\u00e9s de retirar les palmeres que anteriorment poblaven estes vies a causa de la seua gran altura i al risc que representaven per a la seguretat dels residents, l&#8217;administraci\u00f3 local ha decidit consultar a la ciutadania per a determinar quina esp\u00e8cie substituir\u00e0 a les palmeres.<\/p>\n\n\n\n<p>L&#8217;enquesta, completament an\u00f2nima i orientativa, oferix als ve\u00efns la possibilitat de triar entre tres tipus d&#8217;arbres: el taronger amarg, el baladre o baladre, i l&#8217;aligustre variegat. Per a facilitar la participaci\u00f3, l&#8217;Ajuntament ha distribu\u00eft fullets informatius en les vivendes i locals comercials de tots dos carrers. Estos fullets inclouen un recortable que els ve\u00efns podran utilitzar per a votar la seua opci\u00f3 preferida, depositant-la en una urna situada en el Mercat Sant Gregori fins al 31 d&#8217;octubre, o en una carpa informativa que s&#8217;instal\u00b7lar\u00e0 en el mercat dels dissabtes el pr\u00f2xim 26 d&#8217;octubre.<\/p>\n\n\n\n<p>L&#8217;alcaldessa de Torrent, Amparo Folgado, ha subratllat la import\u00e0ncia d&#8217;esta enquesta i ha ressaltat el desig de l&#8217;Ajuntament de prendre decisions de forma consensuada.&nbsp;&#8220;Volem que el nou arbratge de Sant Valeriano i Germanies siga el resultat del consens, i que els ve\u00efns puguen opinar sobre l&#8217;esp\u00e8cie que preferisquen, de les tres que ens han indicat els t\u00e8cnics municipals&#8221;,&nbsp;ha afirmat Folgado. A m\u00e9s, ha emfatitzat que&nbsp;&#8220;l&#8217;opini\u00f3 dels ve\u00efns \u00e9s fonamental per a nosaltres, especialment perqu\u00e8 han suportat durant d\u00e8cades les mol\u00e8sties generades per les palmeres excessivament altes&#8221;.<\/p>\n\n\n\n<p>Per part seua, Jos\u00e9 Francisco Gozalvo, regidor d&#8217;urbanisme i medi ambient, ha explicat el proc\u00e9s darrere de la selecci\u00f3 de les esp\u00e8cies d&#8217;arbres. &#8220;Els t\u00e8cnics municipals han avaluat acuradament quines esp\u00e8cies podrien adaptar-se millor a les condicions dels carrers Sant Valeriano i Germanies. Hem triat tres opcions que no sols s\u00f3n menys invasives que les antigues palmeres, sin\u00f3 que tamb\u00e9 oferixen beneficis com la creaci\u00f3 d&#8217;ombra i una menor necessitat de manteniment&#8221;,&nbsp;ha detallat Gozalvo.<\/p>\n\n\n\n<p>El regidor tamb\u00e9 ha recordat l&#8217;incident ocorregut a mitjan juny, quan una palmera va caure al carrer Sant Valeriano, causant danys a diversos vehicles i deixant una persona ferida. &#8220;Eixe accident va marcar un punt d&#8217;inflexi\u00f3. Des de eixe moment, l&#8217;alcaldessa es va comprometre amb els ve\u00efns a retirar totes les palmeres dels carrers Sant Valeriano i Germanies, i ja ho hem complit, excepte en els encreuaments, on les palmeres s\u00f3n joves i no representen el mateix risc&#8221;, ha afegit.<\/p>\n\n\n\n<p>Les opcions per al nou arbratge<\/p>\n\n\n\n<p>L&#8217;Ajuntament ha proposat tres esp\u00e8cies d&#8217;arbres, seleccionades per les seues caracter\u00edstiques i capacitat d&#8217;adaptar-se a l&#8217;entorn urb\u00e0:<\/p>\n\n\n\n<p>1.&nbsp;&nbsp;&nbsp;&nbsp;Taronger amarg (Citrus Aurantium): Este arbre pot aconseguir entre 7 i 8 metres d&#8217;altura i \u00e9s conegut per les seues taronges no comestibles i la seua fragant flor del taronger. El taronger amarg ja \u00e9s present en altres zones de Torrent, com l&#8217;Avinguda al Vedat i el carrer G\u00f3mez Ferrer, i \u00e9s valorat per la seua resist\u00e8ncia i baix manteniment.<\/p>\n\n\n\n<p>2.&nbsp;&nbsp;&nbsp;&nbsp;Baladre o baladre (Nerium Oleander): Coneguda per les seues vibrants flors de diferents colors, el baladre \u00e9s una opci\u00f3 popular en espais p\u00fablics i mitjanes de carreteres. Encara que cont\u00e9 compostos t\u00f2xics en la seua tija i fulles, \u00e9s apreciada per la seua bellesa i el seu baix requeriment de cures. A Torrent, es pot trobar esta esp\u00e8cie al carrer Verge de la Soledat i en zones pr\u00f2ximes a Genaro Palau.<\/p>\n\n\n\n<p>3.&nbsp;&nbsp;&nbsp;&nbsp;Aligustre variegat (Ligustrum Japonicum Variegata): Este xicotet arbre, d&#8217;entre 3 i 5 metres d&#8217;altura, pertany a la fam\u00edlia de les ole\u00e1ceas. Florix a la fi de primavera o principis d&#8217;estiu, amb flors de coloraci\u00f3 verdosa, groguenca o blanquinosa. Els seus fruits s\u00f3n xicotetes drupes de color negre blav\u00f3s. L&#8217;aligustre variegat \u00e9s una opci\u00f3 decorativa i funcional, i es pot trobar en la Pla\u00e7a Major de Torrent, al costat de la Torre.<\/p>\n\n\n\n<p>Un proc\u00e9s participatiu<\/p>\n\n\n\n<p>La iniciativa no sols busca embellir els carrers Sant Valeriano i Germanies, sin\u00f3 tamb\u00e9 garantir que el nou arbratge siga segur i concorde a les necessitats dels ve\u00efns. Segons ha explicat l&#8217;alcaldessa Folgado,&nbsp;&#8220;el nostre objectiu \u00e9s millorar la qualitat de vida dels residents, creant espais d&#8217;ombra que no generen mol\u00e8sties, i assegurant que els arbres siguen segurs per a tots&#8221;.<\/p>\n\n\n\n<p>Gozalvo ha afegit que este tipus d&#8217;enquestes als ve\u00efns s\u00f3n fonamentals per a acostar les decisions municipals als ciutadans.&nbsp;&#8220;Este tipus d&#8217;iniciatives permeten als ve\u00efns involucrar-se directament en el disseny del seu entorn. Volem que se senten part de la transformaci\u00f3 dels seus carrers, i que trien un arbratge que no sols siga est\u00e8ticament agradable, sin\u00f3 que tamb\u00e9 responga a les seues necessitats i preocupacions&#8221;, ha concl\u00f2s el regidor.<\/p>\n\n\n\n<p>Amb esta enquesta, l&#8217;Ajuntament de Torrent reafirma el seu comprom\u00eds amb la participaci\u00f3 ciutadana i amb la millora de l&#8217;entorn urb\u00e0. La consulta estar\u00e0 oberta durant les pr\u00f2ximes setmanes, i s&#8217;espera que els resultats es facen p\u00fablics abans de cap d&#8217;any, moment en el qual es procedir\u00e0 a la plantaci\u00f3 del nou arbratge.<\/p>\n\n\n\n<figure class=\"wp-block-image size-large\"><img fetchpriority=\"high\" decoding=\"async\" width=\"1024\" height=\"682\" src=\"https:\/\/infotorrent.es\/wp-content\/uploads\/2024\/10\/WhatsApp-Image-2024-10-18-at-13.21.31-1024x682.jpeg\" alt=\"\" class=\"wp-image-73224\" srcset=\"https:\/\/infotorrent.es\/wp-content\/uploads\/2024\/10\/WhatsApp-Image-2024-10-18-at-13.21.31-1024x682.jpeg 1024w, https:\/\/infotorrent.es\/wp-content\/uploads\/2024\/10\/WhatsApp-Image-2024-10-18-at-13.21.31-300x200.jpeg 300w, https:\/\/infotorrent.es\/wp-content\/uploads\/2024\/10\/WhatsApp-Image-2024-10-18-at-13.21.31-768x512.jpeg 768w, https:\/\/infotorrent.es\/wp-content\/uploads\/2024\/10\/WhatsApp-Image-2024-10-18-at-13.21.31-1536x1023.jpeg 1536w, https:\/\/infotorrent.es\/wp-content\/uploads\/2024\/10\/WhatsApp-Image-2024-10-18-at-13.21.31.jpeg 1600w\" sizes=\"(max-width: 1024px) 100vw, 1024px\" \/><\/figure>\n\n\n\n<figure class=\"wp-block-gallery has-nested-images columns-default is-cropped wp-block-gallery-1 is-layout-flex wp-block-gallery-is-layout-flex\">\n<figure class=\"wp-block-image size-large\"><img decoding=\"async\" width=\"1024\" height=\"682\" data-id=\"73228\" src=\"https:\/\/infotorrent.es\/wp-content\/uploads\/2024\/10\/WhatsApp-Image-2024-10-18-at-13.21.322-1024x682.jpeg\" alt=\"\" class=\"wp-image-73228\" srcset=\"https:\/\/infotorrent.es\/wp-content\/uploads\/2024\/10\/WhatsApp-Image-2024-10-18-at-13.21.322-1024x682.jpeg 1024w, https:\/\/infotorrent.es\/wp-content\/uploads\/2024\/10\/WhatsApp-Image-2024-10-18-at-13.21.322-300x200.jpeg 300w, https:\/\/infotorrent.es\/wp-content\/uploads\/2024\/10\/WhatsApp-Image-2024-10-18-at-13.21.322-768x512.jpeg 768w, https:\/\/infotorrent.es\/wp-content\/uploads\/2024\/10\/WhatsApp-Image-2024-10-18-at-13.21.322-1536x1023.jpeg 1536w, https:\/\/infotorrent.es\/wp-content\/uploads\/2024\/10\/WhatsApp-Image-2024-10-18-at-13.21.322.jpeg 1600w\" sizes=\"(max-width: 1024px) 100vw, 1024px\" \/><\/figure>\n\n\n\n<figure class=\"wp-block-image size-large\"><img decoding=\"async\" width=\"1024\" height=\"682\" data-id=\"73230\" src=\"https:\/\/infotorrent.es\/wp-content\/uploads\/2024\/10\/WhatsApp-Image-2024-10-18-at-13.21.32-1024x682.jpeg\" alt=\"\" class=\"wp-image-73230\" srcset=\"https:\/\/infotorrent.es\/wp-content\/uploads\/2024\/10\/WhatsApp-Image-2024-10-18-at-13.21.32-1024x682.jpeg 1024w, https:\/\/infotorrent.es\/wp-content\/uploads\/2024\/10\/WhatsApp-Image-2024-10-18-at-13.21.32-300x200.jpeg 300w, https:\/\/infotorrent.es\/wp-content\/uploads\/2024\/10\/WhatsApp-Image-2024-10-18-at-13.21.32-768x512.jpeg 768w, https:\/\/infotorrent.es\/wp-content\/uploads\/2024\/10\/WhatsApp-Image-2024-10-18-at-13.21.32-1536x1023.jpeg 1536w, https:\/\/infotorrent.es\/wp-content\/uploads\/2024\/10\/WhatsApp-Image-2024-10-18-at-13.21.32.jpeg 1600w\" sizes=\"(max-width: 1024px) 100vw, 1024px\" \/><\/figure>\n\n\n\n<figure class=\"wp-block-image size-large\"><img loading=\"lazy\" decoding=\"async\" width=\"1024\" height=\"682\" data-id=\"73226\" src=\"https:\/\/infotorrent.es\/wp-content\/uploads\/2024\/10\/WhatsApp-Image-2024-10-18-at-13.21.321-1024x682.jpeg\" alt=\"\" class=\"wp-image-73226\" srcset=\"https:\/\/infotorrent.es\/wp-content\/uploads\/2024\/10\/WhatsApp-Image-2024-10-18-at-13.21.321-1024x682.jpeg 1024w, https:\/\/infotorrent.es\/wp-content\/uploads\/2024\/10\/WhatsApp-Image-2024-10-18-at-13.21.321-300x200.jpeg 300w, https:\/\/infotorrent.es\/wp-content\/uploads\/2024\/10\/WhatsApp-Image-2024-10-18-at-13.21.321-768x512.jpeg 768w, https:\/\/infotorrent.es\/wp-content\/uploads\/2024\/10\/WhatsApp-Image-2024-10-18-at-13.21.321-1536x1023.jpeg 1536w, https:\/\/infotorrent.es\/wp-content\/uploads\/2024\/10\/WhatsApp-Image-2024-10-18-at-13.21.321.jpeg 1600w\" sizes=\"(max-width: 1024px) 100vw, 1024px\" \/><\/figure>\n<\/figure>\n","protected":false},"excerpt":{"rendered":"<p>El taronger amarg, el baladre dempeus alt i el aligustre variegat s\u00f3n les propostes dels t\u00e8cnics per a substituir a les palmeres ja retirades Els ve\u00efns podran deixar la seua opci\u00f3 favorita en l&#8217;urna situada en el Mercat Sant Gregori fins al 31 d&#8217;octubre. Tamb\u00e9 en una carpa informativa en el mercat del dissabte 26 [&hellip;]<\/p>\n","protected":false},"author":15,"featured_media":73238,"comment_status":"open","ping_status":"open","sticky":false,"template":"","format":"standard","meta":{"_acf_changed":false,"footnotes":""},"categories":[138,1190,1160],"tags":[],"class_list":["post-73234","post","type-post","status-publish","format-standard","has-post-thumbnail","hentry","category-medio-ambiente-2","category-ayuntamiento-de-torrent-ca","category-urbanismo-noticias-ca"],"acf":[],"_links":{"self":[{"href":"https:\/\/infotorrent.es\/ca\/wp-json\/wp\/v2\/posts\/73234","targetHints":{"allow":["GET"]}}],"collection":[{"href":"https:\/\/infotorrent.es\/ca\/wp-json\/wp\/v2\/posts"}],"about":[{"href":"https:\/\/infotorrent.es\/ca\/wp-json\/wp\/v2\/types\/post"}],"author":[{"embeddable":true,"href":"https:\/\/infotorrent.es\/ca\/wp-json\/wp\/v2\/users\/15"}],"replies":[{"embeddable":true,"href":"https:\/\/infotorrent.es\/ca\/wp-json\/wp\/v2\/comments?post=73234"}],"version-history":[{"count":1,"href":"https:\/\/infotorrent.es\/ca\/wp-json\/wp\/v2\/posts\/73234\/revisions"}],"predecessor-version":[{"id":73237,"href":"https:\/\/infotorrent.es\/ca\/wp-json\/wp\/v2\/posts\/73234\/revisions\/73237"}],"wp:featuredmedia":[{"embeddable":true,"href":"https:\/\/infotorrent.es\/ca\/wp-json\/wp\/v2\/media\/73238"}],"wp:attachment":[{"href":"https:\/\/infotorrent.es\/ca\/wp-json\/wp\/v2\/media?parent=73234"}],"wp:term":[{"taxonomy":"category","embeddable":true,"href":"https:\/\/infotorrent.es\/ca\/wp-json\/wp\/v2\/categories?post=73234"},{"taxonomy":"post_tag","embeddable":true,"href":"https:\/\/infotorrent.es\/ca\/wp-json\/wp\/v2\/tags?post=73234"}],"curies":[{"name":"wp","href":"https:\/\/api.w.org\/{rel}","templated":true}]}}