{"id":73088,"date":"2024-10-16T08:51:19","date_gmt":"2024-10-16T06:51:19","guid":{"rendered":"https:\/\/infotorrent.es\/?p=73088"},"modified":"2024-10-16T08:57:08","modified_gmt":"2024-10-16T06:57:08","slug":"arranca-una-nova-edicio-del-festival-flamenc-a-lauditori-de-torrent","status":"publish","type":"post","link":"https:\/\/infotorrent.es\/ca\/noticies\/arranca-una-nova-edicio-del-festival-flamenc-a-lauditori-de-torrent\/","title":{"rendered":"Arranca una nova edici\u00f3 del Festival Flamenc a l\u2019Auditori de Torrent"},"content":{"rendered":"\n<p><strong>Daniel de Francisco &amp; Ingueta Rubio, Jes\u00fas M\u00e9ndez &amp; Caracolillo de Cadis i el Ballet Flamenc de Barcelona porten a Torrent el millor flamenc del panorama nacional<\/strong><\/p>\n\n\n\n<p>Del 18 al 20 d&#8217;octubre, l&#8217;escenari de l&#8217;Auditori de Torrent vessar\u00e0 d&#8217;art amb un cartell que porta alguns dels millors artistes en una nova edici\u00f3 del Festival Flamenc. Una mostra que reunix molt de talent, com el del jove bailaor valenci\u00e0 Daniel de Francisco. I molta tradici\u00f3, com la dels cantaors Ingueta Rubio, Caracolillo de Cadis i Jes\u00fas M\u00e9ndez, tots hereus d&#8217;algunes de les sagues m\u00e9s importants del cante jondo.<\/p>\n\n\n\n<p> I tamb\u00e9 innovaci\u00f3, com la del Ballet Flamenc de Barcelona, \u200b\u200buna companyia que conserva l&#8217;arrel del flamenc tradicional i el reconstruix a partir de diferents estils de dansa i m\u00fasiques.<br>Daniel de Francisco i Ingueta Rubio obriran el festival amb el seu art flamenc, una combinaci\u00f3 de talent jove i tradici\u00f3 familiar. Daniel de Francisco \u00e9s un jove bailaor valenci\u00e0 que ha guanyat reconeixement pel seu talent al m\u00f3n del flamenc. Amb una formaci\u00f3 s\u00f2lida i una passi\u00f3 evident pel ball, el seu estil combina la t\u00e8cnica tradicional del flamenc amb una energia i creativitat contempor\u00e0nies, consolidant-lo com una figura prometedora en este art. Ingueta Rubio \u00e9s un cantaor personal\u00edssim, guitarrista i compositor, que pertany a la saga de Los Rubio, una fam\u00edlia que ha tingut una influ\u00e8ncia significativa en el flamenc, especialment en el jove Camar\u00f3n de la Isla. \u00c9s considerat un dels talents m\u00e9s prometedors del cant flamenc contemporani, i el seu talent \u00e9s reconegut per figures del flamenc com Farruquito. Divendres 18 d&#8217;octubre a les 20h.<\/p>\n\n\n\n<p>Continua el festival amb els hereus de dues de les sagues m\u00e9s representatives del cante jondo. D&#8217;una banda, Esteban Guerrero Arag\u00f3 \u201cCaracolillo de Cadis\u201d, n\u00e9t de Francisco Guerrero \u201cCaracol de Cadis\u201d. Ha compartit escenari amb figures com Chiquetete, Carmen de la Jara, Mariana Cornejo, Nano de Jerez o Diego Carraco, en importants festivals. T\u00e9 diferents premis entre els quals destaca el Premi Antonio Mairena al Concurs Nacional de Cante Jondo \u201cAntonio Mairena\u201d (2016). Interpreta els diferents pals del flamenc amb molt de gust i sentiment, destacant alegries, tarantas, tientos tangos, seguiriyas, buleries, el cant per solej\u00e0 o els fandangos. D&#8217;altra banda, Jes\u00fas M\u00e9ndez, de la influent saga dels M\u00e9ndez a Jerez, amb La Paquera de Jerez com a figura emblem\u00e0tica. Ha treballat amb famosos artistes com Mora\u00edto Chico, El G\u00fcito, Roc\u00edo Molina, Alexandre Granados, Mar\u00eda del Mar Moreno i Carmen Cort\u00e9s, entre d&#8217;altres. \u00c9s un apassionat defensor dels cants de La Plazuela, especialment la buleria i la solej\u00e0. Al costat del seu principal mentor, el guitarrista Gerardo N\u00fa\u00f1ez, han actuat a escenaris de tot el m\u00f3n. Dissabte 19 doctubre a les 19 h.<\/p>\n\n\n\n<p>Fundada el 2017 pel bailaor i core\u00f2graf catal\u00e0 David Guti\u00e9rrez, el Ballet Flamenc de Barcelona projecta la gran tradici\u00f3 de flamenc que hist\u00f2ricament ha florit a Catalunya a trav\u00e9s de les seues gires internacionals. <\/p>\n\n\n\n<p>Representa un concepte nou i diferent del flamenc. Conserva l&#8217;arrel del flamenc tradicional i el reconstruix a partir de diferents estils de dansa i de m\u00fasiques, donant com a resultat un art nou, fresc i original que captiva els p\u00fablics de tots els pa\u00efsos i cultures. Carmen \u00e9s el seu \u00faltim muntatge, una nova recreaci\u00f3 de l&#8217;obra de Bizet que m\u00e9s enll\u00e0 de la concepci\u00f3 tradicional en qu\u00e8 ha estat hist\u00f2ricament encasellada i l&#8217;adapta a la realitat de la societat contempor\u00e0nia actual. <\/p>\n\n\n\n<p>Els valors pels quals Carmen hui \u00e9s una dona del nostre temps i l&#8217;adaptaci\u00f3 de la m\u00fasica i el ballet flamenc amb el segell propi que caracteritza David Guti\u00e9rrez, situen l&#8217;obra en un nou paradigma del mite universal i del flamenc del segle XXI. A l&#8217;espectacle es barreja el cant flamenc m\u00e9s actual amb la m\u00fasica original. L&#8217;orquestra simf\u00f2nica, el cant oper\u00edstic i la m\u00fasica de Bizet barregen les sonoritats m\u00e9s tradicionals amb tocs innovadors del jazz i del cant flamenc. Les coreografies fonen els universos del ballet flamenc amb impactants zapateados i aires frescos de la dansa moderna i contempor\u00e0nia. Els personatges de M\u00e9rim\u00e9e, la m\u00fasica de Bizet i el flamenc es fonen en un espectacle obert al p\u00fablic avui. Diumenge 20 doctubre a les 19 h.<\/p>\n\n\n\n<p>Entrades a la venda a www.auditoritorrent.com i a les taquilles de l\u2019Auditori (dijous de 17 a 20 h, divendres d&#8217;11 a 13 hi des de 2 hores abans del comen\u00e7ament de cada espectacle).<\/p>\n\n\n\n<figure class=\"wp-block-gallery has-nested-images columns-default is-cropped wp-block-gallery-1 is-layout-flex wp-block-gallery-is-layout-flex\">\n<figure class=\"wp-block-image size-large\"><img fetchpriority=\"high\" decoding=\"async\" width=\"1024\" height=\"682\" data-id=\"73083\" src=\"https:\/\/infotorrent.es\/wp-content\/uploads\/2024\/10\/jesus-mendez-prensa-1024x682.jpg\" alt=\"\" class=\"wp-image-73083\" srcset=\"https:\/\/infotorrent.es\/wp-content\/uploads\/2024\/10\/jesus-mendez-prensa-1024x682.jpg 1024w, https:\/\/infotorrent.es\/wp-content\/uploads\/2024\/10\/jesus-mendez-prensa-300x200.jpg 300w, https:\/\/infotorrent.es\/wp-content\/uploads\/2024\/10\/jesus-mendez-prensa-768x512.jpg 768w, https:\/\/infotorrent.es\/wp-content\/uploads\/2024\/10\/jesus-mendez-prensa-1536x1023.jpg 1536w, https:\/\/infotorrent.es\/wp-content\/uploads\/2024\/10\/jesus-mendez-prensa.jpg 1600w\" sizes=\"(max-width: 1024px) 100vw, 1024px\" \/><\/figure>\n\n\n\n<figure class=\"wp-block-image size-large\"><img decoding=\"async\" width=\"680\" height=\"1024\" data-id=\"73081\" src=\"https:\/\/infotorrent.es\/wp-content\/uploads\/2024\/10\/danidefrancisco-680x1024.jpg\" alt=\"\" class=\"wp-image-73081\" srcset=\"https:\/\/infotorrent.es\/wp-content\/uploads\/2024\/10\/danidefrancisco-680x1024.jpg 680w, https:\/\/infotorrent.es\/wp-content\/uploads\/2024\/10\/danidefrancisco-199x300.jpg 199w, https:\/\/infotorrent.es\/wp-content\/uploads\/2024\/10\/danidefrancisco.jpg 720w\" sizes=\"(max-width: 680px) 100vw, 680px\" \/><\/figure>\n\n\n\n<figure class=\"wp-block-image size-large\"><img decoding=\"async\" width=\"600\" height=\"901\" data-id=\"73079\" src=\"https:\/\/infotorrent.es\/wp-content\/uploads\/2024\/10\/ingueta04.jpg\" alt=\"\" class=\"wp-image-73079\" srcset=\"https:\/\/infotorrent.es\/wp-content\/uploads\/2024\/10\/ingueta04.jpg 600w, https:\/\/infotorrent.es\/wp-content\/uploads\/2024\/10\/ingueta04-200x300.jpg 200w\" sizes=\"(max-width: 600px) 100vw, 600px\" \/><\/figure>\n\n\n\n<figure class=\"wp-block-image size-large\"><img loading=\"lazy\" decoding=\"async\" width=\"702\" height=\"1024\" data-id=\"73077\" src=\"https:\/\/infotorrent.es\/wp-content\/uploads\/2024\/10\/caracolillo_3.jpg\" alt=\"\" class=\"wp-image-73077\" srcset=\"https:\/\/infotorrent.es\/wp-content\/uploads\/2024\/10\/caracolillo_3.jpg 702w, https:\/\/infotorrent.es\/wp-content\/uploads\/2024\/10\/caracolillo_3-206x300.jpg 206w\" sizes=\"(max-width: 702px) 100vw, 702px\" \/><\/figure>\n\n\n\n<figure class=\"wp-block-image size-large\"><img loading=\"lazy\" decoding=\"async\" width=\"1024\" height=\"682\" data-id=\"73075\" src=\"https:\/\/infotorrent.es\/wp-content\/uploads\/2024\/10\/OA_1346_CARMEN_2024.06.27-NYC_4325-\u00a9-Nicu-Cherciu1-1024x682.jpg\" alt=\"\" class=\"wp-image-73075\" srcset=\"https:\/\/infotorrent.es\/wp-content\/uploads\/2024\/10\/OA_1346_CARMEN_2024.06.27-NYC_4325-\u00a9-Nicu-Cherciu1-1024x682.jpg 1024w, https:\/\/infotorrent.es\/wp-content\/uploads\/2024\/10\/OA_1346_CARMEN_2024.06.27-NYC_4325-\u00a9-Nicu-Cherciu1-300x200.jpg 300w, https:\/\/infotorrent.es\/wp-content\/uploads\/2024\/10\/OA_1346_CARMEN_2024.06.27-NYC_4325-\u00a9-Nicu-Cherciu1-768x511.jpg 768w, https:\/\/infotorrent.es\/wp-content\/uploads\/2024\/10\/OA_1346_CARMEN_2024.06.27-NYC_4325-\u00a9-Nicu-Cherciu1-1536x1022.jpg 1536w, https:\/\/infotorrent.es\/wp-content\/uploads\/2024\/10\/OA_1346_CARMEN_2024.06.27-NYC_4325-\u00a9-Nicu-Cherciu1.jpg 2048w\" sizes=\"(max-width: 1024px) 100vw, 1024px\" \/><\/figure>\n<\/figure>\n","protected":false},"excerpt":{"rendered":"<p>Daniel de Francisco &amp; Ingueta Rubio, Jes\u00fas M\u00e9ndez &amp; Caracolillo de Cadis i el Ballet Flamenc de Barcelona porten a Torrent el millor flamenc del panorama nacional Del 18 al 20 d&#8217;octubre, l&#8217;escenari de l&#8217;Auditori de Torrent vessar\u00e0 d&#8217;art amb un cartell que porta alguns dels millors artistes en una nova edici\u00f3 del Festival Flamenc. [&hellip;]<\/p>\n","protected":false},"author":17,"featured_media":73086,"comment_status":"open","ping_status":"open","sticky":false,"template":"","format":"standard","meta":{"_acf_changed":false,"footnotes":""},"categories":[116,126,756,1132,117,127],"tags":[],"class_list":["post-73088","post","type-post","status-publish","format-standard","has-post-thumbnail","hentry","category-noticies","category-cultura-es-2","category-cultura-noticias-2","category-cultura-ca","category-cultura","category-noticias-2"],"acf":[],"_links":{"self":[{"href":"https:\/\/infotorrent.es\/ca\/wp-json\/wp\/v2\/posts\/73088","targetHints":{"allow":["GET"]}}],"collection":[{"href":"https:\/\/infotorrent.es\/ca\/wp-json\/wp\/v2\/posts"}],"about":[{"href":"https:\/\/infotorrent.es\/ca\/wp-json\/wp\/v2\/types\/post"}],"author":[{"embeddable":true,"href":"https:\/\/infotorrent.es\/ca\/wp-json\/wp\/v2\/users\/17"}],"replies":[{"embeddable":true,"href":"https:\/\/infotorrent.es\/ca\/wp-json\/wp\/v2\/comments?post=73088"}],"version-history":[{"count":1,"href":"https:\/\/infotorrent.es\/ca\/wp-json\/wp\/v2\/posts\/73088\/revisions"}],"predecessor-version":[{"id":73090,"href":"https:\/\/infotorrent.es\/ca\/wp-json\/wp\/v2\/posts\/73088\/revisions\/73090"}],"wp:featuredmedia":[{"embeddable":true,"href":"https:\/\/infotorrent.es\/ca\/wp-json\/wp\/v2\/media\/73086"}],"wp:attachment":[{"href":"https:\/\/infotorrent.es\/ca\/wp-json\/wp\/v2\/media?parent=73088"}],"wp:term":[{"taxonomy":"category","embeddable":true,"href":"https:\/\/infotorrent.es\/ca\/wp-json\/wp\/v2\/categories?post=73088"},{"taxonomy":"post_tag","embeddable":true,"href":"https:\/\/infotorrent.es\/ca\/wp-json\/wp\/v2\/tags?post=73088"}],"curies":[{"name":"wp","href":"https:\/\/api.w.org\/{rel}","templated":true}]}}