{"id":72684,"date":"2024-10-07T09:47:08","date_gmt":"2024-10-07T07:47:08","guid":{"rendered":"https:\/\/infotorrent.es\/uncategorized\/agenda-del-7-al-9-de-octubre\/"},"modified":"2024-10-07T09:54:52","modified_gmt":"2024-10-07T07:54:52","slug":"agenda-del-7-al-9-de-octubre","status":"publish","type":"post","link":"https:\/\/infotorrent.es\/ca\/agenda-2-ca\/agenda-del-7-al-9-de-octubre\/","title":{"rendered":"AGENDA DEL 7 AL 9 D&#8217;OCTUBRE"},"content":{"rendered":"\n<h5 class=\"wp-block-heading\">Estes s\u00f3n les propostes culturals, festives i d&#8217;oci que t&#8217;oferix la nostra ciutat.<\/h5>\n\n\n\n<p><strong>Informaci\u00f3 d&#8217;Inter\u00e9s:<\/strong><\/p>\n\n\n\n<ul class=\"wp-block-list\">\n<li>Nou servici d&#8217;hemeroteca hist\u00f2rica local i l&#8217;horta sud; Biblioteca Casa Cultura. <strong>(Des de l&#8217;11 de setembre)<\/strong><\/li>\n\n\n\n<li>Exposici\u00f3 &#8220;Els nostres majors&#8221; Al museu comarcal <strong>(2 al 18 d&#8217;octubre)<\/strong><\/li>\n\n\n\n<li>Exposici\u00f3 &#8220;Identitat, passi\u00f3 i art.&#8221; de Paco Gasc\u00f3n en L\u2019 Antic Mercat. <strong>(De l&#8217;1 al 14 D&#8217;octubre)<\/strong><\/li>\n\n\n\n<li>Concurs de teatre faller &#8220;Categoria Juvenil&#8221;; Sala d&#8217;actes Ajuntament de Torrent. <strong>(Del 3 al 16 d&#8217;octubre)<\/strong><\/li>\n\n\n\n<li>IV Concurs de microrelats Torrrent-jove. <strong>(Fins al 31 d&#8217;octubre)<\/strong><\/li>\n\n\n\n<li>Concurs de teatre faller &#8220;Categoria Infantil&#8221;; Sala d&#8217;actes Ajuntament de Torrent.<strong> (Del 6 d&#8217;octubre al 6 de novembre)<\/strong><\/li>\n<\/ul>\n\n\n\n<h4 class=\"wp-block-heading\">DILLUNS 7<\/h4>\n\n\n\n<p><strong>19:00H<\/strong> Presentaci\u00f3 del llibre &#8220;Jaime i el conqueridor\u201d de Juan Barat; Sala d&#8217;actes Casa de la Cultura.<\/p>\n\n\n\n<h4 class=\"wp-block-heading\">DIMARTS 8<\/h4>\n\n\n\n<p><strong>20:30H<\/strong> X\u00e0quera de Torrent; Grup de ball l\u00b4\u00da i Dos del Llar Antoni\u00e0; Ermita de Sant Llu\u00eds Beltr\u00e1n.<\/p>\n\n\n\n<h4 class=\"wp-block-heading\">DIMECRES 9<\/h4>\n\n\n\n<p><strong>19:00H <\/strong>Process\u00f3 c\u00edvica; Des de l&#8217;ajuntament fins a la pla\u00e7a major.<\/p>\n\n\n\n<p><strong>20:00H <\/strong>Homenatge a Jaume I i a la senyera, concert extraordinari banda UMT, i el tenor Pascual Andreu rendir\u00e0 tribut a Nino Bravo. Espectacle de focs artificials; Plaza Mayor.<\/p>\n\n\n\n<figure class=\"wp-block-image size-large\"><img fetchpriority=\"high\" decoding=\"async\" width=\"819\" height=\"1024\" src=\"https:\/\/infotorrent.es\/wp-content\/uploads\/2024\/10\/FORMATO-AGENDA-1-819x1024.png\" alt=\"\" class=\"wp-image-72681\" srcset=\"https:\/\/infotorrent.es\/wp-content\/uploads\/2024\/10\/FORMATO-AGENDA-1-819x1024.png 819w, https:\/\/infotorrent.es\/wp-content\/uploads\/2024\/10\/FORMATO-AGENDA-1-240x300.png 240w, https:\/\/infotorrent.es\/wp-content\/uploads\/2024\/10\/FORMATO-AGENDA-1-768x960.png 768w, https:\/\/infotorrent.es\/wp-content\/uploads\/2024\/10\/FORMATO-AGENDA-1.png 1080w\" sizes=\"(max-width: 819px) 100vw, 819px\" \/><\/figure>\n","protected":false},"excerpt":{"rendered":"<p>Estes s\u00f3n les propostes culturals, festives i d&#8217;oci que t&#8217;oferix la nostra ciutat. Informaci\u00f3 d&#8217;Inter\u00e9s: DILLUNS 7 19:00H Presentaci\u00f3 del llibre &#8220;Jaime i el conqueridor\u201d de Juan Barat; Sala d&#8217;actes Casa de la Cultura. DIMARTS 8 20:30H X\u00e0quera de Torrent; Grup de ball l\u00b4\u00da i Dos del Llar Antoni\u00e0; Ermita de Sant Llu\u00eds Beltr\u00e1n. DIMECRES [&hellip;]<\/p>\n","protected":false},"author":15,"featured_media":72688,"comment_status":"open","ping_status":"open","sticky":false,"template":"","format":"standard","meta":{"_acf_changed":false,"footnotes":""},"categories":[1157],"tags":[],"class_list":["post-72684","post","type-post","status-publish","format-standard","has-post-thumbnail","hentry","category-agenda-2-ca"],"acf":[],"_links":{"self":[{"href":"https:\/\/infotorrent.es\/ca\/wp-json\/wp\/v2\/posts\/72684","targetHints":{"allow":["GET"]}}],"collection":[{"href":"https:\/\/infotorrent.es\/ca\/wp-json\/wp\/v2\/posts"}],"about":[{"href":"https:\/\/infotorrent.es\/ca\/wp-json\/wp\/v2\/types\/post"}],"author":[{"embeddable":true,"href":"https:\/\/infotorrent.es\/ca\/wp-json\/wp\/v2\/users\/15"}],"replies":[{"embeddable":true,"href":"https:\/\/infotorrent.es\/ca\/wp-json\/wp\/v2\/comments?post=72684"}],"version-history":[{"count":1,"href":"https:\/\/infotorrent.es\/ca\/wp-json\/wp\/v2\/posts\/72684\/revisions"}],"predecessor-version":[{"id":72687,"href":"https:\/\/infotorrent.es\/ca\/wp-json\/wp\/v2\/posts\/72684\/revisions\/72687"}],"wp:featuredmedia":[{"embeddable":true,"href":"https:\/\/infotorrent.es\/ca\/wp-json\/wp\/v2\/media\/72688"}],"wp:attachment":[{"href":"https:\/\/infotorrent.es\/ca\/wp-json\/wp\/v2\/media?parent=72684"}],"wp:term":[{"taxonomy":"category","embeddable":true,"href":"https:\/\/infotorrent.es\/ca\/wp-json\/wp\/v2\/categories?post=72684"},{"taxonomy":"post_tag","embeddable":true,"href":"https:\/\/infotorrent.es\/ca\/wp-json\/wp\/v2\/tags?post=72684"}],"curies":[{"name":"wp","href":"https:\/\/api.w.org\/{rel}","templated":true}]}}