{"id":72491,"date":"2024-09-30T13:45:18","date_gmt":"2024-09-30T11:45:18","guid":{"rendered":"https:\/\/infotorrent.es\/uncategorized\/torrent-rinde-homenaje-a-su-policia-local-por-su-servicio-a-la-ciudad\/"},"modified":"2024-09-30T13:50:13","modified_gmt":"2024-09-30T11:50:13","slug":"torrent-rinde-homenaje-a-su-policia-local-por-su-servicio-a-la-ciudad","status":"publish","type":"post","link":"https:\/\/infotorrent.es\/ca\/noticies\/seguretat-ciutadana\/torrent-rinde-homenaje-a-su-policia-local-por-su-servicio-a-la-ciudad\/","title":{"rendered":"Torrent ret homenatge al seu Policia Local pel seu servici a la ciutat"},"content":{"rendered":"\n<h5 class=\"wp-block-heading\">Distincions i agra\u00efments marquen una jornada de reconeixement als agents pel Dia de la Policia Local<\/h5>\n\n\n\n<p>Divendres passat, Torrent va celebrar el Dia de la Policia Local, un esdeveniment en el qual es va retre homenatge als membres del cos per la seua dedicaci\u00f3 i esfor\u00e7 al llarg de l&#8217;any, a m\u00e9s de recon\u00e9ixer als policies jubilats per tota una vida de servici. Durant la cerim\u00f2nia, es van atorgar distincions als agents destacats, aix\u00ed com felicitacions a membres de l&#8217;agrupaci\u00f3 de voluntaris de Protecci\u00f3 Civil de Torrent i a l&#8217;equip m\u00e8dic del SAMU, per diferents servicis destacats.<\/p>\n\n\n\n<p>Els agents Ib\u00e1n Fern\u00e1ndez i Andr\u00e9s Furi\u00f3 van ser condecorats amb la Medalla al M\u00e8rit Policial Blau amb distintiu Blanco per un servici exemplar. Per part seua, els agents Sergio G\u00f3mez, Iv\u00e1n Molina i Miguel \u00c1ngel Olmedo van rebre la Medalla Blanca amb distintiu Blau despr\u00e9s de completar 20 anys de servici, mentres que el Comissari Cap Jos\u00e9 Pascual Mart\u00ednez, els inspectors Marcos Molina i Juli\u00e1n Gonz\u00e1lez, i l&#8217;agent M\u00aa del Carmen Sanz van ser honrats amb la Medalla Marr\u00f3 amb distintiu Blau pels seus 30 anys de dedicaci\u00f3.<\/p>\n\n\n\n<p>L&#8217;Ajuntament de Torrent tamb\u00e9 va voler recon\u00e9ixer als agents jubilats enguany, Antonio Guti\u00e9rrez, Marcelino Castro i Justo Torrecillas, aix\u00ed com al Comissari Principal jubilat, Eduardo Mart\u00ednez, qui va ser homenatjat pels seus m\u00e9s de 38 anys de traject\u00f2ria en la Policia Local.<\/p>\n\n\n\n<p>L&#8217;alcaldessa de Torrent, Amparo Folgado, va destacar en el seu discurs la import\u00e0ncia d&#8217;estos reconeixements com una mostra de gratitud de l&#8217;Ajuntament cap a la labor dels agents, ressaltant l&#8217;esfor\u00e7 diari en la protecci\u00f3 i auxili dels ve\u00efns.&nbsp;\u201cEstes condecoracions s\u00f3n la forma que tenim d&#8217;agrair-vos el vostre treball i animar-vos a continuar desenrotllant la vostra labor, posant sempre al ciutad\u00e0 en el centre de totes les actuacions\u201d, va afirmar Folgado.<\/p>\n\n\n\n<p>Folgado tamb\u00e9 ha subratllat que&nbsp;\u201cencara que no tots els integrants de la Policia Local pugeu hui a rebre distincions, el vostre treball diari \u00e9s un exemple de servici p\u00fablic i d&#8217;actes destacats al servici dels ve\u00efns i ve\u00efnes de Torrent\u201d.<\/p>\n\n\n\n<p>L&#8217;alcaldessa va tindre paraules de carinyo cap als membres del cos de la Policia Local jubilats durant este exercici&nbsp;\u201cGr\u00e0cies a tots per estos anys de dedicaci\u00f3 plena a servir i protegir els ve\u00efns de Torrent\u201d,&nbsp;especialment al Comissari Principal jubilat enguany, Eduardo Mart\u00ednez, amb m\u00e9s de 38 anys de servici.<\/p>\n\n\n\n<p>Folgado tamb\u00e9 ha destacat en la seua intervenci\u00f3 que&nbsp;\u201cl&#8217;Ajuntament de Torrent est\u00e0 comprom\u00e9s amb la modernitzaci\u00f3 i ampliaci\u00f3 de la Policia Local\u201d,&nbsp;a m\u00e9s,&nbsp;\u201cla recent incorporaci\u00f3 de 192 c\u00e0meres de vigil\u00e0ncia a la nostra ciutat est\u00e0 sent una ferramenta m\u00e9s que \u00fatil en la vostra labor de vigil\u00e0ncia, servint di\u00e0riament per a l&#8217;esclariment i investigaci\u00f3 de delictes per part de la policia i de la Gu\u00e0rdia Civil\u201d.<\/p>\n\n\n\n<p>Aix\u00ed com tamb\u00e9, el comprom\u00eds en ferm de la creaci\u00f3 de la Policia de Barri i l&#8217;ampliaci\u00f3 de la plantilla, l&#8217;alcaldessa va destacar&nbsp;\u201cen breu podrem anunciar que el refor\u00e7 de la plantilla de la Policia Local de Torrent \u00e9s una realitat i que els nostres carrers podran comptar amb el nombre d&#8217;agents que una Gran Ciutat precisa, millorant la qualitat del servici i les condicions laborals de tot el cos\u201d.<\/p>\n\n\n\n<p>La regidora de Seguretat Ciutadana, Sonia Roca, tamb\u00e9 va felicitar els agents i va destacar la vocaci\u00f3, el sacrifici i la valentia que demostren di\u00e0riament en la seua labor.&nbsp;\u201cMolts dels vostres sacrificis passen desapercebuts, per\u00f2 la vostra professionalitat \u00e9s un exemple de comprom\u00eds amb el servici p\u00fablic\u201d,&nbsp;va subratllar Roca. A m\u00e9s, va assenyalar que&nbsp;\u201cen cada pas que doneu, recordeu al m\u00f3n que el valor es mesura per la voluntat d&#8217;enfrontar-se a la por perqu\u00e8 uns altres puguen viure en pau\u201d.<\/p>\n\n\n\n<p>L&#8217;acte va estar dirigit pel presentador Paco Nadal i va concloure amb la interpretaci\u00f3 dels himnes de Torrent, de la Comunitat Valenciana i d&#8217;Espanya. Entre els assistents, es trobaven autoritats com el Comissari Cap de la Policia Nacional, Felipe Mar\u00eda Lluch; la capit\u00e0 Cap de l&#8217;Aquarterament Aeri del Vedat, M\u00aa de la Mar Ochando; el Comandant Cap de la Gu\u00e0rdia Civil de Paiporta, Marc Cortiella, i el Cap de Protecci\u00f3 Civil, Francisco Lona. La Fallera Major de Torrent, Alicia Moreno al costat de la seua Cort d&#8217;Honor, la Reina de la Trobada, Mariola Garrido; els alferes de Moros i Cristians, Esther i Andr\u00e9s; la Musa de la M\u00fasica, Mar\u00eda Gonz\u00e1lez, al costat d&#8217;altres representants destacats de la societat torrentina, tamb\u00e9 van acompanyar a la Policia Local en este emotiu homenatge.<\/p>\n\n\n\n<p>Van ser presents en l&#8217;acte, la recent Unitat de Vigil\u00e0ncia A\u00e8ria amb l&#8217;exibici\u00f3n del Dron i l&#8217;agent K9-Hakan, de la unitat canina, que va ser molt reclamat pels presents, per a immortalitzar-se amb ell en fotografies.<\/p>\n\n\n\n<figure class=\"wp-block-gallery has-nested-images columns-default is-cropped wp-block-gallery-1 is-layout-flex wp-block-gallery-is-layout-flex\">\n<figure class=\"wp-block-image size-large\"><img fetchpriority=\"high\" decoding=\"async\" width=\"1024\" height=\"682\" data-id=\"72485\" src=\"https:\/\/infotorrent.es\/wp-content\/uploads\/2024\/09\/WhatsApp-Image-2024-09-30-at-13.19.23-1024x682.jpeg\" alt=\"\" class=\"wp-image-72485\" srcset=\"https:\/\/infotorrent.es\/wp-content\/uploads\/2024\/09\/WhatsApp-Image-2024-09-30-at-13.19.23-1024x682.jpeg 1024w, https:\/\/infotorrent.es\/wp-content\/uploads\/2024\/09\/WhatsApp-Image-2024-09-30-at-13.19.23-300x200.jpeg 300w, https:\/\/infotorrent.es\/wp-content\/uploads\/2024\/09\/WhatsApp-Image-2024-09-30-at-13.19.23-768x512.jpeg 768w, https:\/\/infotorrent.es\/wp-content\/uploads\/2024\/09\/WhatsApp-Image-2024-09-30-at-13.19.23-1536x1023.jpeg 1536w, https:\/\/infotorrent.es\/wp-content\/uploads\/2024\/09\/WhatsApp-Image-2024-09-30-at-13.19.23.jpeg 1600w\" sizes=\"(max-width: 1024px) 100vw, 1024px\" \/><\/figure>\n\n\n\n<figure class=\"wp-block-image size-large\"><img decoding=\"async\" width=\"1024\" height=\"682\" data-id=\"72487\" src=\"https:\/\/infotorrent.es\/wp-content\/uploads\/2024\/09\/WhatsApp-Image-2024-09-27-at-21.56.341-1024x682.jpeg\" alt=\"\" class=\"wp-image-72487\" srcset=\"https:\/\/infotorrent.es\/wp-content\/uploads\/2024\/09\/WhatsApp-Image-2024-09-27-at-21.56.341-1024x682.jpeg 1024w, https:\/\/infotorrent.es\/wp-content\/uploads\/2024\/09\/WhatsApp-Image-2024-09-27-at-21.56.341-300x200.jpeg 300w, https:\/\/infotorrent.es\/wp-content\/uploads\/2024\/09\/WhatsApp-Image-2024-09-27-at-21.56.341-768x512.jpeg 768w, https:\/\/infotorrent.es\/wp-content\/uploads\/2024\/09\/WhatsApp-Image-2024-09-27-at-21.56.341-1536x1023.jpeg 1536w, https:\/\/infotorrent.es\/wp-content\/uploads\/2024\/09\/WhatsApp-Image-2024-09-27-at-21.56.341.jpeg 1600w\" sizes=\"(max-width: 1024px) 100vw, 1024px\" \/><\/figure>\n\n\n\n<figure class=\"wp-block-image size-large\"><img decoding=\"async\" width=\"1024\" height=\"682\" data-id=\"72483\" src=\"https:\/\/infotorrent.es\/wp-content\/uploads\/2024\/09\/WhatsApp-Image-2024-09-27-at-21.56.34-1024x682.jpeg\" alt=\"\" class=\"wp-image-72483\" srcset=\"https:\/\/infotorrent.es\/wp-content\/uploads\/2024\/09\/WhatsApp-Image-2024-09-27-at-21.56.34-1024x682.jpeg 1024w, https:\/\/infotorrent.es\/wp-content\/uploads\/2024\/09\/WhatsApp-Image-2024-09-27-at-21.56.34-300x200.jpeg 300w, https:\/\/infotorrent.es\/wp-content\/uploads\/2024\/09\/WhatsApp-Image-2024-09-27-at-21.56.34-768x512.jpeg 768w, https:\/\/infotorrent.es\/wp-content\/uploads\/2024\/09\/WhatsApp-Image-2024-09-27-at-21.56.34-1536x1023.jpeg 1536w, https:\/\/infotorrent.es\/wp-content\/uploads\/2024\/09\/WhatsApp-Image-2024-09-27-at-21.56.34.jpeg 1600w\" sizes=\"(max-width: 1024px) 100vw, 1024px\" \/><\/figure>\n\n\n\n<figure class=\"wp-block-image size-large\"><img loading=\"lazy\" decoding=\"async\" width=\"1024\" height=\"667\" data-id=\"72473\" src=\"https:\/\/infotorrent.es\/wp-content\/uploads\/2024\/09\/WhatsApp-Image-2024-09-27-at-20.04.44-1024x667.jpeg\" alt=\"\" class=\"wp-image-72473\" srcset=\"https:\/\/infotorrent.es\/wp-content\/uploads\/2024\/09\/WhatsApp-Image-2024-09-27-at-20.04.44-1024x667.jpeg 1024w, https:\/\/infotorrent.es\/wp-content\/uploads\/2024\/09\/WhatsApp-Image-2024-09-27-at-20.04.44-300x196.jpeg 300w, https:\/\/infotorrent.es\/wp-content\/uploads\/2024\/09\/WhatsApp-Image-2024-09-27-at-20.04.44-768x501.jpeg 768w, https:\/\/infotorrent.es\/wp-content\/uploads\/2024\/09\/WhatsApp-Image-2024-09-27-at-20.04.44.jpeg 1470w\" sizes=\"(max-width: 1024px) 100vw, 1024px\" \/><\/figure>\n\n\n\n<figure class=\"wp-block-image size-large\"><img loading=\"lazy\" decoding=\"async\" width=\"1024\" height=\"688\" data-id=\"72475\" src=\"https:\/\/infotorrent.es\/wp-content\/uploads\/2024\/09\/WhatsApp-Image-2024-09-27-at-20.04.45-1024x688.jpeg\" alt=\"\" class=\"wp-image-72475\" srcset=\"https:\/\/infotorrent.es\/wp-content\/uploads\/2024\/09\/WhatsApp-Image-2024-09-27-at-20.04.45-1024x688.jpeg 1024w, https:\/\/infotorrent.es\/wp-content\/uploads\/2024\/09\/WhatsApp-Image-2024-09-27-at-20.04.45-300x202.jpeg 300w, https:\/\/infotorrent.es\/wp-content\/uploads\/2024\/09\/WhatsApp-Image-2024-09-27-at-20.04.45-768x516.jpeg 768w, https:\/\/infotorrent.es\/wp-content\/uploads\/2024\/09\/WhatsApp-Image-2024-09-27-at-20.04.45.jpeg 1451w\" sizes=\"(max-width: 1024px) 100vw, 1024px\" \/><\/figure>\n\n\n\n<figure class=\"wp-block-image size-large\"><img loading=\"lazy\" decoding=\"async\" width=\"1024\" height=\"683\" data-id=\"72477\" src=\"https:\/\/infotorrent.es\/wp-content\/uploads\/2024\/09\/WhatsApp-Image-2024-09-27-at-20.04.46-1024x683.jpeg\" alt=\"\" class=\"wp-image-72477\" srcset=\"https:\/\/infotorrent.es\/wp-content\/uploads\/2024\/09\/WhatsApp-Image-2024-09-27-at-20.04.46-1024x683.jpeg 1024w, https:\/\/infotorrent.es\/wp-content\/uploads\/2024\/09\/WhatsApp-Image-2024-09-27-at-20.04.46-300x200.jpeg 300w, https:\/\/infotorrent.es\/wp-content\/uploads\/2024\/09\/WhatsApp-Image-2024-09-27-at-20.04.46-768x512.jpeg 768w, https:\/\/infotorrent.es\/wp-content\/uploads\/2024\/09\/WhatsApp-Image-2024-09-27-at-20.04.46-1536x1024.jpeg 1536w, https:\/\/infotorrent.es\/wp-content\/uploads\/2024\/09\/WhatsApp-Image-2024-09-27-at-20.04.46.jpeg 1599w\" sizes=\"(max-width: 1024px) 100vw, 1024px\" \/><\/figure>\n\n\n\n<figure class=\"wp-block-image size-large\"><img loading=\"lazy\" decoding=\"async\" width=\"1024\" height=\"682\" data-id=\"72481\" src=\"https:\/\/infotorrent.es\/wp-content\/uploads\/2024\/09\/WhatsApp-Image-2024-09-27-at-21.56.33-1024x682.jpeg\" alt=\"\" class=\"wp-image-72481\" srcset=\"https:\/\/infotorrent.es\/wp-content\/uploads\/2024\/09\/WhatsApp-Image-2024-09-27-at-21.56.33-1024x682.jpeg 1024w, https:\/\/infotorrent.es\/wp-content\/uploads\/2024\/09\/WhatsApp-Image-2024-09-27-at-21.56.33-300x200.jpeg 300w, https:\/\/infotorrent.es\/wp-content\/uploads\/2024\/09\/WhatsApp-Image-2024-09-27-at-21.56.33-768x512.jpeg 768w, https:\/\/infotorrent.es\/wp-content\/uploads\/2024\/09\/WhatsApp-Image-2024-09-27-at-21.56.33-1536x1023.jpeg 1536w, https:\/\/infotorrent.es\/wp-content\/uploads\/2024\/09\/WhatsApp-Image-2024-09-27-at-21.56.33.jpeg 1600w\" sizes=\"(max-width: 1024px) 100vw, 1024px\" \/><\/figure>\n\n\n\n<figure class=\"wp-block-image size-large\"><img loading=\"lazy\" decoding=\"async\" width=\"1024\" height=\"683\" data-id=\"72479\" src=\"https:\/\/infotorrent.es\/wp-content\/uploads\/2024\/09\/461554046_953313513490705_8033537544342682766_n-1024x683.jpg\" alt=\"\" class=\"wp-image-72479\" srcset=\"https:\/\/infotorrent.es\/wp-content\/uploads\/2024\/09\/461554046_953313513490705_8033537544342682766_n-1024x683.jpg 1024w, https:\/\/infotorrent.es\/wp-content\/uploads\/2024\/09\/461554046_953313513490705_8033537544342682766_n-300x200.jpg 300w, https:\/\/infotorrent.es\/wp-content\/uploads\/2024\/09\/461554046_953313513490705_8033537544342682766_n-768x512.jpg 768w, https:\/\/infotorrent.es\/wp-content\/uploads\/2024\/09\/461554046_953313513490705_8033537544342682766_n-1536x1024.jpg 1536w, https:\/\/infotorrent.es\/wp-content\/uploads\/2024\/09\/461554046_953313513490705_8033537544342682766_n.jpg 1599w\" sizes=\"(max-width: 1024px) 100vw, 1024px\" \/><\/figure>\n<\/figure>\n","protected":false},"excerpt":{"rendered":"<p>Distincions i agra\u00efments marquen una jornada de reconeixement als agents pel Dia de la Policia Local Divendres passat, Torrent va celebrar el Dia de la Policia Local, un esdeveniment en el qual es va retre homenatge als membres del cos per la seua dedicaci\u00f3 i esfor\u00e7 al llarg de l&#8217;any, a m\u00e9s de recon\u00e9ixer als [&hellip;]<\/p>\n","protected":false},"author":15,"featured_media":72494,"comment_status":"open","ping_status":"open","sticky":false,"template":"","format":"standard","meta":{"_acf_changed":false,"footnotes":""},"categories":[124,1190],"tags":[],"class_list":["post-72491","post","type-post","status-publish","format-standard","has-post-thumbnail","hentry","category-seguretat-ciutadana","category-ayuntamiento-de-torrent-ca"],"acf":[],"_links":{"self":[{"href":"https:\/\/infotorrent.es\/ca\/wp-json\/wp\/v2\/posts\/72491","targetHints":{"allow":["GET"]}}],"collection":[{"href":"https:\/\/infotorrent.es\/ca\/wp-json\/wp\/v2\/posts"}],"about":[{"href":"https:\/\/infotorrent.es\/ca\/wp-json\/wp\/v2\/types\/post"}],"author":[{"embeddable":true,"href":"https:\/\/infotorrent.es\/ca\/wp-json\/wp\/v2\/users\/15"}],"replies":[{"embeddable":true,"href":"https:\/\/infotorrent.es\/ca\/wp-json\/wp\/v2\/comments?post=72491"}],"version-history":[{"count":2,"href":"https:\/\/infotorrent.es\/ca\/wp-json\/wp\/v2\/posts\/72491\/revisions"}],"predecessor-version":[{"id":72496,"href":"https:\/\/infotorrent.es\/ca\/wp-json\/wp\/v2\/posts\/72491\/revisions\/72496"}],"wp:featuredmedia":[{"embeddable":true,"href":"https:\/\/infotorrent.es\/ca\/wp-json\/wp\/v2\/media\/72494"}],"wp:attachment":[{"href":"https:\/\/infotorrent.es\/ca\/wp-json\/wp\/v2\/media?parent=72491"}],"wp:term":[{"taxonomy":"category","embeddable":true,"href":"https:\/\/infotorrent.es\/ca\/wp-json\/wp\/v2\/categories?post=72491"},{"taxonomy":"post_tag","embeddable":true,"href":"https:\/\/infotorrent.es\/ca\/wp-json\/wp\/v2\/tags?post=72491"}],"curies":[{"name":"wp","href":"https:\/\/api.w.org\/{rel}","templated":true}]}}