{"id":72345,"date":"2024-09-26T10:27:42","date_gmt":"2024-09-26T08:27:42","guid":{"rendered":"https:\/\/infotorrent.es\/uncategorized\/agenda-del-fin-de-semana-en-torrent-26-al-30-de-septiembre\/"},"modified":"2024-09-26T10:38:34","modified_gmt":"2024-09-26T08:38:34","slug":"agenda-del-fin-de-semana-en-torrent-26-al-30-de-septiembre","status":"publish","type":"post","link":"https:\/\/infotorrent.es\/ca\/agenda-2-ca\/agenda-del-fin-de-semana-en-torrent-26-al-30-de-septiembre\/","title":{"rendered":"Agenda del cap de setmana a Torrent (26 al 30 de setembre)"},"content":{"rendered":"\n<h5 class=\"wp-block-heading\">Estes s\u00f3n les propostes culturals, festives i d&#8217;oci que t&#8217;oferix la nostra ciutat per a este cap de setmana.<\/h5>\n\n\n\n<p><strong>Informaci\u00f3 d&#8217;Inter\u00e9s:<\/strong><\/p>\n\n\n\n<ul class=\"wp-block-list\">\n<li>Nou servici d&#8217;hemeroteca hist\u00f2rica local i l&#8217;horta sud <strong>(des de l&#8217;11 de setembre)<\/strong><\/li>\n\n\n\n<li>Inscripci\u00f3: Preinscripci\u00f3 i matriculaci\u00f3, escola d&#8217;adults de Torrent per al curs 2024 \u2013 2025 <strong>(Fins al 27 de Setembre).<\/strong><\/li>\n\n\n\n<li>XX concurs de fotografia i 10a edici\u00f3 de &#8220;la paret pintada&#8221; cij torrent <strong>(fins al 5 d&#8217;octubre)<\/strong><\/li>\n\n\n\n<li>Exposici\u00f3 &#8220;Espais de silenci&#8221;;Antic Mercat de Torrent <strong>(fins al 28 de setembre)<\/strong><\/li>\n\n\n\n<li>Exposici\u00f3 &#8220;Francisco Ib\u00e1\u00f1ez en els falles&#8221;; Mercat de Sant Gregori <strong>(fins al 28 de setembre)<\/strong><\/li>\n<\/ul>\n\n\n\n<p><strong>DIJOUS 26<\/strong><\/p>\n\n\n\n<p><strong>18.00 a 20.00 H<\/strong> Torneig Internacional Memorial Pascual Chuli\u00e0 Ciutat de Torrent; En els pavellons El Vedat i Toll i l&#8217;Alberca.<\/p>\n\n\n\n<p><strong>DIVENDRES 27<\/strong><\/p>\n\n\n\n<p><strong>10.00 a 20.00 H<\/strong> Torneig Internacional Memorial Pascual Chuli\u00e0 Ciutat de Torrent; En els pavellons El Vedat i Toll i l&#8217;Alberca.<\/p>\n\n\n\n<p><strong>17.30 a 21.00 H<\/strong>\u00a0Dona Sang; AVV el Vedat C\/ Font de Sant Llu\u00eds, 16.<\/p>\n\n\n\n<p><strong>18.30 H<\/strong>\u00a0Celebraci\u00f3 dia de la policia; Pla\u00e7a de policia local.<\/p>\n\n\n\n<p><strong>DISSABTE 28<\/strong><\/p>\n\n\n\n<p><strong>10.00 a 20.00 H<\/strong> Torneig Internacional Memorial Pascual Chuli\u00e0 Ciutat de Torrent; En els pavellons El Vedat i Toll i l&#8217;Alberca.<\/p>\n\n\n\n<p><strong>14.00 H<\/strong> Dia d&#8217;Extremadura molles tardor 2024; Poliesportiu Anabel Medina.<\/p>\n\n\n\n<p><strong>18.30 H<\/strong>\u00a0Teatre &#8220;T&#8217;he agafat, caputxeta&#8221; per GTI; Sal\u00f3 d&#8217;actes de l&#8217;ajuntament<\/p>\n\n\n\n<p><strong>18.30 H\u00a0<\/strong>Missa i process\u00f3 Barri sant Gregori; Barriada Sant Gregori.<\/p>\n\n\n\n<p><strong>19.00 H<\/strong>\u00a020 Aniversari Centre Cultural Rociero Andal\u00fas; Seu Rocieros.\u00a0<\/p>\n\n\n\n<p><strong>19.00 H<\/strong>\u00a0Clausura Mirades Fest; Auditori de Torrent.<\/p>\n\n\n\n<p><strong>19.00 H<\/strong>\u00a0Run C\u00e0ncer; Pla\u00e7a Major.<\/p>\n\n\n\n<p><strong>DIUMENGE 29<\/strong><\/p>\n\n\n\n<p><strong>10.00 A 12.00 H<\/strong> Torneig Internacional Memorial Pascual Chuli\u00e0 Ciutat de Torrent; En els pavellons El Vedat i Toll i l&#8217;Alberca.<\/p>\n\n\n\n<p><strong>11.45 H<\/strong>\u00a0Exaltaci\u00f3 Musa de la M\u00fasica; Auditori de Torrent.<\/p>\n\n\n\n<p><strong>12.00 H<\/strong>\u00a0Futbol Torrent &#8211; Mallorca b; Camp de Sant Gregori. (Compra d&#8217;entrades anticipades o una hora abans de cada partit en taquilla.)<\/p>\n\n\n\n<p><strong>18.30 H<\/strong>\u00a0Teatre &#8220;T&#8217;he agafat, caputxeta&#8221; per GTI; Sal\u00f3 d&#8217;actes de l&#8217;ajuntament.<\/p>\n\n\n\n<figure class=\"wp-block-image size-large\"><img fetchpriority=\"high\" decoding=\"async\" width=\"819\" height=\"1024\" src=\"https:\/\/infotorrent.es\/wp-content\/uploads\/2024\/09\/agenda-MODELO-11-819x1024.png\" alt=\"\" class=\"wp-image-72341\" srcset=\"https:\/\/infotorrent.es\/wp-content\/uploads\/2024\/09\/agenda-MODELO-11-819x1024.png 819w, https:\/\/infotorrent.es\/wp-content\/uploads\/2024\/09\/agenda-MODELO-11-240x300.png 240w, https:\/\/infotorrent.es\/wp-content\/uploads\/2024\/09\/agenda-MODELO-11-768x960.png 768w, https:\/\/infotorrent.es\/wp-content\/uploads\/2024\/09\/agenda-MODELO-11.png 1080w\" sizes=\"(max-width: 819px) 100vw, 819px\" \/><\/figure>\n\n\n\n<figure class=\"wp-block-gallery has-nested-images columns-default is-cropped wp-block-gallery-1 is-layout-flex wp-block-gallery-is-layout-flex\">\n<figure class=\"wp-block-image size-large\"><img decoding=\"async\" width=\"854\" height=\"1024\" data-id=\"72331\" src=\"https:\/\/infotorrent.es\/wp-content\/uploads\/2024\/09\/461170651_952148706940519_3383498304650654246_n-854x1024.jpg\" alt=\"\" class=\"wp-image-72331\" srcset=\"https:\/\/infotorrent.es\/wp-content\/uploads\/2024\/09\/461170651_952148706940519_3383498304650654246_n-854x1024.jpg 854w, https:\/\/infotorrent.es\/wp-content\/uploads\/2024\/09\/461170651_952148706940519_3383498304650654246_n-250x300.jpg 250w, https:\/\/infotorrent.es\/wp-content\/uploads\/2024\/09\/461170651_952148706940519_3383498304650654246_n-768x921.jpg 768w, https:\/\/infotorrent.es\/wp-content\/uploads\/2024\/09\/461170651_952148706940519_3383498304650654246_n-1281x1536.jpg 1281w, https:\/\/infotorrent.es\/wp-content\/uploads\/2024\/09\/461170651_952148706940519_3383498304650654246_n.jpg 1334w\" sizes=\"(max-width: 854px) 100vw, 854px\" \/><\/figure>\n<\/figure>\n","protected":false},"excerpt":{"rendered":"<p>Estes s\u00f3n les propostes culturals, festives i d&#8217;oci que t&#8217;oferix la nostra ciutat per a este cap de setmana. Informaci\u00f3 d&#8217;Inter\u00e9s: DIJOUS 26 18.00 a 20.00 H Torneig Internacional Memorial Pascual Chuli\u00e0 Ciutat de Torrent; En els pavellons El Vedat i Toll i l&#8217;Alberca. DIVENDRES 27 10.00 a 20.00 H Torneig Internacional Memorial Pascual Chuli\u00e0 [&hellip;]<\/p>\n","protected":false},"author":15,"featured_media":72349,"comment_status":"open","ping_status":"open","sticky":false,"template":"","format":"standard","meta":{"_acf_changed":false,"footnotes":""},"categories":[1157],"tags":[],"class_list":["post-72345","post","type-post","status-publish","format-standard","has-post-thumbnail","hentry","category-agenda-2-ca"],"acf":[],"_links":{"self":[{"href":"https:\/\/infotorrent.es\/ca\/wp-json\/wp\/v2\/posts\/72345","targetHints":{"allow":["GET"]}}],"collection":[{"href":"https:\/\/infotorrent.es\/ca\/wp-json\/wp\/v2\/posts"}],"about":[{"href":"https:\/\/infotorrent.es\/ca\/wp-json\/wp\/v2\/types\/post"}],"author":[{"embeddable":true,"href":"https:\/\/infotorrent.es\/ca\/wp-json\/wp\/v2\/users\/15"}],"replies":[{"embeddable":true,"href":"https:\/\/infotorrent.es\/ca\/wp-json\/wp\/v2\/comments?post=72345"}],"version-history":[{"count":1,"href":"https:\/\/infotorrent.es\/ca\/wp-json\/wp\/v2\/posts\/72345\/revisions"}],"predecessor-version":[{"id":72348,"href":"https:\/\/infotorrent.es\/ca\/wp-json\/wp\/v2\/posts\/72345\/revisions\/72348"}],"wp:featuredmedia":[{"embeddable":true,"href":"https:\/\/infotorrent.es\/ca\/wp-json\/wp\/v2\/media\/72349"}],"wp:attachment":[{"href":"https:\/\/infotorrent.es\/ca\/wp-json\/wp\/v2\/media?parent=72345"}],"wp:term":[{"taxonomy":"category","embeddable":true,"href":"https:\/\/infotorrent.es\/ca\/wp-json\/wp\/v2\/categories?post=72345"},{"taxonomy":"post_tag","embeddable":true,"href":"https:\/\/infotorrent.es\/ca\/wp-json\/wp\/v2\/tags?post=72345"}],"curies":[{"name":"wp","href":"https:\/\/api.w.org\/{rel}","templated":true}]}}