{"id":72313,"date":"2024-09-25T13:32:48","date_gmt":"2024-09-25T11:32:48","guid":{"rendered":"https:\/\/infotorrent.es\/uncategorized\/nous-espais-de-torrent-convoca-7-puestos-de-personal-laboral-de-jardineros-y-jardineras-2\/"},"modified":"2024-09-25T13:32:48","modified_gmt":"2024-09-25T11:32:48","slug":"nous-espais-de-torrent-convoca-7-puestos-de-personal-laboral-de-jardineros-y-jardineras-2","status":"publish","type":"post","link":"https:\/\/infotorrent.es\/ca\/urbanismo-noticias-ca\/nous-espais-de-torrent-convoca-7-puestos-de-personal-laboral-de-jardineros-y-jardineras-2\/","title":{"rendered":"Nous Espais de Torrent convoca 7 puestos de personal laboral de jardineros y jardineras"},"content":{"rendered":"\n<p><strong>La empresa p\u00fablica municipal, refuerza su compromiso con el mantenimiento y la mejora de las zonas verdes de la ciudad, cubriendo estos puestos que estuvieron vacantes durante a\u00f1os.<\/strong><\/p>\n\n\n\n<p><strong>El plazo de presentaci\u00f3n de solicitudes de participaci\u00f3n estar\u00e1 abierto hasta el 17 de octubre<\/strong>.<\/p>\n\n\n\n<p>El Consejo de Administraci\u00f3n de la sociedad p\u00fablica municipal Nous Espais Torrent, SA, aprob\u00f3 en sesi\u00f3n del d\u00eda 08\/07\/2024 las Bases reguladoras del proceso selectivo para cubrir 7 puestos de trabajo de jardineros y jardineras, cuyo plazo de presentaci\u00f3n de solicitudes est\u00e1 abierto hasta las 13:00 horas del 17 de octubre de 2024.<\/p>\n\n\n\n<p>El Ayuntamiento de Torrent va a ampliar la plantilla de jardiner\u00eda con 7 plazas que han estado vacantes durante a\u00f1os. Consiguiendo cubrir la creciente necesidad de cuidar y expandir los espacios naturales urbanos, incluyendo parques, jardines y \u00e1reas verdes de diversos sectores urbanos y residenciales.<\/p>\n\n\n\n<p>Los jardineros de Nous Espais son la cara visible del esfuerzo municipal por ofrecer a los ciudadanos de Torrent un entorno m\u00e1s saludable y est\u00e9ticamente agradable. Con esta convocatoria, Nous Espais Torrent contin\u00faa su tradici\u00f3n de excelencia en la gesti\u00f3n de servicios municipales, manteniendo su posici\u00f3n como un referente en la administraci\u00f3n de espacios p\u00fablicos y en la promoci\u00f3n de la calidad de vida urbana.<\/p>\n\n\n\n<p>Entre los requisitos cabe destacar que las plazas requieren del t\u00edtulo de Formaci\u00f3n Profesional de Grado Medio o equivalente, que habilite para el ejercicio de la profesi\u00f3n de jardinero y contar con experiencia profesional acreditada en la realizaci\u00f3n de tareas de mantenimiento de jardiner\u00eda. El tipo de contrato es laboral indefinido a jornada completa con prueba de 3 meses, y est\u00e1 sujeto al Convenio Estatal de Jardiner\u00eda.<\/p>\n\n\n\n<p>El proceso selectivo constar\u00e1 de tres fases:<\/p>\n\n\n\n<p>&#8211;&nbsp;&nbsp;&nbsp;&nbsp;&nbsp;&nbsp;La primera, Formaci\u00f3n y Experiencia y ser\u00e1 eliminatoria.<\/p>\n\n\n\n<p>&#8211;&nbsp;&nbsp;&nbsp;&nbsp;&nbsp;&nbsp;La segunda, Entrevista y Prueba Psicot\u00e9cnica (m\u00e1ximo 10 puntos).<\/p>\n\n\n\n<p>&#8211;&nbsp;&nbsp;&nbsp;&nbsp;&nbsp;&nbsp;La tercera, Prueba Pr\u00e1ctica (m\u00e1ximo 10 puntos)<\/p>\n\n\n\n<p>Las solicitudes de participaci\u00f3n al proceso se presentar\u00e1n de forma presencial en las oficinas centrales de la sociedad convocante del concurso, Nous Espais Torrent, Pla\u00e7a Major, 31 Torrent en horario de 9:00 a 13:00 horas, as\u00ed como en las oficinas del Servicio de Correos.<\/p>\n\n\n\n<p>M\u00e1s informaci\u00f3n en la web:&nbsp;<a href=\"https:\/\/nousespais.es\/7-puestos-personal-laboral-jardineros-as\/\" target=\"_blank\" rel=\"noreferrer noopener\">https:\/\/nousespais.es\/7-puestos-personal-laboral-jardineros-as\/<\/a><\/p>\n\n\n\n<p>El concejal del \u00c1rea de Medio Ambiente, Jos\u00e9 Gozalvo, ha declarado que&nbsp;<strong>\u201cla voluntad de este equipo de gobierno es la de adecuar la plantilla a las necesidades de la ciudad de Torrent y al aumento de sus jardines, mejorando significativamente el servicio y la calidad del mantenimiento de las zonas verdes. Esta ampliaci\u00f3n no solo responde a la necesidad de cuidar el patrimonio natural de Torrent, sino que tambi\u00e9n representa un compromiso con la creaci\u00f3n de empleo y el desarrollo sostenible\u201d.<\/strong><\/p>\n\n\n\n<p><strong>\u201cCon la incorporaci\u00f3n de nuevos profesionales, se espera que los parques y jardines de la localidad se mantengan en un estado \u00f3ptimo, mejorando as\u00ed la calidad de vida de los ciudadanos y el atractivo tur\u00edstico de la ciudad. Adem\u00e1s, este aumento de la plantilla es un reflejo de la inversi\u00f3n en recursos humanos y de la importancia que el equipo de gobierno otorga al medio ambiente y al bienestar de sus habitantes\u201d,<\/strong>&nbsp;ha manifestado el concejal.<\/p>\n\n\n\n<p>El concejal tambi\u00e9n ha anunciado que Nous Espais ha firmado un convenio de colaboraci\u00f3n con el Centro Educativo y de Promoci\u00f3n Rural EFA \u201cLa Malves\u00eda\u201d de Llombai, con el fin de que su alumnado realice las pr\u00e1cticas en el servicio de jardiner\u00eda. As\u00ed como otros convenios de colaboraci\u00f3n que se anunciar\u00e1n pr\u00f3ximamente.<\/p>\n\n\n\n<figure class=\"wp-block-gallery has-nested-images columns-default is-cropped wp-block-gallery-1 is-layout-flex wp-block-gallery-is-layout-flex\">\n<figure class=\"wp-block-image size-large\"><img fetchpriority=\"high\" decoding=\"async\" width=\"1024\" height=\"682\" data-id=\"72309\" src=\"https:\/\/infotorrent.es\/wp-content\/uploads\/2024\/09\/1-18-1024x682.jpg\" alt=\"\" class=\"wp-image-72309\" srcset=\"https:\/\/infotorrent.es\/wp-content\/uploads\/2024\/09\/1-18-1024x682.jpg 1024w, https:\/\/infotorrent.es\/wp-content\/uploads\/2024\/09\/1-18-300x200.jpg 300w, https:\/\/infotorrent.es\/wp-content\/uploads\/2024\/09\/1-18-768x512.jpg 768w, https:\/\/infotorrent.es\/wp-content\/uploads\/2024\/09\/1-18-1536x1023.jpg 1536w, https:\/\/infotorrent.es\/wp-content\/uploads\/2024\/09\/1-18.jpg 1600w\" sizes=\"(max-width: 1024px) 100vw, 1024px\" \/><\/figure>\n\n\n\n<figure class=\"wp-block-image size-large\"><img decoding=\"async\" width=\"1024\" height=\"682\" data-id=\"72307\" src=\"https:\/\/infotorrent.es\/wp-content\/uploads\/2024\/09\/2-14-1024x682.jpg\" alt=\"\" class=\"wp-image-72307\" srcset=\"https:\/\/infotorrent.es\/wp-content\/uploads\/2024\/09\/2-14-1024x682.jpg 1024w, https:\/\/infotorrent.es\/wp-content\/uploads\/2024\/09\/2-14-300x200.jpg 300w, https:\/\/infotorrent.es\/wp-content\/uploads\/2024\/09\/2-14-768x512.jpg 768w, https:\/\/infotorrent.es\/wp-content\/uploads\/2024\/09\/2-14-1536x1023.jpg 1536w, https:\/\/infotorrent.es\/wp-content\/uploads\/2024\/09\/2-14.jpg 1600w\" sizes=\"(max-width: 1024px) 100vw, 1024px\" \/><\/figure>\n<\/figure>\n","protected":false},"excerpt":{"rendered":"<p>La empresa p\u00fablica municipal, refuerza su compromiso con el mantenimiento y la mejora de las zonas verdes de la ciudad, cubriendo estos puestos que estuvieron vacantes durante a\u00f1os. El plazo de presentaci\u00f3n de solicitudes de participaci\u00f3n estar\u00e1 abierto hasta el 17 de octubre. El Consejo de Administraci\u00f3n de la sociedad p\u00fablica municipal Nous Espais Torrent, [&hellip;]<\/p>\n","protected":false},"author":15,"featured_media":72308,"comment_status":"open","ping_status":"open","sticky":false,"template":"","format":"standard","meta":{"_acf_changed":false,"footnotes":""},"categories":[1190,1209,1160],"tags":[],"class_list":["post-72313","post","type-post","status-publish","format-standard","has-post-thumbnail","hentry","category-ayuntamiento-de-torrent-ca","category-nous-espais-ca","category-urbanismo-noticias-ca"],"acf":[],"_links":{"self":[{"href":"https:\/\/infotorrent.es\/ca\/wp-json\/wp\/v2\/posts\/72313","targetHints":{"allow":["GET"]}}],"collection":[{"href":"https:\/\/infotorrent.es\/ca\/wp-json\/wp\/v2\/posts"}],"about":[{"href":"https:\/\/infotorrent.es\/ca\/wp-json\/wp\/v2\/types\/post"}],"author":[{"embeddable":true,"href":"https:\/\/infotorrent.es\/ca\/wp-json\/wp\/v2\/users\/15"}],"replies":[{"embeddable":true,"href":"https:\/\/infotorrent.es\/ca\/wp-json\/wp\/v2\/comments?post=72313"}],"version-history":[{"count":0,"href":"https:\/\/infotorrent.es\/ca\/wp-json\/wp\/v2\/posts\/72313\/revisions"}],"wp:featuredmedia":[{"embeddable":true,"href":"https:\/\/infotorrent.es\/ca\/wp-json\/wp\/v2\/media\/72308"}],"wp:attachment":[{"href":"https:\/\/infotorrent.es\/ca\/wp-json\/wp\/v2\/media?parent=72313"}],"wp:term":[{"taxonomy":"category","embeddable":true,"href":"https:\/\/infotorrent.es\/ca\/wp-json\/wp\/v2\/categories?post=72313"},{"taxonomy":"post_tag","embeddable":true,"href":"https:\/\/infotorrent.es\/ca\/wp-json\/wp\/v2\/tags?post=72313"}],"curies":[{"name":"wp","href":"https:\/\/api.w.org\/{rel}","templated":true}]}}