{"id":72265,"date":"2024-09-25T11:45:33","date_gmt":"2024-09-25T09:45:33","guid":{"rendered":"https:\/\/infotorrent.es\/uncategorized\/torrent-se-vuelca-con-la-runcancer-2024\/"},"modified":"2024-09-25T13:10:05","modified_gmt":"2024-09-25T11:10:05","slug":"torrent-se-vuelca-con-la-runcancer-2024","status":"publish","type":"post","link":"https:\/\/infotorrent.es\/ca\/deporte-ca\/torrent-se-vuelca-con-la-runcancer-2024\/","title":{"rendered":"Torrent es bolca amb la RunC\u00e1ncer 2024"},"content":{"rendered":"\n<p>Este dijous 26 de setembre a les 23.59 hores, \u00e9s l&#8217;\u00faltim dia per a inscriure&#8217;s en la carrera<\/p>\n\n\n\n<p>El preu del dorsal \u00e9s de 5 euros, que aniran destinats a la investigaci\u00f3 contra el c\u00e0ncer<\/p>\n\n\n\n<p>Este dissabte 28 de setembre a les 19.00 hores, la Pla\u00e7a Major de Torrent es convertir\u00e0 en el punt de trobada de centenars de corredors i caminantes que participaran en la RunC\u00e1ncer 2024. Un esdeveniment solidari organitzat per l&#8217;Associaci\u00f3 Espanyola Contra el C\u00e0ncer (AECC) en col\u00b7laboraci\u00f3 amb l&#8217;Ajuntament de Torrent, que t\u00e9 com a objectiu recaptar fons per a la investigaci\u00f3 contra esta malaltia.<\/p>\n\n\n\n<p>Este dimarts ha tingut lloc una reuni\u00f3 de coordinaci\u00f3 per part d&#8217;equip de Govern, AECC, Policia Local, Protecci\u00f3 Civil i Brigada d&#8217;Obres, per a ultimar tots els detalls i assegurar el correcte desenrotllament de la prova.<\/p>\n\n\n\n<p>L&#8217;alcaldessa de Torrent, Amparo Folgado, ha animat a tots els ciutadans a participar: <strong>&#8220;La RunC\u00e1ncer \u00e9s molt m\u00e9s que una carrera o una marxa, \u00e9s una mostra de solidaritat de la ciutat de Torrent. Convidem a tots els torrentinos a unir-se a nosaltres este dissabte i demostrar un any m\u00e9s que som una gran ciutat compromesa.&#8221;<\/strong><\/p>\n\n\n\n<p>Per part seua, el regidor d&#8217;Esports, Guillermo Alonso del Real, ha volgut<strong> \u201cagrair per endavant a tots els col\u00b7laboradors que fan possible este esdeveniment, i especialment a l&#8217;Associaci\u00f3 Espanyola Contra el C\u00e0ncer. Junts estem m\u00e9s prop de trobar una cura per al c\u00e0ncer.&#8221;<\/strong><\/p>\n\n\n\n<p><strong>Dos modalitats per a tots els p\u00fablics<\/strong><\/p>\n\n\n\n<p>La RunC\u00e1ncer 2024 oferix dos modalitats per a participar, perqu\u00e8 el fons f\u00edsic no siga un impediment per a formar part d&#8217;esta iniciativa. D&#8217;una banda, els participants podran optar per la carrera de 5 km, una prova competitiva dissenyada per a corredors i corredores de totes les edats que busquen posar a prova la seua forma f\u00edsica. Els qui aix\u00ed ho desitgen, podran participar de la marxa no competitiva de 4 km: una opci\u00f3 m\u00e9s relaxada per a gaudir de l&#8217;esport en fam\u00edlia o amb amics, i col\u00b7laborar amb una causa solid\u00e0ria.<\/p>\n\n\n\n<p>Les inscripcions estan obertes fins a este dijous 26 de setembre a les 23.59 hores. El preu de cada dorsal \u00e9s de 5 euros, una xicoteta contribuci\u00f3 que anir\u00e0 destinada \u00edntegrament a la investigaci\u00f3 contra el c\u00e0ncer.<\/p>\n\n\n\n<p>Els dorsals per a totes dues modalitats es poden adquirir a trav\u00e9s de la web oficial del circuit de carreres. A m\u00e9s, per a la marxa no competitiva, tamb\u00e9 estaran disponibles en la Fundaci\u00f3 Esportiva Municipal de Torrent, en els comer\u00e7os *torrentinos adherits a la campanya i a trav\u00e9s de la junta local de AECC.<\/p>\n\n\n\n<p><strong>Recorregut pels carrers de Torrent<\/strong><\/p>\n\n\n\n<p>Els participants de la carrera recorreran algunes dels carrers amb m\u00e9s tradici\u00f3 del municipi ja que, despr\u00e9s de l&#8217;eixida al costat de la Torre, l&#8217;itinerari els portar\u00e0 pel carrer Sant Crist\u00f2for, pla\u00e7a Sant Jaume, carrer Toledo o Calvari, abans de rec\u00f3rrer l&#8217;Avinguda al *Vedat fins a l&#8217;Avinguda Reina Sofia, on els corredors giraran per a emprendre el cam\u00ed de tornada a la Torre. La marxa, que eixir\u00e0 minuts m\u00e9s tard, amb un recorregut una mica m\u00e9s curt, tamb\u00e9 transitar\u00e0 per part de l&#8217;itinerari de la 5K, emprenent el cam\u00ed pel carrer Sagra, pujant l&#8217;Avinguda al Vedat fins a l&#8217;Avinguda Reina Sofia, per a tornar en sentit contrari, entrant a la Pla\u00e7a Major pel carrer Sant Crist\u00f2for.<\/p>\n\n\n\n<p><strong>Un \u00e8xit solidari<\/strong><\/p>\n\n\n\n<p>L&#8217;any passat, gr\u00e0cies a la generositat dels participants, es van recaptar 13.865 euros per a la investigaci\u00f3 contra el c\u00e0ncer. Enguany, l&#8217;Ajuntament de Torrent espera superar esta xifra i continuar contribuint a la lluita contra esta malaltia.<\/p>\n\n\n\n<figure class=\"wp-block-image size-large\"><img fetchpriority=\"high\" decoding=\"async\" width=\"1024\" height=\"677\" src=\"https:\/\/infotorrent.es\/wp-content\/uploads\/2024\/09\/runcantorre-1024x677.jpg\" alt=\"\" class=\"wp-image-72261\" srcset=\"https:\/\/infotorrent.es\/wp-content\/uploads\/2024\/09\/runcantorre-1024x677.jpg 1024w, https:\/\/infotorrent.es\/wp-content\/uploads\/2024\/09\/runcantorre-300x198.jpg 300w, https:\/\/infotorrent.es\/wp-content\/uploads\/2024\/09\/runcantorre-768x508.jpg 768w, https:\/\/infotorrent.es\/wp-content\/uploads\/2024\/09\/runcantorre.jpg 1466w\" sizes=\"(max-width: 1024px) 100vw, 1024px\" \/><\/figure>\n\n\n\n<figure class=\"wp-block-image size-large\"><img decoding=\"async\" width=\"1024\" height=\"724\" src=\"https:\/\/infotorrent.es\/wp-content\/uploads\/2024\/09\/WhatsApp-Image-2024-09-25-at-09.09.59-1024x724.jpeg\" alt=\"\" class=\"wp-image-72286\" srcset=\"https:\/\/infotorrent.es\/wp-content\/uploads\/2024\/09\/WhatsApp-Image-2024-09-25-at-09.09.59-1024x724.jpeg 1024w, https:\/\/infotorrent.es\/wp-content\/uploads\/2024\/09\/WhatsApp-Image-2024-09-25-at-09.09.59-300x212.jpeg 300w, https:\/\/infotorrent.es\/wp-content\/uploads\/2024\/09\/WhatsApp-Image-2024-09-25-at-09.09.59-768x543.jpeg 768w, https:\/\/infotorrent.es\/wp-content\/uploads\/2024\/09\/WhatsApp-Image-2024-09-25-at-09.09.59.jpeg 1259w\" sizes=\"(max-width: 1024px) 100vw, 1024px\" \/><\/figure>\n","protected":false},"excerpt":{"rendered":"<p>Este dijous 26 de setembre a les 23.59 hores, \u00e9s l&#8217;\u00faltim dia per a inscriure&#8217;s en la carrera El preu del dorsal \u00e9s de 5 euros, que aniran destinats a la investigaci\u00f3 contra el c\u00e0ncer Este dissabte 28 de setembre a les 19.00 hores, la Pla\u00e7a Major de Torrent es convertir\u00e0 en el punt de [&hellip;]<\/p>\n","protected":false},"author":16,"featured_media":72266,"comment_status":"open","ping_status":"open","sticky":false,"template":"","format":"standard","meta":{"_acf_changed":false,"footnotes":""},"categories":[1186,1147],"tags":[],"class_list":["post-72265","post","type-post","status-publish","format-standard","has-post-thumbnail","hentry","category-deporte-ca","category-solidaridad-ca"],"acf":[],"_links":{"self":[{"href":"https:\/\/infotorrent.es\/ca\/wp-json\/wp\/v2\/posts\/72265","targetHints":{"allow":["GET"]}}],"collection":[{"href":"https:\/\/infotorrent.es\/ca\/wp-json\/wp\/v2\/posts"}],"about":[{"href":"https:\/\/infotorrent.es\/ca\/wp-json\/wp\/v2\/types\/post"}],"author":[{"embeddable":true,"href":"https:\/\/infotorrent.es\/ca\/wp-json\/wp\/v2\/users\/16"}],"replies":[{"embeddable":true,"href":"https:\/\/infotorrent.es\/ca\/wp-json\/wp\/v2\/comments?post=72265"}],"version-history":[{"count":2,"href":"https:\/\/infotorrent.es\/ca\/wp-json\/wp\/v2\/posts\/72265\/revisions"}],"predecessor-version":[{"id":72289,"href":"https:\/\/infotorrent.es\/ca\/wp-json\/wp\/v2\/posts\/72265\/revisions\/72289"}],"wp:featuredmedia":[{"embeddable":true,"href":"https:\/\/infotorrent.es\/ca\/wp-json\/wp\/v2\/media\/72266"}],"wp:attachment":[{"href":"https:\/\/infotorrent.es\/ca\/wp-json\/wp\/v2\/media?parent=72265"}],"wp:term":[{"taxonomy":"category","embeddable":true,"href":"https:\/\/infotorrent.es\/ca\/wp-json\/wp\/v2\/categories?post=72265"},{"taxonomy":"post_tag","embeddable":true,"href":"https:\/\/infotorrent.es\/ca\/wp-json\/wp\/v2\/tags?post=72265"}],"curies":[{"name":"wp","href":"https:\/\/api.w.org\/{rel}","templated":true}]}}