{"id":72248,"date":"2024-09-24T12:47:33","date_gmt":"2024-09-24T10:47:33","guid":{"rendered":"https:\/\/infotorrent.es\/uncategorized\/torrent-amplia-y-mejora-la-iluminacion-de-la-avenida-al-vedat\/"},"modified":"2024-09-24T13:36:56","modified_gmt":"2024-09-24T11:36:56","slug":"torrent-amplia-y-mejora-la-iluminacion-de-la-avenida-al-vedat","status":"publish","type":"post","link":"https:\/\/infotorrent.es\/ca\/medio-ambiente-2\/torrent-amplia-y-mejora-la-iluminacion-de-la-avenida-al-vedat\/","title":{"rendered":"Torrent amplia i millora la il\u00b7luminaci\u00f3 de l&#8217;Avinguda Al Vedat"},"content":{"rendered":"\n<p><strong>L&#8217;Ajuntament at\u00e9n una reivindicaci\u00f3 de comer\u00e7os, hostalers i ve\u00efns<\/strong><\/p>\n\n\n\n<p><strong>Amb esta mesura incrementem la seguretat ciutadana alhora que incentivem el comer\u00e7<\/strong><\/p>\n\n\n\n<p>L&#8217;Ajuntament est\u00e0 implementat durant estos dies el refor\u00e7 d&#8217;il\u00b7luminaci\u00f3 en alguns trams de l&#8217;Avinguda Al Vedat, sent la principal art\u00e8ria on es concentra una gran quantitat de vianants, vehicles i establiments comercials i hostalers.<\/p>\n\n\n\n<p>L&#8217;Avinguda del Vedat est\u00e0 definida per vials de doble adre\u00e7a separats per un passeig central que vertebra la ciutat des de la pla\u00e7a Bisbe Benlloch, fins a la C\/ Doctor Mara\u00f1\u00f3n amb una longitud total de 2,4 km. Es caracteritza per posseir gran quantitat de vegetaci\u00f3 tant elements arbustius com arbres de mitjana grand\u00e0ria com els tarongers ornamentals a grans pins.<\/p>\n\n\n\n<p>Els tarongers ornamentals que en funci\u00f3 del seu estat vegetatiu aconseguixen 5 metres d&#8217;altura amb copes d&#8217;un di\u00e0metre m\u00ednim de 3 metres. A causa d&#8217;este gran port del patrimoni arbori i l&#8217;alineaci\u00f3 dels arbres amb les llumin\u00e0ries, es produ\u00efxen ombres en il\u00b7luminar el vial i voreres al costat dels edificis, en els dos sentits de la circulaci\u00f3.<\/p>\n\n\n\n<p>A l&#8217;octubre de l&#8217;any passat, en el tram entre els carrers entre els carrers C\/ Doctor Genaro Palau i C\/ Doctor Mara\u00f1\u00f3n, es va comen\u00e7ar a provar un sistema, que va suposar la instal\u00b7laci\u00f3 en els suports met\u00e0l\u00b7lics ja existents que sustenten la il\u00b7luminaci\u00f3 de la cal\u00e7ada, de punts de llum suplementaris de 16 leds a 3,5 metres d&#8217;altura i orientat a les voreres en tots dos sentits de la circulaci\u00f3.<\/p>\n\n\n\n<p>Despr\u00e9s dels resultats positius, l&#8217;Ajuntament ha considerat urgent la mateixa actuaci\u00f3 en el tram entre la Pla\u00e7a Bisbe Benlloch i C\/ Ex\u00e8rcit espanyol, per l&#8217;estat vegetatiu dels arbres en esta zona. Mantenint la configuraci\u00f3 dels punts suplementaris d&#8217;il\u00b7luminaci\u00f3, amb la finalitat de mantindre el component est\u00e8tic de l&#8217;Avinguda. Aix\u00ed mateix, s&#8217;est\u00e0 realitzant una inspecci\u00f3 i valoraci\u00f3 sobre les necessitats d&#8217;actuaci\u00f3 en altres trams de l&#8217;Avinguda.<\/p>\n\n\n\n<p>El regidor de l&#8217;\u00c0rea d&#8217;Urbanisme, Jos\u00e9 Gozalvo, ha declarat que <strong>\u201cel problema de la insuficient il\u00b7luminaci\u00f3 per les ombres produ\u00efdes pels arbres en la il\u00b7luminaci\u00f3 nocturna de les voreres, \u00e9s antic i molt reivindicat pels ve\u00efns, comer\u00e7os i hostaleria. L&#8217;Ajuntament atenent els suggeriments i propostes, a m\u00e9s de portar-lo en el seu programa electoral, ha decidit buscar una soluci\u00f3 que s&#8217;anir\u00e0 ampliant, conforme comprovem la seua necessitat\u201d.\u00a0<\/strong><\/p>\n\n\n\n<p><strong>\u201cPer a este Ajuntament \u00e9s fonamental la seguretat ciutadana dels nostres ciutadans, i la millora i ampliaci\u00f3 de la il\u00b7luminaci\u00f3 de la nostra principal avinguda buscant l&#8217;equilibri amb el respecte a l&#8217;entorn natural i el seu patrimoni arbori ha sigut el nostre objectiu en esta iniciativa. D&#8217;esta manera, Torrent est\u00e0 prenent mesures concretes per a il\u00b7luminar i incrementar la seguretat en l&#8217;Avinguda al *Vedat, contribuint al benestar dels seus ve\u00efns i la promoci\u00f3 del comer\u00e7 local a la ciutat\u201d<\/strong>, ha emfatitzat el regidor.<\/p>\n\n\n\n<figure class=\"wp-block-image size-large\"><img fetchpriority=\"high\" decoding=\"async\" width=\"1024\" height=\"768\" src=\"https:\/\/infotorrent.es\/wp-content\/uploads\/2024\/09\/1-15-1024x768.jpg\" alt=\"\" class=\"wp-image-72244\" srcset=\"https:\/\/infotorrent.es\/wp-content\/uploads\/2024\/09\/1-15-1024x768.jpg 1024w, https:\/\/infotorrent.es\/wp-content\/uploads\/2024\/09\/1-15-300x225.jpg 300w, https:\/\/infotorrent.es\/wp-content\/uploads\/2024\/09\/1-15-768x576.jpg 768w, https:\/\/infotorrent.es\/wp-content\/uploads\/2024\/09\/1-15-1536x1152.jpg 1536w, https:\/\/infotorrent.es\/wp-content\/uploads\/2024\/09\/1-15.jpg 1600w\" sizes=\"(max-width: 1024px) 100vw, 1024px\" \/><\/figure>\n","protected":false},"excerpt":{"rendered":"<p>L&#8217;Ajuntament at\u00e9n una reivindicaci\u00f3 de comer\u00e7os, hostalers i ve\u00efns Amb esta mesura incrementem la seguretat ciutadana alhora que incentivem el comer\u00e7 L&#8217;Ajuntament est\u00e0 implementat durant estos dies el refor\u00e7 d&#8217;il\u00b7luminaci\u00f3 en alguns trams de l&#8217;Avinguda Al Vedat, sent la principal art\u00e8ria on es concentra una gran quantitat de vianants, vehicles i establiments comercials i hostalers. [&hellip;]<\/p>\n","protected":false},"author":2,"featured_media":72249,"comment_status":"open","ping_status":"open","sticky":false,"template":"","format":"standard","meta":{"_acf_changed":false,"footnotes":""},"categories":[138,147,1160],"tags":[],"class_list":["post-72248","post","type-post","status-publish","format-standard","has-post-thumbnail","hentry","category-medio-ambiente-2","category-mobilitat","category-urbanismo-noticias-ca"],"acf":[],"_links":{"self":[{"href":"https:\/\/infotorrent.es\/ca\/wp-json\/wp\/v2\/posts\/72248","targetHints":{"allow":["GET"]}}],"collection":[{"href":"https:\/\/infotorrent.es\/ca\/wp-json\/wp\/v2\/posts"}],"about":[{"href":"https:\/\/infotorrent.es\/ca\/wp-json\/wp\/v2\/types\/post"}],"author":[{"embeddable":true,"href":"https:\/\/infotorrent.es\/ca\/wp-json\/wp\/v2\/users\/2"}],"replies":[{"embeddable":true,"href":"https:\/\/infotorrent.es\/ca\/wp-json\/wp\/v2\/comments?post=72248"}],"version-history":[{"count":2,"href":"https:\/\/infotorrent.es\/ca\/wp-json\/wp\/v2\/posts\/72248\/revisions"}],"predecessor-version":[{"id":72254,"href":"https:\/\/infotorrent.es\/ca\/wp-json\/wp\/v2\/posts\/72248\/revisions\/72254"}],"wp:featuredmedia":[{"embeddable":true,"href":"https:\/\/infotorrent.es\/ca\/wp-json\/wp\/v2\/media\/72249"}],"wp:attachment":[{"href":"https:\/\/infotorrent.es\/ca\/wp-json\/wp\/v2\/media?parent=72248"}],"wp:term":[{"taxonomy":"category","embeddable":true,"href":"https:\/\/infotorrent.es\/ca\/wp-json\/wp\/v2\/categories?post=72248"},{"taxonomy":"post_tag","embeddable":true,"href":"https:\/\/infotorrent.es\/ca\/wp-json\/wp\/v2\/tags?post=72248"}],"curies":[{"name":"wp","href":"https:\/\/api.w.org\/{rel}","templated":true}]}}