{"id":72168,"date":"2024-09-19T12:30:09","date_gmt":"2024-09-19T10:30:09","guid":{"rendered":"https:\/\/infotorrent.es\/uncategorized\/las-empresas-de-automocion-apuestan-por-la-feria-del-automovil-de-torrent\/"},"modified":"2024-09-19T12:37:36","modified_gmt":"2024-09-19T10:37:36","slug":"las-empresas-de-automocion-apuestan-por-la-feria-del-automovil-de-torrent","status":"publish","type":"post","link":"https:\/\/infotorrent.es\/ca\/medio-ambiente-2\/las-empresas-de-automocion-apuestan-por-la-feria-del-automovil-de-torrent\/","title":{"rendered":"Les empreses d&#8217;automoci\u00f3 aposten per la Fira de l&#8217;Autom\u00f2bil de Torrent"},"content":{"rendered":"\n<p>L&#8217;exposici\u00f3 estar\u00e0 oberta el 19 i 20 de setembre al p\u00fablic, oferint una selecci\u00f3 dels millors models dels concessionaris torrentinos, a m\u00e9s d&#8217;una completa informaci\u00f3 sobre els avantatges dels vehicles el\u00e8ctrics, h\u00edbrids i a gas<\/p>\n\n\n\n<p>La regidora de l&#8217;\u00c0rea de Mobilitat, Sonia Roca acompanyada per la regidora de Mobilitat, Adelina Gonz\u00e1lez, han visitat este mat\u00ed una nova edici\u00f3 de la Fira de Mobilitat Sostenible de Torrent en l&#8217;Avinguda del Vedat, on el p\u00fablic pot gaudir, hui i dem\u00e0 DE 10.00 a 19.30 hores, d&#8217;una \u00e0mplia selecci\u00f3 dels models el\u00e8ctrics, h\u00edbrids i a gas, m\u00e9s destacats dels concessionaris torrentinos: FERTO, FORD Vedat Mediterrani, NEMESIO, RENAULT Ginestar, KIA Autopista Sud, BMW Engasa, AIXAM i HYUNDAI i TOYOTA. A m\u00e9s d&#8217;un expositor de cadires de rodes per a persones amb mobilitat redu\u00efda a c\u00e0rrec de la FARM\u00c0CIA MAR\u00cdA G\u00d3MEZ LOBO.<\/p>\n\n\n\n<p>Com a novetats, enguany, el concessionari <em>Nemesio ha exposat cotxes EVO a gas, vehicles que utilitzen gas liquat del petroli (<\/em>GLP) o gas natural liquat (GNL), dos combustibles que se consideren m\u00e9s nets, emetent menys contaminants que els carburants convencionals. L&#8217;adaptaci\u00f3 dels autom\u00f2bils a este m\u00e8tode d&#8217;obtenci\u00f3 d&#8217;energia est\u00e0 en auge a Espanya per ser una opci\u00f3 m\u00e9s sostenible.\u00a0A m\u00e9s, en esta edici\u00f3 participa la marca AIXAM, marca l\u00edder en cotxes sense carnet, cuadriciclos lleugers, que es poden conduir a partir dels 15 anys.<\/p>\n\n\n\n<p>Tamb\u00e9, com a novetat, Torrentbici instal\u00b7lar\u00e0 dem\u00e0 dia 20, una caseta per a explicar els beneficis de l&#8217;\u00fas de les bicicletes el\u00e8ctriques i facilitar als ciutadans el donar-se d&#8217;alta en el servici com a usuaris i beneficiar-se de les 100 bicicletes el\u00e8ctrica i les 19 estacions de la ciutat, contribuint a construir un municipi m\u00e9s sostenible i a la salut personal.<\/p>\n\n\n\n<p><strong>UN TORRENT M\u00c9S SOSTENIBLE<\/strong><\/p>\n\n\n\n<p>En el marc de les pol\u00edtiques que estem desenrotllant en relaci\u00f3 al medi ambient i la sostenibilitat, Torrent est\u00e0 implementant mesures com la pr\u00f2xima instal\u00b7laci\u00f3 de panells solars en les cobertes d&#8217;edificis municipals, la recent implementaci\u00f3 d&#8217;estacions de bicicletes el\u00e8ctriques en el municipi i la instal\u00b7laci\u00f3 de dos nous carregadors, per a cotxes el\u00e8ctrics, com a millora al contracte, en el p\u00e0rquing subterrani Joan Carles I en Parc Central, que amb els sis instal\u00b7lats al juny i els set anteriors, el municipi de Torrent passa a disposar de 15 carregadors municipals.<\/p>\n\n\n\n<p>A m\u00e9s, l&#8217;Ajuntament de Torrent ha incorporat vehicles el\u00e8ctrics i h\u00edbrids en la Policia Local, en servicis municipals per al despla\u00e7ament dels t\u00e8cnics, el servici de recollida de residus i neteja, entre altres.<\/p>\n\n\n\n<p>L&#8217;alcaldessa, Amparo Folgado, ha manifestat que <strong>\u201cvull agrair personalment la confian\u00e7a que els responsables de les empreses *torrent\u00ednas depositen, una vegada m\u00e9s, en esta Fira que suposa una conscienciaci\u00f3 ambiental, un impuls a l&#8217;economia local i una demostraci\u00f3 dels \u00faltims avan\u00e7os en tecnologia. Este esdeveniment \u00e9s crucial per a accelerar la transici\u00f3 cap a un futur m\u00e9s net i eficient en el transport\u201d.<\/strong><\/p>\n\n\n\n<p>L&#8217;alcaldessa, ha remarcat que <strong>\u201ca m\u00e9s de con\u00e9ixer de primera m\u00e0 els avantatges i possibilitats que oferixen els vehicles el\u00e8ctrics i gas, tant a nivell econ\u00f2mic com en el pla mig ambiental i de sostenibilitat, esta exposici\u00f3 ens permet posar en valor el treball que es realitza des dels concessionaris de Torrent i donar un impuls a l&#8217;economia local, aix\u00ed com promocionar la imatge de la nostra ciutat i reafirmar el nostre comprom\u00eds per continuar construint un futur m\u00e9s verd i sostenible\u201d.<\/strong><\/p>\n\n\n\n<p>La regidora de l&#8217;\u00c0rea de Mobilitat, Sonia Roca, ha manifestado que <strong>\u201cEl nostre objectiu \u00e9s continuar treballant perqu\u00e8 la Fira cresca any a any i es convertisca en un referent dins del sector, i crec que estem fent els passos indicats. Vull animar a la ciutadania a visitar els expositors de la mostra i gaudir del bon ambient, i comprovar els beneficis de la mobilitat sostenible\u201d.<\/strong><\/p>\n\n\n\n<figure class=\"wp-block-image size-large\"><img fetchpriority=\"high\" decoding=\"async\" width=\"1024\" height=\"682\" src=\"https:\/\/infotorrent.es\/wp-content\/uploads\/2024\/09\/1-13-1024x682.jpg\" alt=\"\" class=\"wp-image-72158\" srcset=\"https:\/\/infotorrent.es\/wp-content\/uploads\/2024\/09\/1-13-1024x682.jpg 1024w, https:\/\/infotorrent.es\/wp-content\/uploads\/2024\/09\/1-13-300x200.jpg 300w, https:\/\/infotorrent.es\/wp-content\/uploads\/2024\/09\/1-13-768x512.jpg 768w, https:\/\/infotorrent.es\/wp-content\/uploads\/2024\/09\/1-13-1536x1023.jpg 1536w, https:\/\/infotorrent.es\/wp-content\/uploads\/2024\/09\/1-13.jpg 1600w\" sizes=\"(max-width: 1024px) 100vw, 1024px\" \/><\/figure>\n\n\n\n<figure class=\"wp-block-gallery has-nested-images columns-default is-cropped wp-block-gallery-1 is-layout-flex wp-block-gallery-is-layout-flex\">\n<figure class=\"wp-block-image size-large\"><img decoding=\"async\" width=\"1024\" height=\"682\" data-id=\"72160\" src=\"https:\/\/infotorrent.es\/wp-content\/uploads\/2024\/09\/2-11-1024x682.jpg\" alt=\"\" class=\"wp-image-72160\" srcset=\"https:\/\/infotorrent.es\/wp-content\/uploads\/2024\/09\/2-11-1024x682.jpg 1024w, https:\/\/infotorrent.es\/wp-content\/uploads\/2024\/09\/2-11-300x200.jpg 300w, https:\/\/infotorrent.es\/wp-content\/uploads\/2024\/09\/2-11-768x512.jpg 768w, https:\/\/infotorrent.es\/wp-content\/uploads\/2024\/09\/2-11-1536x1023.jpg 1536w, https:\/\/infotorrent.es\/wp-content\/uploads\/2024\/09\/2-11.jpg 1600w\" sizes=\"(max-width: 1024px) 100vw, 1024px\" \/><\/figure>\n\n\n\n<figure class=\"wp-block-image size-large\"><img decoding=\"async\" width=\"1024\" height=\"682\" data-id=\"72163\" src=\"https:\/\/infotorrent.es\/wp-content\/uploads\/2024\/09\/3-8-1024x682.jpg\" alt=\"\" class=\"wp-image-72163\" srcset=\"https:\/\/infotorrent.es\/wp-content\/uploads\/2024\/09\/3-8-1024x682.jpg 1024w, https:\/\/infotorrent.es\/wp-content\/uploads\/2024\/09\/3-8-300x200.jpg 300w, https:\/\/infotorrent.es\/wp-content\/uploads\/2024\/09\/3-8-768x512.jpg 768w, https:\/\/infotorrent.es\/wp-content\/uploads\/2024\/09\/3-8-1536x1023.jpg 1536w, https:\/\/infotorrent.es\/wp-content\/uploads\/2024\/09\/3-8.jpg 1600w\" sizes=\"(max-width: 1024px) 100vw, 1024px\" \/><\/figure>\n\n\n\n<figure class=\"wp-block-image size-large\"><img loading=\"lazy\" decoding=\"async\" width=\"1024\" height=\"682\" data-id=\"72162\" src=\"https:\/\/infotorrent.es\/wp-content\/uploads\/2024\/09\/4-8-1024x682.jpg\" alt=\"\" class=\"wp-image-72162\" srcset=\"https:\/\/infotorrent.es\/wp-content\/uploads\/2024\/09\/4-8-1024x682.jpg 1024w, https:\/\/infotorrent.es\/wp-content\/uploads\/2024\/09\/4-8-300x200.jpg 300w, https:\/\/infotorrent.es\/wp-content\/uploads\/2024\/09\/4-8-768x512.jpg 768w, https:\/\/infotorrent.es\/wp-content\/uploads\/2024\/09\/4-8-1536x1023.jpg 1536w, https:\/\/infotorrent.es\/wp-content\/uploads\/2024\/09\/4-8.jpg 1600w\" sizes=\"(max-width: 1024px) 100vw, 1024px\" \/><\/figure>\n<\/figure>\n","protected":false},"excerpt":{"rendered":"<p>L&#8217;exposici\u00f3 estar\u00e0 oberta el 19 i 20 de setembre al p\u00fablic, oferint una selecci\u00f3 dels millors models dels concessionaris torrentinos, a m\u00e9s d&#8217;una completa informaci\u00f3 sobre els avantatges dels vehicles el\u00e8ctrics, h\u00edbrids i a gas La regidora de l&#8217;\u00c0rea de Mobilitat, Sonia Roca acompanyada per la regidora de Mobilitat, Adelina Gonz\u00e1lez, han visitat este mat\u00ed [&hellip;]<\/p>\n","protected":false},"author":2,"featured_media":72169,"comment_status":"open","ping_status":"open","sticky":false,"template":"","format":"standard","meta":{"_acf_changed":false,"footnotes":""},"categories":[138,153],"tags":[],"class_list":["post-72168","post","type-post","status-publish","format-standard","has-post-thumbnail","hentry","category-medio-ambiente-2","category-movilidad-2"],"acf":[],"_links":{"self":[{"href":"https:\/\/infotorrent.es\/ca\/wp-json\/wp\/v2\/posts\/72168","targetHints":{"allow":["GET"]}}],"collection":[{"href":"https:\/\/infotorrent.es\/ca\/wp-json\/wp\/v2\/posts"}],"about":[{"href":"https:\/\/infotorrent.es\/ca\/wp-json\/wp\/v2\/types\/post"}],"author":[{"embeddable":true,"href":"https:\/\/infotorrent.es\/ca\/wp-json\/wp\/v2\/users\/2"}],"replies":[{"embeddable":true,"href":"https:\/\/infotorrent.es\/ca\/wp-json\/wp\/v2\/comments?post=72168"}],"version-history":[{"count":1,"href":"https:\/\/infotorrent.es\/ca\/wp-json\/wp\/v2\/posts\/72168\/revisions"}],"predecessor-version":[{"id":72171,"href":"https:\/\/infotorrent.es\/ca\/wp-json\/wp\/v2\/posts\/72168\/revisions\/72171"}],"wp:featuredmedia":[{"embeddable":true,"href":"https:\/\/infotorrent.es\/ca\/wp-json\/wp\/v2\/media\/72169"}],"wp:attachment":[{"href":"https:\/\/infotorrent.es\/ca\/wp-json\/wp\/v2\/media?parent=72168"}],"wp:term":[{"taxonomy":"category","embeddable":true,"href":"https:\/\/infotorrent.es\/ca\/wp-json\/wp\/v2\/categories?post=72168"},{"taxonomy":"post_tag","embeddable":true,"href":"https:\/\/infotorrent.es\/ca\/wp-json\/wp\/v2\/tags?post=72168"}],"curies":[{"name":"wp","href":"https:\/\/api.w.org\/{rel}","templated":true}]}}