{"id":71671,"date":"2024-09-10T12:26:42","date_gmt":"2024-09-10T10:26:42","guid":{"rendered":"https:\/\/infotorrent.es\/uncategorized\/la-hemeroteca-historica-local-de-torrent-abre-al-publico-manana-11-de-septiembre\/"},"modified":"2024-09-10T12:39:23","modified_gmt":"2024-09-10T10:39:23","slug":"la-hemeroteca-historica-local-de-torrent-abre-al-publico-manana-11-de-septiembre","status":"publish","type":"post","link":"https:\/\/infotorrent.es\/ca\/noticies\/cultura\/la-hemeroteca-historica-local-de-torrent-abre-al-publico-manana-11-de-septiembre\/","title":{"rendered":"L&#8217;Hemeroteca Hist\u00f2rica Local de Torrent obri al p\u00fablic, dem\u00e0 11 de setembre"},"content":{"rendered":"\n<p>El nou servici permetr\u00e0 l&#8217;acc\u00e9s a la secci\u00f3 hist\u00f2rica de Comarca L&#8217;Horta Sud dels diferents diaris regionals, convertint-se en un arxiu de refer\u00e8ncia a nivell provincial<\/p>\n\n\n\n<p>El passat 9 de juliol l&#8217;alcaldessa, Amparo Folgado, firmava un Decret pel qual <strong>es creava el nou servici de l&#8217;Hemeroteca Hist\u00f2rica Local<\/strong> (HHL d&#8217;ara en avant) <strong>de Torrent<\/strong>, en comprovar mesos arrere, que en el dip\u00f2sit de l&#8217;Arxiu Administratiu Municipal es trobava emmagatzemada gran quantitat de premsa local i comarcal amb informaci\u00f3 de gran valor per als investigadors, historiadors i p\u00fablic en general. En particular es trobaven exemplars molt antics del diari El Levante-EMV, Las Provincias, Diari de Val\u00e8ncia, Not\u00edcies Diari de Val\u00e8ncia, Fulla del Dilluns, 7 Dies de la Comarca, Peri\u00f2dic de L&#8217;Horta i El Punt.<\/p>\n\n\n\n<p>La HHL es crea amb la finalitat d&#8217;oferir el millor servici possible als ciutadans de Torrent i complir amb els objectius i funcions de l&#8217;Arxiu Hist\u00f2ric de Torrent, com s\u00f3n la de realitzar, facilitar i potenciar estudis i investigacions sobre Torrent i la seua comarca i col\u00b7laborar en la seua difusi\u00f3 i divulgaci\u00f3, a m\u00e9s de promoure la seua conservaci\u00f3. En l&#8217;actualitat, part de la premsa es troba en proc\u00e9s de trasllat a l&#8217;Arxiu Hist\u00f2ric i catalogaci\u00f3 posterior, i est\u00e0 previst que durant el mes de setembre es finalitze.<\/p>\n\n\n\n<p>Suposa un recurs molt valu\u00f3s tant per a investigadors, historiadors, com per a qualsevol persona interessada a con\u00e9ixer millor la hist\u00f2ria del nostre municipi a trav\u00e9s dels mitjans de comunicaci\u00f3 de l&#8217;\u00e8poca. <strong>Es podr\u00e0 consultar la premsa hist\u00f2rica dels diaris regionals amb les seues seccions comarcals de L&#8217;Horta Sud i d&#8217;altra banda les publicacions locals com a llibres de festes, el BIM, fullets de festes, llibrets de falles, entre moltes altres.<\/strong><\/p>\n\n\n\n<p>Amb la implantaci\u00f3 d&#8217;este nou servici municipal, s&#8217;aconseguixen diversos beneficis per als torrentinos i forans interessats, com s\u00f3n entre altres: Acc\u00e9s a fonts prim\u00e0ries, investigaci\u00f3 hist\u00f2rica, preservaci\u00f3 del Patrimoni Cultural, Educaci\u00f3 i Divulgaci\u00f3, Acc\u00e9s digital i Investigaci\u00f3 Geneal\u00f2gica, entre altres.<\/p>\n\n\n\n<p>La premsa que es podr\u00e0 consultar \u00e9s la seg\u00fcent:<\/p>\n\n\n\n<p>\u00b7\u00a0Las Provincias de gener 1958 a setembre de 2001<\/p>\n\n\n\n<p>\u00b7\u00a0Llevant EMV de juliol 1975 a desembre 2000<\/p>\n\n\n\n<p>\u00b7&nbsp;Alce dissabte 1975<\/p>\n\n\n\n<p>\u00b7\u00a0Not\u00edcies al dia: Peri\u00f2dic valenci\u00e0 del mat\u00ed d\u2019octubre 1982 \u00a0a juliol 1984<\/p>\n\n\n\n<p>\u00b7\u00a0La Fulla del dilluns de setembre 1978 a juny 1990<\/p>\n\n\n\n<p>\u00b7&nbsp;El Punt de 1998 a 2001<\/p>\n\n\n\n<p>\u00b7\u00a0El Peri\u00f2dic de l&#8217;Horta 1994 a 1998<\/p>\n\n\n\n<p>\u00b7\u00a0El Diari de Val\u00e8ncia de gener 1981 a juny 1982<\/p>\n\n\n\n<p>\u00b7\u00a07 dies de la Comarca de 1983 a 1985<\/p>\n\n\n\n<p>I tamb\u00e9 es podr\u00e0 consultar les publicacions locals (digitalitzades) com:<\/p>\n\n\n\n<p>\u00b7\u00a0Llibres de Festes de 1958 a 1998<\/p>\n\n\n\n<p>\u00b7\u00a0Llibres de Moros i Cristians<\/p>\n\n\n\n<p>\u00b7\u00a0Els BIM 1962 a 2023<\/p>\n\n\n\n<p>\u00b7\u00a0El Semanari Torre 1948 a 1959<\/p>\n\n\n\n<p>\u00b7&nbsp;La revista Atenea (Completa)<\/p>\n\n\n\n<p>\u00b7\u00a0La revista El Granerer 1973 a 2017<\/p>\n\n\n\n<p>\u00b7\u00a0Els llibrets de Falles \u00a0<\/p>\n\n\n\n<p>\u00b7\u00a0Els llibres de Setmana Santa 1944 a 2017<\/p>\n\n\n\n<p>\u00b7&nbsp;El Temps 1985 a 1986<\/p>\n\n\n\n<p>\u00b7\u00a0I El Peri\u00f3dico el Vedat, entre altres publicacions.<\/p>\n\n\n\n<p>El regidor de l&#8217;Arxiu Administratiu i Hist\u00f2ric, Aitor Sanchez ha manifestat que <strong>\u201cla implementaci\u00f3 d&#8217;esta nova Hemeroteca Hist\u00f2rica Local suposa una transformaci\u00f3 en la manera en la qual els ciutadans podran accedir a la informaci\u00f3 hist\u00f2rica, proporcionant un recurs molt valu\u00f3s i f\u00e0cilment accessible per a tots els interessats en la hist\u00f2ria i el patrimoni de la nostra gran ciutat\u201d.<\/strong><\/p>\n\n\n\n<p><strong>\u201cVull agrair a l&#8217;alcaldessa que des que va tindre coneixement de l&#8217;exist\u00e8ncia d&#8217;este material, va mostrar la seua voluntat de rescatar-lo i posar-lo a la disposici\u00f3 dels ciutadans i als t\u00e8cnics municipals que han fet un treball i esfor\u00e7 *improbo per a aconseguir posar-ho en funcionament en molt poc temps. No pod\u00edem abandonar este material que el temps podia danyar o fins i tot tindre un final pitjor, perqu\u00e8 \u00e9s la nostra hist\u00f2ria, el nostre patrimoni i la nostra cultura com a poble, i que ser\u00e0 el millor llegat per als nostres fills\u201d<\/strong>, ha emfatitzat Aitor S\u00e1nchez.<\/p>\n\n\n\n<p>L&#8217;Hemeroteca Hist\u00f2rica Local de Torrent est\u00e0 situada en la C\/ Sagra, 17, 3\u00b0 planta. L&#8217;horari d&#8217;atenci\u00f3 al p\u00fablic, \u00e9s de dilluns a divendres de 9,00 a 14,30 hores. Si alguna persona volguera realitzar qualsevol consulta abans d&#8217;acudir a l&#8217;Hemeroteca, podr\u00e0 fer-ho al correu arxiu@torrent.es.<\/p>\n\n\n\n<figure class=\"wp-block-image size-large\"><img fetchpriority=\"high\" decoding=\"async\" width=\"1024\" height=\"682\" src=\"https:\/\/infotorrent.es\/wp-content\/uploads\/2024\/09\/4-1-1024x682.jpg\" alt=\"\" class=\"wp-image-71675\" srcset=\"https:\/\/infotorrent.es\/wp-content\/uploads\/2024\/09\/4-1-1024x682.jpg 1024w, https:\/\/infotorrent.es\/wp-content\/uploads\/2024\/09\/4-1-300x200.jpg 300w, https:\/\/infotorrent.es\/wp-content\/uploads\/2024\/09\/4-1-768x512.jpg 768w, https:\/\/infotorrent.es\/wp-content\/uploads\/2024\/09\/4-1-1536x1023.jpg 1536w, https:\/\/infotorrent.es\/wp-content\/uploads\/2024\/09\/4-1.jpg 1600w\" sizes=\"(max-width: 1024px) 100vw, 1024px\" \/><\/figure>\n\n\n\n<figure class=\"wp-block-gallery has-nested-images columns-default is-cropped wp-block-gallery-1 is-layout-flex wp-block-gallery-is-layout-flex\">\n<figure class=\"wp-block-image size-large\"><img decoding=\"async\" width=\"1024\" height=\"682\" data-id=\"71677\" src=\"https:\/\/infotorrent.es\/wp-content\/uploads\/2024\/09\/1-3-1024x682.jpg\" alt=\"\" class=\"wp-image-71677\" srcset=\"https:\/\/infotorrent.es\/wp-content\/uploads\/2024\/09\/1-3-1024x682.jpg 1024w, https:\/\/infotorrent.es\/wp-content\/uploads\/2024\/09\/1-3-300x200.jpg 300w, https:\/\/infotorrent.es\/wp-content\/uploads\/2024\/09\/1-3-768x512.jpg 768w, https:\/\/infotorrent.es\/wp-content\/uploads\/2024\/09\/1-3-1536x1023.jpg 1536w, https:\/\/infotorrent.es\/wp-content\/uploads\/2024\/09\/1-3.jpg 1600w\" sizes=\"(max-width: 1024px) 100vw, 1024px\" \/><\/figure>\n\n\n\n<figure class=\"wp-block-image size-large\"><img decoding=\"async\" width=\"1024\" height=\"682\" data-id=\"71679\" src=\"https:\/\/infotorrent.es\/wp-content\/uploads\/2024\/09\/9-1024x682.jpg\" alt=\"\" class=\"wp-image-71679\" srcset=\"https:\/\/infotorrent.es\/wp-content\/uploads\/2024\/09\/9-1024x682.jpg 1024w, https:\/\/infotorrent.es\/wp-content\/uploads\/2024\/09\/9-300x200.jpg 300w, https:\/\/infotorrent.es\/wp-content\/uploads\/2024\/09\/9-768x512.jpg 768w, https:\/\/infotorrent.es\/wp-content\/uploads\/2024\/09\/9-1536x1023.jpg 1536w, https:\/\/infotorrent.es\/wp-content\/uploads\/2024\/09\/9.jpg 1600w\" sizes=\"(max-width: 1024px) 100vw, 1024px\" \/><\/figure>\n<\/figure>\n","protected":false},"excerpt":{"rendered":"<p>El nou servici permetr\u00e0 l&#8217;acc\u00e9s a la secci\u00f3 hist\u00f2rica de Comarca L&#8217;Horta Sud dels diferents diaris regionals, convertint-se en un arxiu de refer\u00e8ncia a nivell provincial El passat 9 de juliol l&#8217;alcaldessa, Amparo Folgado, firmava un Decret pel qual es creava el nou servici de l&#8217;Hemeroteca Hist\u00f2rica Local (HHL d&#8217;ara en avant) de Torrent, en [&hellip;]<\/p>\n","protected":false},"author":2,"featured_media":71683,"comment_status":"open","ping_status":"open","sticky":false,"template":"","format":"standard","meta":{"_acf_changed":false,"footnotes":""},"categories":[117],"tags":[],"class_list":["post-71671","post","type-post","status-publish","format-standard","has-post-thumbnail","hentry","category-cultura"],"acf":[],"_links":{"self":[{"href":"https:\/\/infotorrent.es\/ca\/wp-json\/wp\/v2\/posts\/71671","targetHints":{"allow":["GET"]}}],"collection":[{"href":"https:\/\/infotorrent.es\/ca\/wp-json\/wp\/v2\/posts"}],"about":[{"href":"https:\/\/infotorrent.es\/ca\/wp-json\/wp\/v2\/types\/post"}],"author":[{"embeddable":true,"href":"https:\/\/infotorrent.es\/ca\/wp-json\/wp\/v2\/users\/2"}],"replies":[{"embeddable":true,"href":"https:\/\/infotorrent.es\/ca\/wp-json\/wp\/v2\/comments?post=71671"}],"version-history":[{"count":2,"href":"https:\/\/infotorrent.es\/ca\/wp-json\/wp\/v2\/posts\/71671\/revisions"}],"predecessor-version":[{"id":71686,"href":"https:\/\/infotorrent.es\/ca\/wp-json\/wp\/v2\/posts\/71671\/revisions\/71686"}],"wp:featuredmedia":[{"embeddable":true,"href":"https:\/\/infotorrent.es\/ca\/wp-json\/wp\/v2\/media\/71683"}],"wp:attachment":[{"href":"https:\/\/infotorrent.es\/ca\/wp-json\/wp\/v2\/media?parent=71671"}],"wp:term":[{"taxonomy":"category","embeddable":true,"href":"https:\/\/infotorrent.es\/ca\/wp-json\/wp\/v2\/categories?post=71671"},{"taxonomy":"post_tag","embeddable":true,"href":"https:\/\/infotorrent.es\/ca\/wp-json\/wp\/v2\/tags?post=71671"}],"curies":[{"name":"wp","href":"https:\/\/api.w.org\/{rel}","templated":true}]}}