{"id":71665,"date":"2024-09-10T12:18:25","date_gmt":"2024-09-10T10:18:25","guid":{"rendered":"https:\/\/infotorrent.es\/uncategorized\/la-solidaridad-de-la-runcancer-vuelve-a-torrent-el-28-de-septiembre\/"},"modified":"2024-09-10T12:21:45","modified_gmt":"2024-09-10T10:21:45","slug":"la-solidaridad-de-la-runcancer-vuelve-a-torrent-el-28-de-septiembre","status":"publish","type":"post","link":"https:\/\/infotorrent.es\/ca\/deporte-ca\/la-solidaridad-de-la-runcancer-vuelve-a-torrent-el-28-de-septiembre\/","title":{"rendered":"La solidaritat de la RunC\u00e1ncer torna a Torrent el 28 de setembre"},"content":{"rendered":"\n<p>Este esdeveniment solidari i esportiu donar\u00e0 principi a les 19.00 hores en la Pla\u00e7a Major de la localitat<\/p>\n\n\n\n<p>L&#8217;Ajuntament de Torrent, en col\u00b7laboraci\u00f3 amb l&#8217;Associaci\u00f3 Espanyola Contra el C\u00e0ncer (AECC), es prepara un any m\u00e9s per a la celebraci\u00f3 de la *RunC\u00e1ncer 2024. Este esdeveniment solidari i esportiu, que ja s&#8217;ha convertit en una cita ineludible en el calendari, tindr\u00e0 lloc el 28 de setembre a partir de les 19.00 hores amb eixida en la Pla\u00e7a Major de la localitat.<\/p>\n\n\n\n<p>La RunC\u00e1ncer 2024 oferir\u00e0 dos modalitats per a participar:<\/p>\n\n\n\n<ul class=\"wp-block-list\">\n<li>Carrera de 5 km: Una prova competitiva per a corredors i corredores de totes les edats.<\/li>\n\n\n\n<li>Marxa no competitiva de 4 km: Una opci\u00f3 m\u00e9s relaxada per a gaudir de l&#8217;esport i la solidaritat en fam\u00edlia o amb amics.<\/li>\n<\/ul>\n\n\n\n<p><strong>Inscripcions i donacions<\/strong><\/p>\n\n\n\n<p>Les inscripcions estaran obertes fins al 26 de setembre a les 23.59 hores. El preu de cada dorsal \u00e9s de 5 euros, que aniran destinats \u00edntegrament a la investigaci\u00f3 contra el c\u00e0ncer.<\/p>\n\n\n\n<p>Els dorsals per a la carrera de 5 km i la marxa no competitiva es podran adquirir a trav\u00e9s de la web oficial del circuit de carreres. A m\u00e9s, per a la marxa no competitiva, tamb\u00e9 es podran adquirir en la Fundaci\u00f3 Esportiva Municipal de Torrent, en els comer\u00e7os torrentinos adherits a la campanya i a trav\u00e9s de la junta local de AECC.<\/p>\n\n\n\n<p>L&#8217;alcaldessa de Torrent, Amparo Folgado, que ja ha adquirit la seua samarreta, ha destacat la import\u00e0ncia d&#8217;este esdeveniment: <strong>\u201cLa RunC\u00e1ncer \u00e9s un exemple de com, a trav\u00e9s de l&#8217;esport i la solidaritat, podem marcar la difer\u00e8ncia en la lluita contra el c\u00e0ncer. Convidem a tots els torrentinos a participar i a aportar el seu granet d&#8217;arena en esta causa\u201d.<\/strong><\/p>\n\n\n\n<p>Per part seua, el regidor d&#8217;Esports, Guillermo Alonso del Real, ha volgut animar a la ciutadania a participar en <strong>\u201cesta cita ineludible en el nostre calendari esportiu, que \u00e9s molt m\u00e9s que una carrera. \u00c9s una oportunitat per a demostrar la solidaritat amb totes aquelles persones que lluiten contra el c\u00e0ncer i per a donar suport a la investigaci\u00f3 que busca trobar una cura definitiva\u201d.<\/strong><\/p>\n\n\n\n<figure class=\"wp-block-image size-large\"><img fetchpriority=\"high\" decoding=\"async\" width=\"1024\" height=\"682\" src=\"https:\/\/infotorrent.es\/wp-content\/uploads\/2024\/09\/runcancer-1-1024x682.jpeg\" alt=\"\" class=\"wp-image-71661\" srcset=\"https:\/\/infotorrent.es\/wp-content\/uploads\/2024\/09\/runcancer-1-1024x682.jpeg 1024w, https:\/\/infotorrent.es\/wp-content\/uploads\/2024\/09\/runcancer-1-300x200.jpeg 300w, https:\/\/infotorrent.es\/wp-content\/uploads\/2024\/09\/runcancer-1-768x512.jpeg 768w, https:\/\/infotorrent.es\/wp-content\/uploads\/2024\/09\/runcancer-1-1536x1023.jpeg 1536w, https:\/\/infotorrent.es\/wp-content\/uploads\/2024\/09\/runcancer-1.jpeg 1600w\" sizes=\"(max-width: 1024px) 100vw, 1024px\" \/><\/figure>\n","protected":false},"excerpt":{"rendered":"<p>Este esdeveniment solidari i esportiu donar\u00e0 principi a les 19.00 hores en la Pla\u00e7a Major de la localitat L&#8217;Ajuntament de Torrent, en col\u00b7laboraci\u00f3 amb l&#8217;Associaci\u00f3 Espanyola Contra el C\u00e0ncer (AECC), es prepara un any m\u00e9s per a la celebraci\u00f3 de la *RunC\u00e1ncer 2024. Este esdeveniment solidari i esportiu, que ja s&#8217;ha convertit en una cita [&hellip;]<\/p>\n","protected":false},"author":16,"featured_media":71666,"comment_status":"open","ping_status":"open","sticky":false,"template":"","format":"standard","meta":{"_acf_changed":false,"footnotes":""},"categories":[1186,1147],"tags":[],"class_list":["post-71665","post","type-post","status-publish","format-standard","has-post-thumbnail","hentry","category-deporte-ca","category-solidaridad-ca"],"acf":[],"_links":{"self":[{"href":"https:\/\/infotorrent.es\/ca\/wp-json\/wp\/v2\/posts\/71665","targetHints":{"allow":["GET"]}}],"collection":[{"href":"https:\/\/infotorrent.es\/ca\/wp-json\/wp\/v2\/posts"}],"about":[{"href":"https:\/\/infotorrent.es\/ca\/wp-json\/wp\/v2\/types\/post"}],"author":[{"embeddable":true,"href":"https:\/\/infotorrent.es\/ca\/wp-json\/wp\/v2\/users\/16"}],"replies":[{"embeddable":true,"href":"https:\/\/infotorrent.es\/ca\/wp-json\/wp\/v2\/comments?post=71665"}],"version-history":[{"count":1,"href":"https:\/\/infotorrent.es\/ca\/wp-json\/wp\/v2\/posts\/71665\/revisions"}],"predecessor-version":[{"id":71668,"href":"https:\/\/infotorrent.es\/ca\/wp-json\/wp\/v2\/posts\/71665\/revisions\/71668"}],"wp:featuredmedia":[{"embeddable":true,"href":"https:\/\/infotorrent.es\/ca\/wp-json\/wp\/v2\/media\/71666"}],"wp:attachment":[{"href":"https:\/\/infotorrent.es\/ca\/wp-json\/wp\/v2\/media?parent=71665"}],"wp:term":[{"taxonomy":"category","embeddable":true,"href":"https:\/\/infotorrent.es\/ca\/wp-json\/wp\/v2\/categories?post=71665"},{"taxonomy":"post_tag","embeddable":true,"href":"https:\/\/infotorrent.es\/ca\/wp-json\/wp\/v2\/tags?post=71665"}],"curies":[{"name":"wp","href":"https:\/\/api.w.org\/{rel}","templated":true}]}}