{"id":71529,"date":"2024-09-05T11:40:24","date_gmt":"2024-09-05T09:40:24","guid":{"rendered":"https:\/\/infotorrent.es\/?p=71529"},"modified":"2024-09-05T12:00:30","modified_gmt":"2024-09-05T10:00:30","slug":"lorquestra-de-la-comunitat-valenciana-arranca-la-temporada-2024-25-a-torrent","status":"publish","type":"post","link":"https:\/\/infotorrent.es\/ca\/noticies\/lorquestra-de-la-comunitat-valenciana-arranca-la-temporada-2024-25-a-torrent\/","title":{"rendered":"L&#8217;Orquestra de la Comunitat Valenciana arranca la temporada 2024\/25 a Torrent"},"content":{"rendered":"\n<p><strong>El concert de la OCV en l\u2019Auditori de Torrent ser\u00e0 el pr\u00f2xim 12 de setembre i les invitacions poden arreplegar-se des del dijous 5 en les taquilles de l\u2019Auditori i en l\u00ednia<\/strong><\/p>\n\n\n\n<p>L&#8217;Orquestra de la Comunitat Valenciana, sota la batuta de James Gaffigan, oferir\u00e0 un concert gratu\u00eft en l&#8217;Auditori de Torrent dijous que ve 12 de setembre a les 20.00 hores. Este esdeveniment, emmarcat en la iniciativa \u2018Les Arts amb La teua\u2019 i \u201cLes Arts \u00e9s Simf\u00f2nic\u201d, arriba a la ciutat gr\u00e0cies a la col\u00b7laboraci\u00f3 de l&#8217;\u00e0rea de Cultura de la Diputaci\u00f3 de Val\u00e8ncia.<\/p>\n\n\n\n<p>El p\u00fablic podr\u00e0 disfrutar d&#8217;un repertori que inclou obres mestres de Beethoven, Brahms i <em>Rimski-<\/em>K\u00f3rsakov. L&#8217;obertura Leonore N\u00fam. 3 de Beethoven, la Simfonia N\u00ba3 de Brahms i el Capritx espanyol de <em>Rimski-<\/em>K\u00f3rsakov conformaran un programa variat.<\/p>\n\n\n\n<p>Les invitacions per a este concert s\u00f3n totalment gratu\u00eftes i es podran obtindre a partir del 5 de setembre a les 17.00 hores en les taquilles de l&#8217;Auditori de Torrent o a trav\u00e9s de la seua p\u00e0gina web. Cada persona podr\u00e0 sol\u00b7licitar fins a quatre invitacions.<\/p>\n\n\n\n<p>L&#8217;alcaldessa Amparo Folgado ha agra\u00eft a la Diputaci\u00f3 la seua col\u00b7laboraci\u00f3 <strong>\u201cgr\u00e0cies a l&#8217;\u00e0rea de cultura que dirigix el meu company Paco Teruel en la Diputaci\u00f3 de Val\u00e8ncia, pel seu suport perqu\u00e8 els torrentins i les torrentines puguem disfrutar de l&#8217;Orquestra de la Comunitat Valenciana en este inici de la temporada\u201d<\/strong>. A m\u00e9s, ha assenyalat que \u201c<strong>per a Torrent \u00e9s un honor, poder gaudir d&#8217;esta gira que s&#8217;inicia en la nostra en ciutat\u201d.<\/strong><\/p>\n\n\n\n<p>El regidor de Cultura, Aitor S\u00e1nchez ha destacat que <strong>\u201ceste \u00e9s l&#8217;inici de la temporada cultural a Torrent que ens oferir\u00e0 moltes sorpreses i alegries, ja que com vol la nostra alcaldessa, acostarem a tots els *torrentinos les millors propostes culturals\u201d.<\/strong><\/p>\n\n\n\n<p>Este concert a Torrent marca l&#8217;inici d&#8217;una gira que portar\u00e0 la m\u00fasica simf\u00f2nica a diferents localitats valencianes, com Ll\u00edria, Cullera i finalitzar\u00e0 en Les Arts el 15 de setembre amb la tradicional jornada de portes obertes.<\/p>\n\n\n\n<p>Fundada en 2006 per Lorin Maazel, l&#8217;Orquestra de la Comunitat Valenciana \u00e9s l&#8217;orquestra resident de Les Arts i ha consolidat la seua posici\u00f3 com una de les principals orquestres d&#8217;Espanya. El seu repertori abasta des de les obres m\u00e9s cl\u00e0ssiques fins a les composicions contempor\u00e0nies.<\/p>\n\n\n\n<p><strong>Data: 12 de setembre de 2024, 20.00 hores<br>Lloc: Auditori de Torrent<br>Invitacions: Gratu\u00eftes. A partir del 5 de setembre en les taquilles de l&#8217;Auditori o en la seua p\u00e0gina web.<\/strong><\/p>\n\n\n\n<figure class=\"wp-block-image size-large\"><img fetchpriority=\"high\" decoding=\"async\" width=\"819\" height=\"1024\" src=\"https:\/\/infotorrent.es\/wp-content\/uploads\/2024\/09\/456212173_970488645117961_7982469148671705581_n-819x1024.jpg\" alt=\"\" class=\"wp-image-71523\" srcset=\"https:\/\/infotorrent.es\/wp-content\/uploads\/2024\/09\/456212173_970488645117961_7982469148671705581_n-819x1024.jpg 819w, https:\/\/infotorrent.es\/wp-content\/uploads\/2024\/09\/456212173_970488645117961_7982469148671705581_n-240x300.jpg 240w, https:\/\/infotorrent.es\/wp-content\/uploads\/2024\/09\/456212173_970488645117961_7982469148671705581_n-768x960.jpg 768w, https:\/\/infotorrent.es\/wp-content\/uploads\/2024\/09\/456212173_970488645117961_7982469148671705581_n.jpg 1152w\" sizes=\"(max-width: 819px) 100vw, 819px\" \/><\/figure>\n","protected":false},"excerpt":{"rendered":"<p>El concert de la OCV en l\u2019Auditori de Torrent ser\u00e0 el pr\u00f2xim 12 de setembre i les invitacions poden arreplegar-se des del dijous 5 en les taquilles de l\u2019Auditori i en l\u00ednia L&#8217;Orquestra de la Comunitat Valenciana, sota la batuta de James Gaffigan, oferir\u00e0 un concert gratu\u00eft en l&#8217;Auditori de Torrent dijous que ve 12 [&hellip;]<\/p>\n","protected":false},"author":17,"featured_media":71525,"comment_status":"open","ping_status":"open","sticky":false,"template":"","format":"standard","meta":{"_acf_changed":false,"footnotes":""},"categories":[116,1157,117,126,756,1132,127],"tags":[],"class_list":["post-71529","post","type-post","status-publish","format-standard","has-post-thumbnail","hentry","category-noticies","category-agenda-2-ca","category-cultura","category-cultura-es-2","category-cultura-noticias-2","category-cultura-ca","category-noticias-2"],"acf":[],"_links":{"self":[{"href":"https:\/\/infotorrent.es\/ca\/wp-json\/wp\/v2\/posts\/71529","targetHints":{"allow":["GET"]}}],"collection":[{"href":"https:\/\/infotorrent.es\/ca\/wp-json\/wp\/v2\/posts"}],"about":[{"href":"https:\/\/infotorrent.es\/ca\/wp-json\/wp\/v2\/types\/post"}],"author":[{"embeddable":true,"href":"https:\/\/infotorrent.es\/ca\/wp-json\/wp\/v2\/users\/17"}],"replies":[{"embeddable":true,"href":"https:\/\/infotorrent.es\/ca\/wp-json\/wp\/v2\/comments?post=71529"}],"version-history":[{"count":1,"href":"https:\/\/infotorrent.es\/ca\/wp-json\/wp\/v2\/posts\/71529\/revisions"}],"predecessor-version":[{"id":71531,"href":"https:\/\/infotorrent.es\/ca\/wp-json\/wp\/v2\/posts\/71529\/revisions\/71531"}],"wp:featuredmedia":[{"embeddable":true,"href":"https:\/\/infotorrent.es\/ca\/wp-json\/wp\/v2\/media\/71525"}],"wp:attachment":[{"href":"https:\/\/infotorrent.es\/ca\/wp-json\/wp\/v2\/media?parent=71529"}],"wp:term":[{"taxonomy":"category","embeddable":true,"href":"https:\/\/infotorrent.es\/ca\/wp-json\/wp\/v2\/categories?post=71529"},{"taxonomy":"post_tag","embeddable":true,"href":"https:\/\/infotorrent.es\/ca\/wp-json\/wp\/v2\/tags?post=71529"}],"curies":[{"name":"wp","href":"https:\/\/api.w.org\/{rel}","templated":true}]}}