{"id":71473,"date":"2024-09-04T11:42:36","date_gmt":"2024-09-04T09:42:36","guid":{"rendered":"https:\/\/infotorrent.es\/?p=71473"},"modified":"2024-09-04T12:09:55","modified_gmt":"2024-09-04T10:09:55","slug":"torrent-presenta-su-diseno-grafico-para-la-conmemoracion-del-9-doctubre","status":"publish","type":"post","link":"https:\/\/infotorrent.es\/ca\/alcaldia-2\/torrent-presenta-su-diseno-grafico-para-la-conmemoracion-del-9-doctubre\/","title":{"rendered":"Torrent presenta el seu disseny gr\u00e0fic per a la commemoraci\u00f3 del \u20189 d\u2019Octubre\u2019"},"content":{"rendered":"\n<p><strong>Amparo Folgado, al costat de l&#8217;artista faller i dissenyador gr\u00e0fic Jos\u00e9 Gallego han revelat el cartell, que representar\u00e0 el Dia de la Comunitat Valenciana<\/strong><\/p>\n\n\n\n<p><strong>L&#8217;obra representa amb gran impacte visual la hist\u00f2ria, cultura i identitat del poble valenci\u00e0, reflectint una interpretaci\u00f3 art\u00edstica moderna i simb\u00f2lica de la nostra Real Senyera<\/strong><\/p>\n\n\n\n<p>Este dimecres 4 de setembre, la segona planta de l&#8217;edifici consistorial, on es troba la Real Senyera que est\u00e0 exposada, ha sigut l&#8217;escenari, on l&#8217;Alcaldessa, Amparo Folgado acompanyada d&#8217;Aitor S\u00e1nchez, regidor de Cultura i membres de l&#8217;equip de govern i la Corporaci\u00f3 juntament amb l&#8217;artista faller i dissenyador gr\u00e0fic Jos\u00e9 Gallego, han presentat el disseny gr\u00e0fic de la imatge que representar\u00e0 el 9 d\u2019Octubre a Torrent.<\/p>\n\n\n\n<p><strong>\u201cEnguany hem decidit avan\u00e7ar la presentaci\u00f3 de la imatge del 9 d\u2019Octubre, amb l&#8217;objectiu d&#8217;ampliar i fer m\u00e9s efectiva la promoci\u00f3 i difusi\u00f3 d&#8217;un cartell que commemora una data tan important per a Torrent. En breus dates anunciarem el programa complet d&#8217;activitats culturals i festives que se celebraran, entorn de la festivitat, i que culminar\u00e0 amb la tradicional Process\u00f3 C\u00edvica\u201d, <\/strong>ha explicat Amparo Folgado<\/p>\n\n\n\n<p>L&#8217;alcaldessa al costat de l&#8217;autor del disseny, han presentat la imatge gr\u00e0fica commemorativa, que arreplega l&#8217;ess\u00e8ncia d&#8217;esta festivitat. Un disseny modern que simbolitza al Rei Jaume I fusionat amb la Real Senyera, coronada amb la tipografia \u20189 D\u2019OCTUBRE\u2019, retent homenatge a la nostra hist\u00f2ria, cultura i arrels valencianes.<\/p>\n\n\n\n<p><strong>EXPLICACI\u00d3 DISSENY GR\u00c0FIC \u20189 D&#8217;OCTUBRE\u2019 2024<\/strong><\/p>\n\n\n\n<p>El disseny gr\u00e0fic s&#8217;estructura entorn d&#8217;un concepte profundament arrelat en la hist\u00f2ria valenciana: les quatre barres roges sobre fons groc de la Real Senyera, la bandera de la Comunitat Valenciana. En esta obra, les barres roges es transformen en les poderoses potes del cavall del Rei Jaume I El Conqueridor, un s\u00edmbol central en la hist\u00f2ria de la regi\u00f3, evocant la for\u00e7a i la determinaci\u00f3 del monarca que va reconquerir Val\u00e8ncia en 1238.<\/p>\n\n\n\n<p>La imatge del cavall i del Rei, que sost\u00e9 entre els seus bra\u00e7os l&#8217;emblem\u00e0tica Torre de Torrent, \u00e9s una refer\u00e8ncia directa a la reconquesta i a la fundaci\u00f3 del Regne de Val\u00e8ncia. La Torre, element arquitect\u00f2nic distintiu de la ciutat de Torrent, apareix protegida per Jaume I, subratllant la seua import\u00e0ncia dins del territori valenci\u00e0. El fons groc, representant la terra, suggerix la fertilitat i riquesa de les terres valencianes, mentres que el cel blau de l&#8217;horitz\u00f3, coronat per la tipografia del &#8220;9 d&#8217;Octubre&#8221;, completa esta composici\u00f3, formant en el seu conjunt una reinterpretaci\u00f3 moderna i simb\u00f2lica de la Real Senyera valenciana.<\/p>\n\n\n\n<p>El disseny gr\u00e0fic commemoratiu del \u20189 d&#8217;Octubre\u2019 de 2024, creat per l&#8217;artista Jos\u00e9 Gallego Gallego, \u00e9s una obra que fusiona la hist\u00f2ria, la cultura i la identitat de la Comunitat Valenciana a trav\u00e9s d&#8217;una proposta visual impactant, que reflectix una interpretaci\u00f3 art\u00edstica moderna i simb\u00f2lica del seu Real Senyera.<\/p>\n\n\n\n<p>L&#8217;alcaldessa ha manifestat que <strong>\u201cprimer vull agrair al reconegut artista, Jos\u00e9 Gallego, que acceptara des del primer moment l&#8217;enc\u00e0rrec que li va fer l&#8217;Ajuntament de Torrent i en segon lloc felicitar-lo pel magn\u00edfic treball que ha dissenyat i que arreplega perfectament el sentiment, l&#8217;orgull i la identitat que representa el 9 d\u2019Octubre per als valencians. Un disseny modern que simbolitza la uni\u00f3 del poble valenci\u00e0 i *torrentino entorn de la nostra Real Senyera i la figura del Rei Jaume I, de la nostra hist\u00f2ria i de la nostra cultura, i mostrant-nos com l&#8217;art juga un paper fonamental en la celebraci\u00f3 de la nostra identitat com a poble\u201d.<\/strong><\/p>\n\n\n\n<figure class=\"wp-block-image size-large\"><img fetchpriority=\"high\" decoding=\"async\" width=\"724\" height=\"1024\" src=\"https:\/\/infotorrent.es\/wp-content\/uploads\/2024\/09\/Diseno-Grafico-724x1024.jpg\" alt=\"\" class=\"wp-image-71474\" srcset=\"https:\/\/infotorrent.es\/wp-content\/uploads\/2024\/09\/Diseno-Grafico-724x1024.jpg 724w, https:\/\/infotorrent.es\/wp-content\/uploads\/2024\/09\/Diseno-Grafico-212x300.jpg 212w, https:\/\/infotorrent.es\/wp-content\/uploads\/2024\/09\/Diseno-Grafico-768x1086.jpg 768w, https:\/\/infotorrent.es\/wp-content\/uploads\/2024\/09\/Diseno-Grafico-1086x1536.jpg 1086w, https:\/\/infotorrent.es\/wp-content\/uploads\/2024\/09\/Diseno-Grafico.jpg 1131w\" sizes=\"(max-width: 724px) 100vw, 724px\" \/><\/figure>\n\n\n\n<figure class=\"wp-block-gallery has-nested-images columns-default is-cropped wp-block-gallery-1 is-layout-flex wp-block-gallery-is-layout-flex\">\n<figure class=\"wp-block-image size-large\"><img decoding=\"async\" width=\"1024\" height=\"682\" data-id=\"71476\" src=\"https:\/\/infotorrent.es\/wp-content\/uploads\/2024\/09\/Foto-1-1024x682.jpg\" alt=\"\" class=\"wp-image-71476\" srcset=\"https:\/\/infotorrent.es\/wp-content\/uploads\/2024\/09\/Foto-1-1024x682.jpg 1024w, https:\/\/infotorrent.es\/wp-content\/uploads\/2024\/09\/Foto-1-300x200.jpg 300w, https:\/\/infotorrent.es\/wp-content\/uploads\/2024\/09\/Foto-1-768x512.jpg 768w, https:\/\/infotorrent.es\/wp-content\/uploads\/2024\/09\/Foto-1-1536x1023.jpg 1536w, https:\/\/infotorrent.es\/wp-content\/uploads\/2024\/09\/Foto-1.jpg 1600w\" sizes=\"(max-width: 1024px) 100vw, 1024px\" \/><\/figure>\n\n\n\n<figure class=\"wp-block-image size-large\"><img decoding=\"async\" width=\"1024\" height=\"682\" data-id=\"71478\" src=\"https:\/\/infotorrent.es\/wp-content\/uploads\/2024\/09\/Foto-2-1024x682.jpg\" alt=\"\" class=\"wp-image-71478\" srcset=\"https:\/\/infotorrent.es\/wp-content\/uploads\/2024\/09\/Foto-2-1024x682.jpg 1024w, https:\/\/infotorrent.es\/wp-content\/uploads\/2024\/09\/Foto-2-300x200.jpg 300w, https:\/\/infotorrent.es\/wp-content\/uploads\/2024\/09\/Foto-2-768x512.jpg 768w, https:\/\/infotorrent.es\/wp-content\/uploads\/2024\/09\/Foto-2-1536x1023.jpg 1536w, https:\/\/infotorrent.es\/wp-content\/uploads\/2024\/09\/Foto-2.jpg 1600w\" sizes=\"(max-width: 1024px) 100vw, 1024px\" \/><\/figure>\n<\/figure>\n","protected":false},"excerpt":{"rendered":"<p>Amparo Folgado, al costat de l&#8217;artista faller i dissenyador gr\u00e0fic Jos\u00e9 Gallego han revelat el cartell, que representar\u00e0 el Dia de la Comunitat Valenciana L&#8217;obra representa amb gran impacte visual la hist\u00f2ria, cultura i identitat del poble valenci\u00e0, reflectint una interpretaci\u00f3 art\u00edstica moderna i simb\u00f2lica de la nostra Real Senyera Este dimecres 4 de setembre, [&hellip;]<\/p>\n","protected":false},"author":2,"featured_media":71488,"comment_status":"open","ping_status":"open","sticky":false,"template":"","format":"standard","meta":{"_acf_changed":false,"footnotes":""},"categories":[141,126,143],"tags":[],"class_list":["post-71473","post","type-post","status-publish","format-standard","has-post-thumbnail","hentry","category-alcaldia-2","category-cultura-es-2","category-fiestas-y-tradiciones"],"acf":[],"_links":{"self":[{"href":"https:\/\/infotorrent.es\/ca\/wp-json\/wp\/v2\/posts\/71473","targetHints":{"allow":["GET"]}}],"collection":[{"href":"https:\/\/infotorrent.es\/ca\/wp-json\/wp\/v2\/posts"}],"about":[{"href":"https:\/\/infotorrent.es\/ca\/wp-json\/wp\/v2\/types\/post"}],"author":[{"embeddable":true,"href":"https:\/\/infotorrent.es\/ca\/wp-json\/wp\/v2\/users\/2"}],"replies":[{"embeddable":true,"href":"https:\/\/infotorrent.es\/ca\/wp-json\/wp\/v2\/comments?post=71473"}],"version-history":[{"count":2,"href":"https:\/\/infotorrent.es\/ca\/wp-json\/wp\/v2\/posts\/71473\/revisions"}],"predecessor-version":[{"id":71487,"href":"https:\/\/infotorrent.es\/ca\/wp-json\/wp\/v2\/posts\/71473\/revisions\/71487"}],"wp:featuredmedia":[{"embeddable":true,"href":"https:\/\/infotorrent.es\/ca\/wp-json\/wp\/v2\/media\/71488"}],"wp:attachment":[{"href":"https:\/\/infotorrent.es\/ca\/wp-json\/wp\/v2\/media?parent=71473"}],"wp:term":[{"taxonomy":"category","embeddable":true,"href":"https:\/\/infotorrent.es\/ca\/wp-json\/wp\/v2\/categories?post=71473"},{"taxonomy":"post_tag","embeddable":true,"href":"https:\/\/infotorrent.es\/ca\/wp-json\/wp\/v2\/tags?post=71473"}],"curies":[{"name":"wp","href":"https:\/\/api.w.org\/{rel}","templated":true}]}}