{"id":71469,"date":"2024-09-04T09:30:28","date_gmt":"2024-09-04T07:30:28","guid":{"rendered":"https:\/\/infotorrent.es\/uncategorized\/cerca-de-40-000-usuarios-han-disfrutado-de-la-piscina-parc-vedat-durante-este-verano\/"},"modified":"2024-09-04T09:39:12","modified_gmt":"2024-09-04T07:39:12","slug":"cerca-de-40-000-usuarios-han-disfrutado-de-la-piscina-parc-vedat-durante-este-verano","status":"publish","type":"post","link":"https:\/\/infotorrent.es\/ca\/deporte-ca\/cerca-de-40-000-usuarios-han-disfrutado-de-la-piscina-parc-vedat-durante-este-verano\/","title":{"rendered":"Prop de 40.000 usuaris han gaudit de la piscina Parc Vedat durant este estiu"},"content":{"rendered":"\n<p>38.929 persones han gaudit de les instal\u00b7lacions del parc aqu\u00e0tic des del 10 de juliol fins a l&#8217;1 de setembre<\/p>\n\n\n\n<p>L&#8217;Ajuntament de Torrent ha posat el punt i final este diumenge, 1 de setembre, a una intensa temporada estival en la Piscina Parc Vedat, situada en el Cam\u00ed Romeral. Les instal\u00b7lacions d&#8217;este parc aqu\u00e0tic han rebut un total de 38.929 visitants des de la seua obertura el passat 10 de juliol, com a alternativa d&#8217;oci refrescant i divertida per a milers de persones.<\/p>\n\n\n\n<p>Malgrat el retard inicial en l&#8217;obertura a causa de problemes t\u00e8cnics, solucionats amb la m\u00e0xima celeritat, la piscina ha superat totes les expectatives. Vesprada, dissabtes i festius han sigut els moments m\u00e9s concorreguts, amb una gran aflu\u00e8ncia de p\u00fablic de totes les edats. L&#8217;entrada per a adults ha sigut la m\u00e9s demandada, seguida de l&#8217;entrada jove, familiar i la destinada a jubilats, pensionistes i persones amb discapacitat.<\/p>\n\n\n\n<p>Cabe destacar que, para facilitar el acceso a las instalaciones, se ha puesto en marcha un servicio especial de autobuses que ha conectado el centro de la ciudad con el parque acu\u00e1tico.<\/p>\n\n\n\n<p>Guillermo Alonso del Real, concejal de Deportes y responsable de la Fundaci\u00f3n Deportiva Municipal, ha querido resaltar el excelente trabajo realizado por todo el equipo que ha hecho posible el funcionamiento de las instalaciones. <strong>\u201cEstamos muy satisfechos con la acogida que ha tenido la Piscina durante este verano. Ha sido un esfuerzo conjunto para poder ofrecer a nuestros vecinos y visitantes una alternativa de ocio de calidad. Agradezco a todo el personal su dedicaci\u00f3n y profesionalidad\u201d<\/strong>, ha afirmado.<\/p>\n\n\n\n<p><strong>Un estiu d&#8217;activitats<\/strong><\/p>\n\n\n\n<p>El Parc Aqu\u00e0tic no sols ha sigut un lloc per a refrescar-se, sin\u00f3 tamb\u00e9 un espai per a la diversi\u00f3 i l&#8217;esport. Al llarg de l&#8217;estiu s&#8217;han organitzat nombrosos campus esportius i activitats en grup, a m\u00e9s d&#8217;oferir entrada gratu\u00efta als menors de tres anys.<\/p>\n\n\n\n<figure class=\"wp-block-image size-large\"><img fetchpriority=\"high\" decoding=\"async\" width=\"1024\" height=\"655\" src=\"https:\/\/infotorrent.es\/wp-content\/uploads\/2024\/09\/PISCINA-1024x655.jpeg\" alt=\"\" class=\"wp-image-71465\" srcset=\"https:\/\/infotorrent.es\/wp-content\/uploads\/2024\/09\/PISCINA-1024x655.jpeg 1024w, https:\/\/infotorrent.es\/wp-content\/uploads\/2024\/09\/PISCINA-300x192.jpeg 300w, https:\/\/infotorrent.es\/wp-content\/uploads\/2024\/09\/PISCINA-768x492.jpeg 768w, https:\/\/infotorrent.es\/wp-content\/uploads\/2024\/09\/PISCINA-1536x983.jpeg 1536w, https:\/\/infotorrent.es\/wp-content\/uploads\/2024\/09\/PISCINA.jpeg 1600w\" sizes=\"(max-width: 1024px) 100vw, 1024px\" \/><\/figure>\n","protected":false},"excerpt":{"rendered":"<p>38.929 persones han gaudit de les instal\u00b7lacions del parc aqu\u00e0tic des del 10 de juliol fins a l&#8217;1 de setembre L&#8217;Ajuntament de Torrent ha posat el punt i final este diumenge, 1 de setembre, a una intensa temporada estival en la Piscina Parc Vedat, situada en el Cam\u00ed Romeral. Les instal\u00b7lacions d&#8217;este parc aqu\u00e0tic han [&hellip;]<\/p>\n","protected":false},"author":16,"featured_media":71470,"comment_status":"open","ping_status":"open","sticky":false,"template":"","format":"standard","meta":{"_acf_changed":false,"footnotes":""},"categories":[1186],"tags":[],"class_list":["post-71469","post","type-post","status-publish","format-standard","has-post-thumbnail","hentry","category-deporte-ca"],"acf":[],"_links":{"self":[{"href":"https:\/\/infotorrent.es\/ca\/wp-json\/wp\/v2\/posts\/71469","targetHints":{"allow":["GET"]}}],"collection":[{"href":"https:\/\/infotorrent.es\/ca\/wp-json\/wp\/v2\/posts"}],"about":[{"href":"https:\/\/infotorrent.es\/ca\/wp-json\/wp\/v2\/types\/post"}],"author":[{"embeddable":true,"href":"https:\/\/infotorrent.es\/ca\/wp-json\/wp\/v2\/users\/16"}],"replies":[{"embeddable":true,"href":"https:\/\/infotorrent.es\/ca\/wp-json\/wp\/v2\/comments?post=71469"}],"version-history":[{"count":1,"href":"https:\/\/infotorrent.es\/ca\/wp-json\/wp\/v2\/posts\/71469\/revisions"}],"predecessor-version":[{"id":71472,"href":"https:\/\/infotorrent.es\/ca\/wp-json\/wp\/v2\/posts\/71469\/revisions\/71472"}],"wp:featuredmedia":[{"embeddable":true,"href":"https:\/\/infotorrent.es\/ca\/wp-json\/wp\/v2\/media\/71470"}],"wp:attachment":[{"href":"https:\/\/infotorrent.es\/ca\/wp-json\/wp\/v2\/media?parent=71469"}],"wp:term":[{"taxonomy":"category","embeddable":true,"href":"https:\/\/infotorrent.es\/ca\/wp-json\/wp\/v2\/categories?post=71469"},{"taxonomy":"post_tag","embeddable":true,"href":"https:\/\/infotorrent.es\/ca\/wp-json\/wp\/v2\/tags?post=71469"}],"curies":[{"name":"wp","href":"https:\/\/api.w.org\/{rel}","templated":true}]}}