{"id":71058,"date":"2024-08-23T09:27:45","date_gmt":"2024-08-23T07:27:45","guid":{"rendered":"https:\/\/infotorrent.es\/?p=71058"},"modified":"2024-08-23T09:37:27","modified_gmt":"2024-08-23T07:37:27","slug":"agenda-del-fin-de-semana-en-torrent-23-al-25-de-agosto","status":"publish","type":"post","link":"https:\/\/infotorrent.es\/ca\/agenda-2-ca\/agenda-del-fin-de-semana-en-torrent-23-al-25-de-agosto\/","title":{"rendered":"Agenda del cap de setmana a Torrent (23 al 25 d&#8217;agost)"},"content":{"rendered":"\n<p>Estes s\u00f3n les propostes culturals, festives i d&#8217;oci que t&#8217;oferix la nostra ciutat per a este cap de setmana d&#8217;agost.<\/p>\n\n\n\n<p>Informaci\u00f3 d&#8217;Inter\u00e9s:<\/p>\n\n\n\n<p>\u2022 Programaci\u00f3 \u00abA la Lluna de Torrent\u00bb: De l&#8217;1 Al 31 d&#8217;agost \u00abUn torrent de festes\u00bb<em> <\/em><\/p>\n\n\n\n<p>\u2022 Inscripci\u00f3: Cursos formatius i l\u00fadics en el centre d&#8217;informaci\u00f3 juvenil: https:\/\/acurtar.link\/hUwnYA.<br>\u2022 Inscripci\u00f3: Preinscripci\u00f3 i matriculaci\u00f3, escola d&#8217;adults de Torrent per al curs 2024 \u2013 2025 (Fins al 27 de Setembre).<br>\u2022 Inscripcions 10K per al 8 de Setembre: https:\/\/acurtar.link\/w1Vr6G<br>\u2022 Inscripcions a la Summer Cycling: https:\/\/fccv.es<\/p>\n\n\n\n<p><strong>DIVENDRES 23 D&#8217;AGOST DE 2024.<\/strong><\/p>\n\n\n\n<p>\u2022 Festes d&#8217;urbanitzacions de Torrent, com les de Monte Levante i l\u2019Alberca. Consulta programaci\u00f3 en les seues xarxes socials.<\/p>\n\n\n\n<p>\u2022 20:00h. Els m\u00e9s xiquets podran disfrutar en <strong>El Pant\u00e0 <\/strong>dels <strong>contacontes de Laia<\/strong> (C\/Salamanca \u2013 junt a l&#8217;Ermita) <strong>#AlaLlunadeTorrent.<\/strong><\/p>\n\n\n\n<p>\u2022 22:30h. El Grup <strong>Duendes<\/strong> posar\u00e0 el toc musical i rumber a la vetlada, tamb\u00e9 en <strong>El Pant\u00e0<\/strong> (C\/Salamanca \u2013 junt a l&#8217;Ermita) <strong>#AlaLlunadeTorrent.<\/strong><\/p>\n\n\n\n<p>\u2022 22:30h. <strong>\u201cCinema a la Lluna\u201d<\/strong> ens porta la projecci\u00f3 de l&#8217;exitosa pel\u00b7l\u00edcula <strong>\u201cBarbie\u201d<\/strong>, en la <strong>Pla\u00e7a de la Llibertat. #AlaLlunadeTorrent.<\/strong><\/p>\n\n\n\n<p><\/p>\n\n\n\n<p><strong>DISSABTE 24 D&#8217;AGOST DE 2024.<\/strong><\/p>\n\n\n\n<p>\u2022 10:00h.<strong> II Moto Esmorzar <\/strong>organitzat per l&#8217;<strong>AV L\u2019Alberca <\/strong>al carrer Gladiol. (Reserves i tiquets contactant amb l&#8217;associaci\u00f3).<\/p>\n\n\n\n<p>\u2022 20:00h. L&#8217;<strong>AV l\u2019Alberca<\/strong> celebra la seua <strong>XX Llegua<\/strong> que \u00e9s a benefici de la protectora d&#8217;animals Petjades Trobades. (Inscripcions en l&#8217;associaci\u00f3). A m\u00e9s, hi haur\u00e0 servici de barra i sopar.<\/p>\n\n\n\n<p>\u2022 20:00h. La diversi\u00f3 per als m\u00e9s xicotets arriba de la m\u00e0 de <strong>Zapatones Clown<\/strong>, un espectacle de circ que tindr\u00e0 lloc en la <strong>Pla\u00e7a Am\u00e8rica. #AlaLlunadeTorrent<\/strong><\/p>\n\n\n\n<p>\u2022 22:30h. Disfrutarem del <strong>Tribut a l&#8217;\u00daltim de la Fila<\/strong> amb el grup <strong>Manolos Plateados<\/strong> en la <strong>Pla\u00e7a Am\u00e8rica. #AlaLlunadeTorrent.<\/strong><\/p>\n\n\n\n<p>\u2022 22:30h. <strong>\u201cCinema a la Lluna\u201d<\/strong> on disfrutarem de la pel\u00b7l\u00edcula <strong>\u201cCampeonex\u201d <\/strong>en la<strong> Pla\u00e7a de l&#8217;Esgl\u00e9sia. #AlaLlunadeTorrent<em>.<\/em><\/strong><\/p>\n","protected":false},"excerpt":{"rendered":"<p>Estes s\u00f3n les propostes culturals, festives i d&#8217;oci que t&#8217;oferix la nostra ciutat per a este cap de setmana d&#8217;agost. Informaci\u00f3 d&#8217;Inter\u00e9s: \u2022 Programaci\u00f3 \u00abA la Lluna de Torrent\u00bb: De l&#8217;1 Al 31 d&#8217;agost \u00abUn torrent de festes\u00bb \u2022 Inscripci\u00f3: Cursos formatius i l\u00fadics en el centre d&#8217;informaci\u00f3 juvenil: https:\/\/acurtar.link\/hUwnYA.\u2022 Inscripci\u00f3: Preinscripci\u00f3 i matriculaci\u00f3, escola [&hellip;]<\/p>\n","protected":false},"author":17,"featured_media":71059,"comment_status":"open","ping_status":"open","sticky":false,"template":"","format":"standard","meta":{"_acf_changed":false,"footnotes":""},"categories":[1157,125,148],"tags":[],"class_list":["post-71058","post","type-post","status-publish","format-standard","has-post-thumbnail","hentry","category-agenda-2-ca","category-agenda","category-agenda-es-3"],"acf":[],"_links":{"self":[{"href":"https:\/\/infotorrent.es\/ca\/wp-json\/wp\/v2\/posts\/71058","targetHints":{"allow":["GET"]}}],"collection":[{"href":"https:\/\/infotorrent.es\/ca\/wp-json\/wp\/v2\/posts"}],"about":[{"href":"https:\/\/infotorrent.es\/ca\/wp-json\/wp\/v2\/types\/post"}],"author":[{"embeddable":true,"href":"https:\/\/infotorrent.es\/ca\/wp-json\/wp\/v2\/users\/17"}],"replies":[{"embeddable":true,"href":"https:\/\/infotorrent.es\/ca\/wp-json\/wp\/v2\/comments?post=71058"}],"version-history":[{"count":2,"href":"https:\/\/infotorrent.es\/ca\/wp-json\/wp\/v2\/posts\/71058\/revisions"}],"predecessor-version":[{"id":71065,"href":"https:\/\/infotorrent.es\/ca\/wp-json\/wp\/v2\/posts\/71058\/revisions\/71065"}],"wp:featuredmedia":[{"embeddable":true,"href":"https:\/\/infotorrent.es\/ca\/wp-json\/wp\/v2\/media\/71059"}],"wp:attachment":[{"href":"https:\/\/infotorrent.es\/ca\/wp-json\/wp\/v2\/media?parent=71058"}],"wp:term":[{"taxonomy":"category","embeddable":true,"href":"https:\/\/infotorrent.es\/ca\/wp-json\/wp\/v2\/categories?post=71058"},{"taxonomy":"post_tag","embeddable":true,"href":"https:\/\/infotorrent.es\/ca\/wp-json\/wp\/v2\/tags?post=71058"}],"curies":[{"name":"wp","href":"https:\/\/api.w.org\/{rel}","templated":true}]}}