{"id":71034,"date":"2024-08-22T11:14:32","date_gmt":"2024-08-22T09:14:32","guid":{"rendered":"https:\/\/infotorrent.es\/uncategorized\/torrent-se-prepara-para-la-summer-cycling-challenge\/"},"modified":"2024-08-22T11:17:23","modified_gmt":"2024-08-22T09:17:23","slug":"torrent-se-prepara-para-la-summer-cycling-challenge","status":"publish","type":"post","link":"https:\/\/infotorrent.es\/ca\/deporte-ca\/torrent-se-prepara-para-la-summer-cycling-challenge\/","title":{"rendered":"Torrent es prepara per a la Summer Cycling Challenge"},"content":{"rendered":"\n<p>La prova ciclista tindr\u00e0 lloc el divendres 30 d&#8217;agost a les 17.00 hores amb eixida i meta en l&#8217;Avinguda Sant Lorenzo<\/p>\n\n\n\n<p>La ciutat de Torrent acull el pr\u00f2xim 30 d&#8217;agost la celebraci\u00f3 del Summer Cycling Challenge \u2013 Torrent. Una prova ciclista que promet reunir nombrosos aficionats a les dos rodes i que compta amb la col\u00b7laboraci\u00f3 de l&#8217;Ajuntament, la Penya Ciclista Torrent i la Fundaci\u00f3 Esportiva Municipal (FDM).<\/p>\n\n\n\n<p>Amb eixida i meta en l&#8217;Avinguda Sant Lorenzo, a l&#8217;esplanada situada entre els restaurants Balc\u00f3 del Vedat i La Torreta 1888, a partir de les 17.00 hores, els participants gaudiran d&#8217;un recorregut d&#8217;aproximadament una hora i trenta minuts pel Vedat. La prova, organitzada pel Club Esportiu Montiz, Javier Montaner, i amb la col\u00b7laboraci\u00f3 de la Penya Ciclista Torrent i l&#8217;FDM, ha sigut dissenyada per a posar a prova la resist\u00e8ncia i habilitat dels ciclistes, amb un recorregut de 58,5 km amb un total de 13 voltes.<\/p>\n\n\n\n<p>La inscripci\u00f3, nom\u00e9s per a Federats, pot realitzar-se fins al pr\u00f2xim 28 d&#8217;agost a les 20 hores a trav\u00e9s de www.fccv.es, amb un preu de dorsal de 15,99\u20ac.<\/p>\n\n\n\n<p><strong>Corts en el tr\u00e0nsit i modificacions en l&#8217;horari de la piscina<\/strong><\/p>\n\n\n\n<p>Per a facilitar el desenrotllament de la prova, la piscina municipal ajustar\u00e0 el seu horari, obrint d&#8217;11.00 a 15.00 hores. D&#8217;esta manera, a les 15.30 hores la zona de vehicles haur\u00e0 de quedar completament buidada per al muntatge de l&#8217;esdeveniment.<\/p>\n\n\n\n<p>El servici d&#8217;autobusos es veur\u00e0 afectat pels talls del tr\u00e0nsit en el recorregut, en les avingudes de Sant Lorenzo, Al Vedat, Cam\u00ed del Romeral, i les calles Pintor Pablo Picasso, Pintor Sorolla, Mes de Muntanyeta i La Corunya, des de les 15.30 hores fins a la finalitzaci\u00f3 de la prova. Aix\u00ed mateix, l&#8217;autob\u00fas de la Piscina realitzar\u00e0 un \u00faltim servici a les 15.15 hores.<\/p>\n\n\n\n<p>El Regidor d&#8217;Esports, Guillermo Alonso del Real, ha destacat la import\u00e0ncia d&#8217;este esdeveniment esportiu per a la ciutat posant en valor la Summer Cycling Challenge com <strong>\u201cuna oportunitat per a promocionar Torrent com un dest\u00ed atractiu per als amants del ciclisme i fomentar la pr\u00e0ctica esportiva entre els nostres ve\u00efns. Estem conven\u00e7uts que ser\u00e0 un \u00e8xit i animem a tots els ciclistes a participar&#8221;<\/strong>.<\/p>\n\n\n\n<p>La Summer Cycling Challenge \u2013 Torrent no sols \u00e9s una oportunitat per als amants del ciclisme, sin\u00f3 tamb\u00e9 una ocasi\u00f3 per a gaudir d&#8217;un dia en fam\u00edlia. Els ve\u00efns i ve\u00efnes de Torrent estan convidats a animar als participants i a gaudir de l&#8217;ambient festiu de la prova.<\/p>\n\n\n\n<figure class=\"wp-block-image size-large\"><img fetchpriority=\"high\" decoding=\"async\" width=\"1024\" height=\"683\" src=\"https:\/\/infotorrent.es\/wp-content\/uploads\/2024\/08\/SUMMER-CYCLING-1024x683.jpg\" alt=\"\" class=\"wp-image-71028\" srcset=\"https:\/\/infotorrent.es\/wp-content\/uploads\/2024\/08\/SUMMER-CYCLING-1024x683.jpg 1024w, https:\/\/infotorrent.es\/wp-content\/uploads\/2024\/08\/SUMMER-CYCLING-300x200.jpg 300w, https:\/\/infotorrent.es\/wp-content\/uploads\/2024\/08\/SUMMER-CYCLING-768x512.jpg 768w, https:\/\/infotorrent.es\/wp-content\/uploads\/2024\/08\/SUMMER-CYCLING-1536x1024.jpg 1536w, https:\/\/infotorrent.es\/wp-content\/uploads\/2024\/08\/SUMMER-CYCLING.jpg 1620w\" sizes=\"(max-width: 1024px) 100vw, 1024px\" \/><\/figure>\n\n\n\n<figure class=\"wp-block-image size-full is-resized\"><img decoding=\"async\" width=\"799\" height=\"800\" src=\"https:\/\/infotorrent.es\/wp-content\/uploads\/2024\/08\/Recorrido-Carrera-Ciclista-30-08-2024.png\" alt=\"\" class=\"wp-image-71030\" style=\"width:841px;height:auto\" srcset=\"https:\/\/infotorrent.es\/wp-content\/uploads\/2024\/08\/Recorrido-Carrera-Ciclista-30-08-2024.png 799w, https:\/\/infotorrent.es\/wp-content\/uploads\/2024\/08\/Recorrido-Carrera-Ciclista-30-08-2024-300x300.png 300w, https:\/\/infotorrent.es\/wp-content\/uploads\/2024\/08\/Recorrido-Carrera-Ciclista-30-08-2024-150x150.png 150w, https:\/\/infotorrent.es\/wp-content\/uploads\/2024\/08\/Recorrido-Carrera-Ciclista-30-08-2024-768x769.png 768w, https:\/\/infotorrent.es\/wp-content\/uploads\/2024\/08\/Recorrido-Carrera-Ciclista-30-08-2024-700x700.png 700w\" sizes=\"(max-width: 799px) 100vw, 799px\" \/><\/figure>\n","protected":false},"excerpt":{"rendered":"<p>La prova ciclista tindr\u00e0 lloc el divendres 30 d&#8217;agost a les 17.00 hores amb eixida i meta en l&#8217;Avinguda Sant Lorenzo La ciutat de Torrent acull el pr\u00f2xim 30 d&#8217;agost la celebraci\u00f3 del Summer Cycling Challenge \u2013 Torrent. Una prova ciclista que promet reunir nombrosos aficionats a les dos rodes i que compta amb la [&hellip;]<\/p>\n","protected":false},"author":16,"featured_media":71035,"comment_status":"open","ping_status":"open","sticky":false,"template":"","format":"standard","meta":{"_acf_changed":false,"footnotes":""},"categories":[1186],"tags":[],"class_list":["post-71034","post","type-post","status-publish","format-standard","has-post-thumbnail","hentry","category-deporte-ca"],"acf":[],"_links":{"self":[{"href":"https:\/\/infotorrent.es\/ca\/wp-json\/wp\/v2\/posts\/71034","targetHints":{"allow":["GET"]}}],"collection":[{"href":"https:\/\/infotorrent.es\/ca\/wp-json\/wp\/v2\/posts"}],"about":[{"href":"https:\/\/infotorrent.es\/ca\/wp-json\/wp\/v2\/types\/post"}],"author":[{"embeddable":true,"href":"https:\/\/infotorrent.es\/ca\/wp-json\/wp\/v2\/users\/16"}],"replies":[{"embeddable":true,"href":"https:\/\/infotorrent.es\/ca\/wp-json\/wp\/v2\/comments?post=71034"}],"version-history":[{"count":1,"href":"https:\/\/infotorrent.es\/ca\/wp-json\/wp\/v2\/posts\/71034\/revisions"}],"predecessor-version":[{"id":71037,"href":"https:\/\/infotorrent.es\/ca\/wp-json\/wp\/v2\/posts\/71034\/revisions\/71037"}],"wp:featuredmedia":[{"embeddable":true,"href":"https:\/\/infotorrent.es\/ca\/wp-json\/wp\/v2\/media\/71035"}],"wp:attachment":[{"href":"https:\/\/infotorrent.es\/ca\/wp-json\/wp\/v2\/media?parent=71034"}],"wp:term":[{"taxonomy":"category","embeddable":true,"href":"https:\/\/infotorrent.es\/ca\/wp-json\/wp\/v2\/categories?post=71034"},{"taxonomy":"post_tag","embeddable":true,"href":"https:\/\/infotorrent.es\/ca\/wp-json\/wp\/v2\/tags?post=71034"}],"curies":[{"name":"wp","href":"https:\/\/api.w.org\/{rel}","templated":true}]}}