{"id":70957,"date":"2024-08-20T09:34:22","date_gmt":"2024-08-20T09:34:22","guid":{"rendered":"https:\/\/infotorrent.es\/uncategorized\/torrent-mantiene-su-compromiso-de-retirar-las-palmeras-que-suponen-un-mayor-riesgo\/"},"modified":"2024-08-20T09:44:31","modified_gmt":"2024-08-20T09:44:31","slug":"torrent-mantiene-su-compromiso-de-retirar-las-palmeras-que-suponen-un-mayor-riesgo","status":"publish","type":"post","link":"https:\/\/infotorrent.es\/ca\/medio-ambiente-2\/torrent-mantiene-su-compromiso-de-retirar-las-palmeras-que-suponen-un-mayor-riesgo\/","title":{"rendered":"Torrent mant\u00e9 el seu comprom\u00eds de retirar les palmeres que suposen un major risc"},"content":{"rendered":"\n<p><strong>Esta setmana es procedir\u00e0 a la retirada de 31 palmeres, 27 washingtonias i 4 phoenix, situades a banda i banda del carrer Sant Valeriano<\/strong><\/p>\n\n\n\n<p><strong>La mesura s&#8217;adopta davant les reiterades reivindicacions ve\u00efnals per motiu d&#8217;inseguretat i insalubritat, des de fa molts anys<\/strong><\/p>\n\n\n\n<p>L&#8217;alcaldessa accidental, Sonia Roca, el regidor de l&#8217;\u00c0rea d&#8217;Urbanisme, Vivenda i Medi Ambient, Jos\u00e9 Gozalvo i la t\u00e8cnic de Nous Espais, han visitat les actuacions que es van iniciar dilluns passat, de retirada de les palmeres que presenten major risc al carrer Sant Valeriano. Esta acci\u00f3 se suma a les ja retirades durant els mesos de juny i juliol, que seran reposades per un arbratge de menor altura i que presente un menor risc per als ve\u00efns.<\/p>\n\n\n\n<p>A mitjan juny i despr\u00e9s de la caiguda d&#8217;una palmera al carrer Sant Valeriano, que va ferir a una persona i va danyar tres vehicles, a petici\u00f3 de l&#8217;Ajuntament, un equip de t\u00e8cnics especialitzats es va despla\u00e7ar des d&#8217;Elx fins a Torrent per a revisar una a una les palmeres dels carrers German\u00edes, Sant Valeriano i Ram\u00f3n y Cajal. Despr\u00e9s de la inspecci\u00f3, es va realitzar una primera intervenci\u00f3 d&#8217;urg\u00e8ncia i poda preventiva, en la qual es van retirar quatre palmeres, dos al carrer Ram\u00f3n y Cajal i dos al carrer Sant Valeriano.<\/p>\n\n\n\n<p>Les palmeres que estan sent retirades tenen m\u00e9s de 40 anys i es troben en voreres estretes, la qual cosa genera problemes amb rosegadors i coloms. A aix\u00f2 se sumen les mol\u00e8sties ocasionades per les fulles que aconseguixen les vivendes i que han de ser podades amb freq\u00fc\u00e8ncia, amb grues i personal especialitzat. Esta mesura s&#8217;emmarca dins del pla de renovaci\u00f3 de l&#8217;arbratge als carrers Sant Valeriano, Germanies i Ram\u00f3n y Cajal, anunciat per l&#8217;alcaldessa, Amparo Folgado. Una reivindicaci\u00f3 hist\u00f2rica dels ve\u00efns d&#8217;estes zones, que dia rere dia han patit la inseguretat i insalubritat provocades per la gran altura i l&#8217;estat d&#8217;estes.<\/p>\n\n\n\n<p>En esta nova fase, que ha comen\u00e7at este dilluns, s&#8217;actuar\u00e0 de nou al carrer Sant Valeriano amb el seg\u00fcent planning setmanal de treball, que preveu:<\/p>\n\n\n\n<p><strong>Dilluns 19 i dimarts 20 d&#8217;agost<\/strong><\/p>\n\n\n\n<p>Al carrer Sant Valeriano, en el tram des de l&#8217;Av. al Vedat fins a Germanies, en el costat dels nombres parells), procedint al tall del carrer. Es retiraran 12 washingtonias.<\/p>\n\n\n\n<p><strong>Dimarts 20 i dimecres 21 d&#8217;agost<\/strong><\/p>\n\n\n\n<p>Al carrer Sant Valeriano, en el tram des de l&#8217;Av. al Vedat fins a Germanies, en el costat dels nombres imparells), procedint al tall del carrer. Es retiraran 6 washingtonias i 2 phoenix.<\/p>\n\n\n\n<p><strong>Dijous 22 i divendres 23 d&#8217;agost<\/strong><\/p>\n\n\n\n<p>Al carrer Sant Valeriano, en el tram des de Germanies fins a L&#8217;Horta, en tots dos costats, nombres parells i imparells), procedint al tall del carrer. Es retiraran 9 washingtonias i 2 phoenix.<\/p>\n\n\n\n<p>La previsi\u00f3 per a l&#8217;\u00faltima setmana d&#8217;agost i primera de setembre, depenent de la climatologia, \u00e9s que es retiren les palmeres del mateix carrer Sant Valeriano en els trams fins a Constituci\u00f3 en tots dos costats del carrer i el tram fins a Pintor Renau en els nombres parells.<\/p>\n\n\n\n<p>El regidor de l&#8217;\u00c0rea de Medi Ambient, Jos\u00e9 Gozalvo, ha manifestat que \u201cla decisi\u00f3 de retirar les palmeres s&#8217;ha pres amb el ferm comprom\u00eds de garantir la seguretat i benestar dels ve\u00efns i ve\u00efnes de Torrent, que en multitud d&#8217;ocasions ho havien sol\u00b7licitat. L&#8217;Ajuntament treballa de manera cont\u00ednua per a garantir un entorn urb\u00e0 segur i habitable, comprovant el bon estat dels arbres del municipi i invertir\u00e0 en la renovaci\u00f3 de l&#8217;arbratge de les zones que aix\u00ed ho requerisquen\u201d.<\/p>\n\n\n\n<figure class=\"wp-block-image size-large\"><img fetchpriority=\"high\" decoding=\"async\" width=\"1024\" height=\"683\" src=\"https:\/\/infotorrent.es\/wp-content\/uploads\/2024\/08\/Retirada-palmeras-San-Valeriano-3-1024x683.jpg\" alt=\"\" class=\"wp-image-70942\" srcset=\"https:\/\/infotorrent.es\/wp-content\/uploads\/2024\/08\/Retirada-palmeras-San-Valeriano-3-1024x683.jpg 1024w, https:\/\/infotorrent.es\/wp-content\/uploads\/2024\/08\/Retirada-palmeras-San-Valeriano-3-300x200.jpg 300w, https:\/\/infotorrent.es\/wp-content\/uploads\/2024\/08\/Retirada-palmeras-San-Valeriano-3-768x512.jpg 768w, https:\/\/infotorrent.es\/wp-content\/uploads\/2024\/08\/Retirada-palmeras-San-Valeriano-3-1536x1024.jpg 1536w, https:\/\/infotorrent.es\/wp-content\/uploads\/2024\/08\/Retirada-palmeras-San-Valeriano-3.jpg 1620w\" sizes=\"(max-width: 1024px) 100vw, 1024px\" \/><\/figure>\n\n\n\n<figure class=\"wp-block-gallery has-nested-images columns-default is-cropped wp-block-gallery-1 is-layout-flex wp-block-gallery-is-layout-flex\">\n<figure class=\"wp-block-image size-large\"><img decoding=\"async\" width=\"1024\" height=\"690\" data-id=\"70945\" src=\"https:\/\/infotorrent.es\/wp-content\/uploads\/2024\/08\/Retirada-palmeras-San-Valeriano-2-1024x690.jpg\" alt=\"\" class=\"wp-image-70945\" srcset=\"https:\/\/infotorrent.es\/wp-content\/uploads\/2024\/08\/Retirada-palmeras-San-Valeriano-2-1024x690.jpg 1024w, https:\/\/infotorrent.es\/wp-content\/uploads\/2024\/08\/Retirada-palmeras-San-Valeriano-2-300x202.jpg 300w, https:\/\/infotorrent.es\/wp-content\/uploads\/2024\/08\/Retirada-palmeras-San-Valeriano-2-768x517.jpg 768w, https:\/\/infotorrent.es\/wp-content\/uploads\/2024\/08\/Retirada-palmeras-San-Valeriano-2-1536x1035.jpg 1536w, https:\/\/infotorrent.es\/wp-content\/uploads\/2024\/08\/Retirada-palmeras-San-Valeriano-2.jpg 1545w\" sizes=\"(max-width: 1024px) 100vw, 1024px\" \/><\/figure>\n\n\n\n<figure class=\"wp-block-image size-large\"><img decoding=\"async\" width=\"1024\" height=\"683\" data-id=\"70947\" src=\"https:\/\/infotorrent.es\/wp-content\/uploads\/2024\/08\/Retirada-palmeras-San-Valeriano-5-1024x683.jpg\" alt=\"\" class=\"wp-image-70947\" srcset=\"https:\/\/infotorrent.es\/wp-content\/uploads\/2024\/08\/Retirada-palmeras-San-Valeriano-5-1024x683.jpg 1024w, https:\/\/infotorrent.es\/wp-content\/uploads\/2024\/08\/Retirada-palmeras-San-Valeriano-5-300x200.jpg 300w, https:\/\/infotorrent.es\/wp-content\/uploads\/2024\/08\/Retirada-palmeras-San-Valeriano-5-768x512.jpg 768w, https:\/\/infotorrent.es\/wp-content\/uploads\/2024\/08\/Retirada-palmeras-San-Valeriano-5-1536x1024.jpg 1536w, https:\/\/infotorrent.es\/wp-content\/uploads\/2024\/08\/Retirada-palmeras-San-Valeriano-5.jpg 1620w\" sizes=\"(max-width: 1024px) 100vw, 1024px\" \/><\/figure>\n\n\n\n<figure class=\"wp-block-image size-large\"><img loading=\"lazy\" decoding=\"async\" width=\"1024\" height=\"683\" data-id=\"70953\" src=\"https:\/\/infotorrent.es\/wp-content\/uploads\/2024\/08\/Retirada-palmeras-San-Valeriano-6-1024x683.jpg\" alt=\"\" class=\"wp-image-70953\" srcset=\"https:\/\/infotorrent.es\/wp-content\/uploads\/2024\/08\/Retirada-palmeras-San-Valeriano-6-1024x683.jpg 1024w, https:\/\/infotorrent.es\/wp-content\/uploads\/2024\/08\/Retirada-palmeras-San-Valeriano-6-300x200.jpg 300w, https:\/\/infotorrent.es\/wp-content\/uploads\/2024\/08\/Retirada-palmeras-San-Valeriano-6-768x512.jpg 768w, https:\/\/infotorrent.es\/wp-content\/uploads\/2024\/08\/Retirada-palmeras-San-Valeriano-6-1536x1024.jpg 1536w, https:\/\/infotorrent.es\/wp-content\/uploads\/2024\/08\/Retirada-palmeras-San-Valeriano-6.jpg 1620w\" sizes=\"(max-width: 1024px) 100vw, 1024px\" \/><\/figure>\n\n\n\n<figure class=\"wp-block-image size-large\"><img loading=\"lazy\" decoding=\"async\" width=\"1024\" height=\"683\" data-id=\"70951\" src=\"https:\/\/infotorrent.es\/wp-content\/uploads\/2024\/08\/Retirada-palmeras-San-Valeriano-7-1024x683.jpg\" alt=\"\" class=\"wp-image-70951\" srcset=\"https:\/\/infotorrent.es\/wp-content\/uploads\/2024\/08\/Retirada-palmeras-San-Valeriano-7-1024x683.jpg 1024w, https:\/\/infotorrent.es\/wp-content\/uploads\/2024\/08\/Retirada-palmeras-San-Valeriano-7-300x200.jpg 300w, https:\/\/infotorrent.es\/wp-content\/uploads\/2024\/08\/Retirada-palmeras-San-Valeriano-7-768x512.jpg 768w, https:\/\/infotorrent.es\/wp-content\/uploads\/2024\/08\/Retirada-palmeras-San-Valeriano-7-1536x1024.jpg 1536w, https:\/\/infotorrent.es\/wp-content\/uploads\/2024\/08\/Retirada-palmeras-San-Valeriano-7.jpg 1620w\" sizes=\"(max-width: 1024px) 100vw, 1024px\" \/><\/figure>\n\n\n\n<figure class=\"wp-block-image size-large\"><img loading=\"lazy\" decoding=\"async\" width=\"1024\" height=\"683\" data-id=\"70949\" src=\"https:\/\/infotorrent.es\/wp-content\/uploads\/2024\/08\/Retirada-palmeras-San-Valeriano-8-1024x683.jpg\" alt=\"\" class=\"wp-image-70949\" srcset=\"https:\/\/infotorrent.es\/wp-content\/uploads\/2024\/08\/Retirada-palmeras-San-Valeriano-8-1024x683.jpg 1024w, https:\/\/infotorrent.es\/wp-content\/uploads\/2024\/08\/Retirada-palmeras-San-Valeriano-8-300x200.jpg 300w, https:\/\/infotorrent.es\/wp-content\/uploads\/2024\/08\/Retirada-palmeras-San-Valeriano-8-768x512.jpg 768w, https:\/\/infotorrent.es\/wp-content\/uploads\/2024\/08\/Retirada-palmeras-San-Valeriano-8-1536x1024.jpg 1536w, https:\/\/infotorrent.es\/wp-content\/uploads\/2024\/08\/Retirada-palmeras-San-Valeriano-8.jpg 1620w\" sizes=\"(max-width: 1024px) 100vw, 1024px\" \/><\/figure>\n<\/figure>\n","protected":false},"excerpt":{"rendered":"<p>Esta setmana es procedir\u00e0 a la retirada de 31 palmeres, 27 washingtonias i 4 phoenix, situades a banda i banda del carrer Sant Valeriano La mesura s&#8217;adopta davant les reiterades reivindicacions ve\u00efnals per motiu d&#8217;inseguretat i insalubritat, des de fa molts anys L&#8217;alcaldessa accidental, Sonia Roca, el regidor de l&#8217;\u00c0rea d&#8217;Urbanisme, Vivenda i Medi Ambient, [&hellip;]<\/p>\n","protected":false},"author":2,"featured_media":70958,"comment_status":"open","ping_status":"open","sticky":false,"template":"","format":"standard","meta":{"_acf_changed":false,"footnotes":""},"categories":[138,1142],"tags":[],"class_list":["post-70957","post","type-post","status-publish","format-standard","has-post-thumbnail","hentry","category-medio-ambiente-2","category-medio-ambiente-noticias-ca"],"acf":[],"_links":{"self":[{"href":"https:\/\/infotorrent.es\/ca\/wp-json\/wp\/v2\/posts\/70957","targetHints":{"allow":["GET"]}}],"collection":[{"href":"https:\/\/infotorrent.es\/ca\/wp-json\/wp\/v2\/posts"}],"about":[{"href":"https:\/\/infotorrent.es\/ca\/wp-json\/wp\/v2\/types\/post"}],"author":[{"embeddable":true,"href":"https:\/\/infotorrent.es\/ca\/wp-json\/wp\/v2\/users\/2"}],"replies":[{"embeddable":true,"href":"https:\/\/infotorrent.es\/ca\/wp-json\/wp\/v2\/comments?post=70957"}],"version-history":[{"count":1,"href":"https:\/\/infotorrent.es\/ca\/wp-json\/wp\/v2\/posts\/70957\/revisions"}],"predecessor-version":[{"id":70971,"href":"https:\/\/infotorrent.es\/ca\/wp-json\/wp\/v2\/posts\/70957\/revisions\/70971"}],"wp:featuredmedia":[{"embeddable":true,"href":"https:\/\/infotorrent.es\/ca\/wp-json\/wp\/v2\/media\/70958"}],"wp:attachment":[{"href":"https:\/\/infotorrent.es\/ca\/wp-json\/wp\/v2\/media?parent=70957"}],"wp:term":[{"taxonomy":"category","embeddable":true,"href":"https:\/\/infotorrent.es\/ca\/wp-json\/wp\/v2\/categories?post=70957"},{"taxonomy":"post_tag","embeddable":true,"href":"https:\/\/infotorrent.es\/ca\/wp-json\/wp\/v2\/tags?post=70957"}],"curies":[{"name":"wp","href":"https:\/\/api.w.org\/{rel}","templated":true}]}}