{"id":70872,"date":"2024-08-16T11:05:00","date_gmt":"2024-08-16T11:05:00","guid":{"rendered":"https:\/\/infotorrent.es\/?p=70872"},"modified":"2024-08-16T11:03:44","modified_gmt":"2024-08-16T11:03:44","slug":"torrent-remodelara-el-parque-de-la-plaza-america","status":"publish","type":"post","link":"https:\/\/infotorrent.es\/ca\/urbanismo-noticias-ca\/torrent-remodelara-el-parque-de-la-plaza-america\/","title":{"rendered":"Torrent remodelar\u00e0 el Parc de la Pla\u00e7a Am\u00e8rica"},"content":{"rendered":"\n<h4 class=\"wp-block-heading\">L&#8217;Ajuntament est\u00e0 estudiant el disseny d&#8217;este espai emblem\u00e0tic que es renovar\u00e0 i modernitzar\u00e0 per al gaudi dels ve\u00efns<\/h4>\n\n\n\n<p>L&#8217;alcaldessa accidental, Amparo Chust acompanyada del regidor de l&#8217;\u00c0rea de Medi Ambient Jos\u00e9 Gozalvo i del t\u00e8cnic municipal, han visitat el parc de la Pla\u00e7a Am\u00e8rica, on han anunciat que s&#8217;est\u00e0 treballant en el projecte de la remodelaci\u00f3 del futur disseny d&#8217;este espai verd emblem\u00e0tic per als torrentins, que busca revitalitzar este espai verd.<\/p>\n\n\n\n<p>Dins de l&#8217;estudi del conjunt de parcs i jardins que patiran una renovaci\u00f3 i millora en el seu disseny i equipaments, l&#8217;equip de govern vol comen\u00e7ar per este ambici\u00f3s projecte, que busca revitalitzar este important espai verd i convertir-ho en un lloc de trobada i esplai, confirmant el ferm comprom\u00eds de l&#8217;Ajuntament per convertir Torrent en una ciutat verda real, on el benestar i qualitat de vida dels ciutadans i la sostenibilitat urbana siga la nostra principal estrat\u00e8gia.<\/p>\n\n\n\n<p>La remodelaci\u00f3 del Parc de la Pla\u00e7a Am\u00e8rica, que disposa d&#8217;un pressupost de 50.000 \u20ac, busca millorar l&#8217;est\u00e8tica i funcionalitat, juntament amb la modernitzaci\u00f3 de les seues instal\u00b7lacions, millorant la il\u00b7luminaci\u00f3, incorporant tecnologia led moderna i energ\u00e8ticament eficient per a augmentar la seguretat i el gaudi de l&#8217;espai en hores nocturnes. S&#8217;eliminaran zones amb estructures de formig\u00f3 augmentant l&#8217;accessibilitat del jard\u00ed, incrementant les \u00e0rees verdes per al gaudi dels ciutadans, zones de descans, passejos accessibles, implementant una jardineria sostenible i instal\u00b7laran jocs infantils.<\/p>\n\n\n\n<p>Aix\u00ed mateix, entre les millores previstes d&#8217;esta intervenci\u00f3 de remodelaci\u00f3 s&#8217;inclouen: un disseny paisatg\u00edstic modern i atractiu, la instal\u00b7laci\u00f3 de nous sistemes de reg eficients, la introducci\u00f3 d&#8217;esp\u00e8cies vegetals adaptades al clima local, nou arbratge per a proporcionar ombra i materials respectuosos amb el medi ambient que faciliten el seu manteniment, la creaci\u00f3 d&#8217;espais de descans i jocs infantils i la creaci\u00f3 de zones d&#8217;oci i entreteniment on l&#8217;Ajuntament puga realitzar activitats culturals i festives des de les seues diferents \u00e0rees, al llarg de tot l&#8217;any.<\/p>\n\n\n\n<p>Preservarem i real\u00e7arem el car\u00e0cter commemoratiu del lloc, mantenint i destacant la placa en honor al sotsinspector de Policia Nacional Blas G\u00e1mez.<\/p>\n\n\n\n<p>El regidor de Medi Ambient, Jos\u00e9 Gozalvo, ha manifestat que \u201cla renovaci\u00f3 d&#8217;estes zones verdes, busquen crear un espai que no sols siga est\u00e8ticament agradable, sin\u00f3 tamb\u00e9 funcional, sostenible i significatiu per als ciutadans que proporcione \u00e0rees agradables per al descans, esplai i jocs segurs per als m\u00e9s xicotets. A m\u00e9s, es construir\u00e0 un escenari amb visibilitat des de qualsevol angle per a poder celebrar activitats i esdeveniments culturals de l&#8217;Ajuntament, conjugant l&#8217;\u00fas com a zona verda i cultural\u201d.<\/p>\n\n\n\n<p>\u201cEsta intervenci\u00f3 de remodelaci\u00f3 s&#8217;alinea amb les tend\u00e8ncies actuals que emfatitzen la creaci\u00f3 d&#8217;espais verds sostenibles i funcionals. Reafirmem amb este projecte de gran magnitud, el primer, de futures remodelacions de parcs i jard\u00ednes, reafirmant el nostre comprom\u00eds amb la sostenibilitat urbana, el medi ambient i el benestar dels nostres ve\u00efns\u201d, ha assenyalat Jos\u00e9 Gozalvo.<\/p>\n\n\n\n<figure class=\"wp-block-image size-large\"><img fetchpriority=\"high\" decoding=\"async\" width=\"1024\" height=\"682\" src=\"https:\/\/infotorrent.es\/wp-content\/uploads\/2024\/08\/parque1-1024x682.jpg\" alt=\"\" class=\"wp-image-70858\" srcset=\"https:\/\/infotorrent.es\/wp-content\/uploads\/2024\/08\/parque1-1024x682.jpg 1024w, https:\/\/infotorrent.es\/wp-content\/uploads\/2024\/08\/parque1-300x200.jpg 300w, https:\/\/infotorrent.es\/wp-content\/uploads\/2024\/08\/parque1-768x512.jpg 768w, https:\/\/infotorrent.es\/wp-content\/uploads\/2024\/08\/parque1-1536x1023.jpg 1536w, https:\/\/infotorrent.es\/wp-content\/uploads\/2024\/08\/parque1.jpg 1600w\" sizes=\"(max-width: 1024px) 100vw, 1024px\" \/><\/figure>\n\n\n\n<figure class=\"wp-block-image size-large\"><img decoding=\"async\" width=\"1024\" height=\"682\" src=\"https:\/\/infotorrent.es\/wp-content\/uploads\/2024\/08\/parque2-1024x682.jpg\" alt=\"\" class=\"wp-image-70860\" srcset=\"https:\/\/infotorrent.es\/wp-content\/uploads\/2024\/08\/parque2-1024x682.jpg 1024w, https:\/\/infotorrent.es\/wp-content\/uploads\/2024\/08\/parque2-300x200.jpg 300w, https:\/\/infotorrent.es\/wp-content\/uploads\/2024\/08\/parque2-768x512.jpg 768w, https:\/\/infotorrent.es\/wp-content\/uploads\/2024\/08\/parque2-1536x1023.jpg 1536w, https:\/\/infotorrent.es\/wp-content\/uploads\/2024\/08\/parque2.jpg 1600w\" sizes=\"(max-width: 1024px) 100vw, 1024px\" \/><\/figure>\n\n\n\n<figure class=\"wp-block-image size-large\"><img decoding=\"async\" width=\"1024\" height=\"682\" src=\"https:\/\/infotorrent.es\/wp-content\/uploads\/2024\/08\/parque3-1024x682.jpg\" alt=\"\" class=\"wp-image-70862\" srcset=\"https:\/\/infotorrent.es\/wp-content\/uploads\/2024\/08\/parque3-1024x682.jpg 1024w, https:\/\/infotorrent.es\/wp-content\/uploads\/2024\/08\/parque3-300x200.jpg 300w, https:\/\/infotorrent.es\/wp-content\/uploads\/2024\/08\/parque3-768x512.jpg 768w, https:\/\/infotorrent.es\/wp-content\/uploads\/2024\/08\/parque3-1536x1023.jpg 1536w, https:\/\/infotorrent.es\/wp-content\/uploads\/2024\/08\/parque3.jpg 1600w\" sizes=\"(max-width: 1024px) 100vw, 1024px\" \/><\/figure>\n\n\n\n<figure class=\"wp-block-image size-large\"><img loading=\"lazy\" decoding=\"async\" width=\"1024\" height=\"682\" src=\"https:\/\/infotorrent.es\/wp-content\/uploads\/2024\/08\/parque4-1024x682.jpg\" alt=\"\" class=\"wp-image-70864\" srcset=\"https:\/\/infotorrent.es\/wp-content\/uploads\/2024\/08\/parque4-1024x682.jpg 1024w, https:\/\/infotorrent.es\/wp-content\/uploads\/2024\/08\/parque4-300x200.jpg 300w, https:\/\/infotorrent.es\/wp-content\/uploads\/2024\/08\/parque4-768x512.jpg 768w, https:\/\/infotorrent.es\/wp-content\/uploads\/2024\/08\/parque4-1536x1023.jpg 1536w, https:\/\/infotorrent.es\/wp-content\/uploads\/2024\/08\/parque4.jpg 1600w\" sizes=\"(max-width: 1024px) 100vw, 1024px\" \/><\/figure>\n\n\n\n<figure class=\"wp-block-image size-large\"><img loading=\"lazy\" decoding=\"async\" width=\"1024\" height=\"682\" src=\"https:\/\/infotorrent.es\/wp-content\/uploads\/2024\/08\/parque5-1024x682.jpg\" alt=\"\" class=\"wp-image-70866\" srcset=\"https:\/\/infotorrent.es\/wp-content\/uploads\/2024\/08\/parque5-1024x682.jpg 1024w, https:\/\/infotorrent.es\/wp-content\/uploads\/2024\/08\/parque5-300x200.jpg 300w, https:\/\/infotorrent.es\/wp-content\/uploads\/2024\/08\/parque5-768x512.jpg 768w, https:\/\/infotorrent.es\/wp-content\/uploads\/2024\/08\/parque5-1536x1023.jpg 1536w, https:\/\/infotorrent.es\/wp-content\/uploads\/2024\/08\/parque5.jpg 1600w\" sizes=\"(max-width: 1024px) 100vw, 1024px\" \/><\/figure>\n\n\n\n<figure class=\"wp-block-image size-large\"><img loading=\"lazy\" decoding=\"async\" width=\"1024\" height=\"682\" src=\"https:\/\/infotorrent.es\/wp-content\/uploads\/2024\/08\/parque6-1024x682.jpg\" alt=\"\" class=\"wp-image-70868\" srcset=\"https:\/\/infotorrent.es\/wp-content\/uploads\/2024\/08\/parque6-1024x682.jpg 1024w, https:\/\/infotorrent.es\/wp-content\/uploads\/2024\/08\/parque6-300x200.jpg 300w, https:\/\/infotorrent.es\/wp-content\/uploads\/2024\/08\/parque6-768x512.jpg 768w, https:\/\/infotorrent.es\/wp-content\/uploads\/2024\/08\/parque6-1536x1023.jpg 1536w, https:\/\/infotorrent.es\/wp-content\/uploads\/2024\/08\/parque6.jpg 1600w\" sizes=\"(max-width: 1024px) 100vw, 1024px\" \/><\/figure>\n","protected":false},"excerpt":{"rendered":"<p>L&#8217;Ajuntament est\u00e0 estudiant el disseny d&#8217;este espai emblem\u00e0tic que es renovar\u00e0 i modernitzar\u00e0 per al gaudi dels ve\u00efns L&#8217;alcaldessa accidental, Amparo Chust acompanyada del regidor de l&#8217;\u00c0rea de Medi Ambient Jos\u00e9 Gozalvo i del t\u00e8cnic municipal, han visitat el parc de la Pla\u00e7a Am\u00e8rica, on han anunciat que s&#8217;est\u00e0 treballant en el projecte de la [&hellip;]<\/p>\n","protected":false},"author":2,"featured_media":70876,"comment_status":"open","ping_status":"open","sticky":false,"template":"","format":"standard","meta":{"_acf_changed":false,"footnotes":""},"categories":[1160],"tags":[],"class_list":["post-70872","post","type-post","status-publish","format-standard","has-post-thumbnail","hentry","category-urbanismo-noticias-ca"],"acf":[],"_links":{"self":[{"href":"https:\/\/infotorrent.es\/ca\/wp-json\/wp\/v2\/posts\/70872","targetHints":{"allow":["GET"]}}],"collection":[{"href":"https:\/\/infotorrent.es\/ca\/wp-json\/wp\/v2\/posts"}],"about":[{"href":"https:\/\/infotorrent.es\/ca\/wp-json\/wp\/v2\/types\/post"}],"author":[{"embeddable":true,"href":"https:\/\/infotorrent.es\/ca\/wp-json\/wp\/v2\/users\/2"}],"replies":[{"embeddable":true,"href":"https:\/\/infotorrent.es\/ca\/wp-json\/wp\/v2\/comments?post=70872"}],"version-history":[{"count":1,"href":"https:\/\/infotorrent.es\/ca\/wp-json\/wp\/v2\/posts\/70872\/revisions"}],"predecessor-version":[{"id":70875,"href":"https:\/\/infotorrent.es\/ca\/wp-json\/wp\/v2\/posts\/70872\/revisions\/70875"}],"wp:featuredmedia":[{"embeddable":true,"href":"https:\/\/infotorrent.es\/ca\/wp-json\/wp\/v2\/media\/70876"}],"wp:attachment":[{"href":"https:\/\/infotorrent.es\/ca\/wp-json\/wp\/v2\/media?parent=70872"}],"wp:term":[{"taxonomy":"category","embeddable":true,"href":"https:\/\/infotorrent.es\/ca\/wp-json\/wp\/v2\/categories?post=70872"},{"taxonomy":"post_tag","embeddable":true,"href":"https:\/\/infotorrent.es\/ca\/wp-json\/wp\/v2\/tags?post=70872"}],"curies":[{"name":"wp","href":"https:\/\/api.w.org\/{rel}","templated":true}]}}