{"id":70609,"date":"2024-08-08T12:38:13","date_gmt":"2024-08-08T12:38:13","guid":{"rendered":"https:\/\/infotorrent.es\/uncategorized\/amparo-folgado-se-reune-con-carlos-haba-director-general-para-espana-y-portugal-de-jysk\/"},"modified":"2024-08-08T13:00:36","modified_gmt":"2024-08-08T13:00:36","slug":"amparo-folgado-se-reune-con-carlos-haba-director-general-para-espana-y-portugal-de-jysk","status":"publish","type":"post","link":"https:\/\/infotorrent.es\/ca\/comercio-2-ca\/amparo-folgado-se-reune-con-carlos-haba-director-general-para-espana-y-portugal-de-jysk\/","title":{"rendered":"Amparo Folgado es reunix amb Carlos Haba, Director General per a Espanya i Portugal de JYSK"},"content":{"rendered":"\n<h4 class=\"wp-block-heading\"><strong>La marca danesa de mobiliari i complements decoratius per a la llar ha decidit instal\u00b7lar-se a la ciutat de Torrent<\/strong><\/h4>\n\n\n\n<p>L&#8217;alcaldessa Amparo Folgado acompanyada de diversos regidors de l&#8217;equip de govern, ha visitat la botiga que obria hui les seues portes a Torrent, per a reunir-se amb Carlos Haba Ariza, Country Manager per a Espanya i Portugal de JYSK, marca danesa de mobiliari, complements decoratius i sistemes de descans per a la llar.<\/p>\n\n\n\n<p>JYSK \u00e9s una cadena minorista internacional d&#8217;origen dan\u00e9s especialitzada en articles per a la llar. Fundada en 1979 per Lars Larsen a la ciutat de Aarhus, Dinamarca, JYSK s&#8217;ha expandit significativament, despr\u00e9s d&#8217;obrir en 1984 la seua primera botiga fora del seu pa\u00eds i ara opera m\u00e9s de 3.400 botigues en 50 pa\u00efsos amb una plantilla de 26.500 empleats, convertint-se en el detallista dan\u00e9s m\u00e9s gran a nivell internacional.<\/p>\n\n\n\n<p>En una trobada molt distesa i cordial, l&#8217;alcaldessa ha volgut que les seues primeres paraules anaren de benvinguda, felicitaci\u00f3 i agra\u00efment per haver triat la ciutat de Torrent per a obrir una nova botiga de JYSK, una companyia en constant expansi\u00f3, comptant a Espanya amb 136 botigues f\u00edsiques. La nova botiga se situa al Parc Empresarial El *Toll-L\u2019Alberca (centre comercial).<\/p>\n\n\n\n<p>En la nova botiga hi ha 10 empleats i un total de 16 ve\u00efns del municipi treballen per a la firma, que es distribu\u00efxen entre les botigues de Torrent, Bonaire, Arena, centre log\u00edstic i oficines centrals.<\/p>\n\n\n\n<p>L&#8217;alcaldessa Amparo Folgado ha volgut traslladar a Carlos Haba el suport de l&#8217;Ajuntament de Torrent i el seu particular, indicant-li que\u00a0\u201c\u00e9s una oportunitat \u00fanica que beneficiar\u00e0 tant a l&#8217;Ajuntament com a JYSK. Desitge el major dels desenrotllaments i expectatives per a l&#8217;empresa que sens dubte seran positives per a la ciutat de Torrent. En esta l\u00ednia continuarem treballant, en la d&#8217;atraure inversions que sens dubte donaran un impuls econ\u00f2mic, creant riquesa i ocupaci\u00f3\u201d.<\/p>\n\n\n\n<p>\u201c\u00c9s una aut\u00e8ntica satisfacci\u00f3 atraure i rebre a empreses i inversors que veuen a Torrent un potencial econ\u00f2mic real. Per al nostre govern \u00e9s prioritari exportar la imatge i marca de Torrent i posicionar la nostra gran ciutat en la Comunitat i Espanya, i en este cas, una marca internacional com JYSK, \u00e9s un esper\u00f3 per a continuar treballant en esta l\u00ednia estrat\u00e8gica que ens hem marcat des del comen\u00e7ament de mandat\u201d,\u00a0ha emfatitzat Amparo Folgado.<\/p>\n\n\n\n<p>Folgado li ha explicat a Carlos Haba\u00a0\u201cque els valors que representa la marca, segons el seu fundador Lars Larsen, que s&#8217;associen a la \u2018dedicaci\u00f3, humilitat i lleialtat\u2019 s&#8217;identifiquen total i plenament amb el car\u00e0cter i idiosincr\u00e0sia torrentina, per la qual cosa es trobaran com a casa\u201d.<\/p>\n\n\n\n<figure class=\"wp-block-image size-large\"><img fetchpriority=\"high\" decoding=\"async\" width=\"1024\" height=\"683\" src=\"https:\/\/infotorrent.es\/wp-content\/uploads\/2024\/08\/3-4-1024x683.jpg\" alt=\"\" class=\"wp-image-70593\" srcset=\"https:\/\/infotorrent.es\/wp-content\/uploads\/2024\/08\/3-4-1024x683.jpg 1024w, https:\/\/infotorrent.es\/wp-content\/uploads\/2024\/08\/3-4-300x200.jpg 300w, https:\/\/infotorrent.es\/wp-content\/uploads\/2024\/08\/3-4-768x512.jpg 768w, https:\/\/infotorrent.es\/wp-content\/uploads\/2024\/08\/3-4-1536x1024.jpg 1536w, https:\/\/infotorrent.es\/wp-content\/uploads\/2024\/08\/3-4-2048x1366.jpg 2048w\" sizes=\"(max-width: 1024px) 100vw, 1024px\" \/><\/figure>\n\n\n\n<figure class=\"wp-block-image size-large\"><img decoding=\"async\" width=\"1024\" height=\"683\" src=\"https:\/\/infotorrent.es\/wp-content\/uploads\/2024\/08\/1-4-1024x683.jpg\" alt=\"\" class=\"wp-image-70595\" srcset=\"https:\/\/infotorrent.es\/wp-content\/uploads\/2024\/08\/1-4-1024x683.jpg 1024w, https:\/\/infotorrent.es\/wp-content\/uploads\/2024\/08\/1-4-300x200.jpg 300w, https:\/\/infotorrent.es\/wp-content\/uploads\/2024\/08\/1-4-768x512.jpg 768w, https:\/\/infotorrent.es\/wp-content\/uploads\/2024\/08\/1-4-1536x1024.jpg 1536w, https:\/\/infotorrent.es\/wp-content\/uploads\/2024\/08\/1-4-2048x1366.jpg 2048w\" sizes=\"(max-width: 1024px) 100vw, 1024px\" \/><\/figure>\n\n\n\n<figure class=\"wp-block-gallery has-nested-images columns-default is-cropped wp-block-gallery-1 is-layout-flex wp-block-gallery-is-layout-flex\">\n<figure class=\"wp-block-image size-large\"><img decoding=\"async\" width=\"1024\" height=\"683\" data-id=\"70597\" src=\"https:\/\/infotorrent.es\/wp-content\/uploads\/2024\/08\/2-3-1024x683.jpg\" alt=\"\" class=\"wp-image-70597\" srcset=\"https:\/\/infotorrent.es\/wp-content\/uploads\/2024\/08\/2-3-1024x683.jpg 1024w, https:\/\/infotorrent.es\/wp-content\/uploads\/2024\/08\/2-3-300x200.jpg 300w, https:\/\/infotorrent.es\/wp-content\/uploads\/2024\/08\/2-3-768x512.jpg 768w, https:\/\/infotorrent.es\/wp-content\/uploads\/2024\/08\/2-3-1536x1024.jpg 1536w, https:\/\/infotorrent.es\/wp-content\/uploads\/2024\/08\/2-3-2048x1366.jpg 2048w\" sizes=\"(max-width: 1024px) 100vw, 1024px\" \/><\/figure>\n<\/figure>\n\n\n\n<figure class=\"wp-block-image size-large\"><img loading=\"lazy\" decoding=\"async\" width=\"1024\" height=\"683\" src=\"https:\/\/infotorrent.es\/wp-content\/uploads\/2024\/08\/4-3-1-1024x683.jpg\" alt=\"\" class=\"wp-image-70606\" srcset=\"https:\/\/infotorrent.es\/wp-content\/uploads\/2024\/08\/4-3-1-1024x683.jpg 1024w, https:\/\/infotorrent.es\/wp-content\/uploads\/2024\/08\/4-3-1-300x200.jpg 300w, https:\/\/infotorrent.es\/wp-content\/uploads\/2024\/08\/4-3-1-768x512.jpg 768w, https:\/\/infotorrent.es\/wp-content\/uploads\/2024\/08\/4-3-1-1536x1024.jpg 1536w, https:\/\/infotorrent.es\/wp-content\/uploads\/2024\/08\/4-3-1-2048x1365.jpg 2048w\" sizes=\"(max-width: 1024px) 100vw, 1024px\" \/><\/figure>\n","protected":false},"excerpt":{"rendered":"<p>La marca danesa de mobiliari i complements decoratius per a la llar ha decidit instal\u00b7lar-se a la ciutat de Torrent L&#8217;alcaldessa Amparo Folgado acompanyada de diversos regidors de l&#8217;equip de govern, ha visitat la botiga que obria hui les seues portes a Torrent, per a reunir-se amb Carlos Haba Ariza, Country Manager per a Espanya [&hellip;]<\/p>\n","protected":false},"author":2,"featured_media":70613,"comment_status":"open","ping_status":"open","sticky":false,"template":"","format":"standard","meta":{"_acf_changed":false,"footnotes":""},"categories":[1181],"tags":[],"class_list":["post-70609","post","type-post","status-publish","format-standard","has-post-thumbnail","hentry","category-comercio-2-ca"],"acf":[],"_links":{"self":[{"href":"https:\/\/infotorrent.es\/ca\/wp-json\/wp\/v2\/posts\/70609","targetHints":{"allow":["GET"]}}],"collection":[{"href":"https:\/\/infotorrent.es\/ca\/wp-json\/wp\/v2\/posts"}],"about":[{"href":"https:\/\/infotorrent.es\/ca\/wp-json\/wp\/v2\/types\/post"}],"author":[{"embeddable":true,"href":"https:\/\/infotorrent.es\/ca\/wp-json\/wp\/v2\/users\/2"}],"replies":[{"embeddable":true,"href":"https:\/\/infotorrent.es\/ca\/wp-json\/wp\/v2\/comments?post=70609"}],"version-history":[{"count":1,"href":"https:\/\/infotorrent.es\/ca\/wp-json\/wp\/v2\/posts\/70609\/revisions"}],"predecessor-version":[{"id":70612,"href":"https:\/\/infotorrent.es\/ca\/wp-json\/wp\/v2\/posts\/70609\/revisions\/70612"}],"wp:featuredmedia":[{"embeddable":true,"href":"https:\/\/infotorrent.es\/ca\/wp-json\/wp\/v2\/media\/70613"}],"wp:attachment":[{"href":"https:\/\/infotorrent.es\/ca\/wp-json\/wp\/v2\/media?parent=70609"}],"wp:term":[{"taxonomy":"category","embeddable":true,"href":"https:\/\/infotorrent.es\/ca\/wp-json\/wp\/v2\/categories?post=70609"},{"taxonomy":"post_tag","embeddable":true,"href":"https:\/\/infotorrent.es\/ca\/wp-json\/wp\/v2\/tags?post=70609"}],"curies":[{"name":"wp","href":"https:\/\/api.w.org\/{rel}","templated":true}]}}