{"id":70545,"date":"2024-08-07T10:55:10","date_gmt":"2024-08-07T10:55:10","guid":{"rendered":"https:\/\/infotorrent.es\/uncategorized\/segundo-fin-de-semana-de-diversion-y-entretenimiento-en-a-la-lluna-de-torrent\/"},"modified":"2024-08-07T11:07:59","modified_gmt":"2024-08-07T11:07:59","slug":"segundo-fin-de-semana-de-diversion-y-entretenimiento-en-a-la-lluna-de-torrent","status":"publish","type":"post","link":"https:\/\/infotorrent.es\/ca\/a-la-lluna-de-torrent-ca\/segundo-fin-de-semana-de-diversion-y-entretenimiento-en-a-la-lluna-de-torrent\/","title":{"rendered":"Segon cap de setmana de diversi\u00f3 i entreteniment en \u201cA la Lluna de Torrent\u201d"},"content":{"rendered":"\n<h4 class=\"wp-block-heading\">Arribem a l&#8217;equador amb actuacions, espectacles, ball per a majors i cinema, 8 esdeveniments per a 5 ubicacions<\/h4>\n\n\n\n<p>Torrent viur\u00e0 amb intensitat el seu segon cap de setmana replet d&#8217;espectacles, actuacions, m\u00fasica, ball per a majors, contes per a #xiquet i sessions de cinema a la \u201cLluna de Torrent\u201d.<\/p>\n\n\n\n<p>Les places, barris i urbanitzacions tornaran a omplir-se de ve\u00efns i visitants que volen divertir-se i entretindre&#8217;s amb la variada programaci\u00f3 que, per primera vegada, ha dissenyat l&#8217;Ajuntament de Torrent perqu\u00e8 el mes d&#8217;agost, siga un mes on es conjugue el descans i l&#8217;oci.<\/p>\n\n\n\n<p>Comencem el\u00a0dijous amb\u00a0\u201cCinema a la Lluna\u201d, a les 22:30 h en Tros Alt, C\/ Concepci\u00f3n Arenal (al costat de Llar Social), amb la projecci\u00f3 de la Pel\u00b7l\u00edcula \u201cFlaix\u201d, on Barry Allen, utilitza els seus superpoders per a viatjar en el temps amb la intenci\u00f3 de salvar a la seua mare, no obstant aix\u00f2, este acte t\u00e9 conseq\u00fc\u00e8ncies imprevistes que alteren el futur.<\/p>\n\n\n\n<p>L&#8217;endem\u00e0 divendres, toca el torn a les 19:30 h. de la m\u00e0gia de\u00a0Nuel Gal\u00e1n, \u00e9s un dels millors mags del nostre pa\u00eds. Va ser guanyador del Premi Nacional d&#8217;Espanya de M\u00e0gia i finalista en el programa &#8216;Pura M\u00e0gia&#8217; de TVE. Combina elements tradicionals amb innovadores t\u00e8cniques, oferint una experi\u00e8ncia \u00fanica i envolupant per al p\u00fablic.<\/p>\n\n\n\n<p>A les 22:30 h. i en la mateixa ubicaci\u00f3, el carrer Font de Sant Llu\u00eds del <em>Vedat, comptarem amb l&#8217;actuaci\u00f3\u00a0Emilio Solo, artista de reconegut prestigi a nivell nacional per ser un amant del rock\u2019n\u2019<\/em>roll, ens amenitzar\u00e0 amb un tribut a la m\u00fasica dels 60 amb un homenatge especial a Bruno Lomas, cantant que va estar molt unit a la ciutat de Torrent durant la seua carrera.<\/p>\n\n\n\n<p>El mateix divendres i en la Pla\u00e7a Va unir Musical, a les 19:30 h ser\u00e0 el torn del ball per als nostres majors, amb l&#8217;actuaci\u00f3 del Duo\u00a0 Brillantina, format per les germanes Rosa i Manoli Monta\u00f1\u00e9s, polifac\u00e8tiques artistes valencianes que interpretaran gran varietat de g\u00e8neres com a pasdobles, boleros, tangos, merenga, chachacha, entre altres, que aconseguir\u00e0 crear un ambient alegre i participatiu perqu\u00e8 el p\u00fablic ball al ritme de les seues can\u00e7ons.<\/p>\n\n\n\n<p>En la mateixa <em>Pla\u00e7a Unio Musical, a les 22:30 h i el cicle\u00a0\u2018<\/em>Cinema a la Lluna\u2019, es projectar\u00e0 la pel\u00b7l\u00edcula \u201cTransformers. El despertar de les b\u00e8sties\u201d, En 1994, un parell d&#8217;arque\u00f2legs es veuen embolicats en un antic conflicte a trav\u00e9s d&#8217;una aventura per tot el m\u00f3n que es relaciona amb tres faccions de Transformers: els Maximals, els Predacons i els Terrorcons mentres ajuden a Optimus Prevalga i els Autobots en una guerra per a protegir la Terra davant l&#8217;arribada de Unicron.<\/p>\n\n\n\n<p>Arribem al dissabte i tercer dia de la variada programaci\u00f3, a les 19:30 h en el Club de Tenis-Morrendondo, C\/ Joanot Martorell encreuament amb Ausias March, els m\u00e9s xicotets tamb\u00e9 comptaran amb el seu temps i espai amb\u00a0Amparito i la seua col\u00b7lecci\u00f3 de contes, Amparito berenar cada dia amb els contacontes m\u00e9s il\u00b7lustres del m\u00f3n, aix\u00ed que coneix multitud d&#8217;hist\u00f2ries. En companyia del capit\u00e0 Colocochino, Amparito relatar\u00e0 els millors contes de la companyia valenciana Rebombori Cultural per a fer riure a grans i xicotets.<\/p>\n\n\n\n<p>En el mateix empla\u00e7ament i a les 22:30 h, comptarem amb l&#8217;Humor\u00a0 de Blay\u00a0per a gaudir en fam\u00edlia. Blay \u00e9s un artista valenci\u00e0 amb m\u00e9s de 20 anys d&#8217;experi\u00e8ncia dedicat a la com\u00e8dia i les arts esc\u00e8niques, utilitza un humor que combina observacions quotidianes amb situacions absurdes, la qual cosa el fa atractiu per a un ampli espectre de p\u00fablic. A m\u00e9s, la seua habilitat per a interactuar amb l&#8217;audi\u00e8ncia i el seu carisma en l&#8217;escenari s\u00f3n elements clau que contribu\u00efxen al seu \u00e8xit com a humorista.<\/p>\n\n\n\n<p>I per a finalitzar el segon cap de setmana tan intens de \u201cA la Lluna de Torrent\u201d, i dins de la s\u00e8rie\u00a0\u2018Cinema a la Lluna\u2019, a les 22:30 h en Parc Central. Av. Barcelona 92, 76 (al costat del <em>Consum), es projectar\u00e0 el film \u201c<\/em>Super Mario Bros. La Pel\u00b7l\u00edcula\u201d, on mentres treballen en una avaria subterr\u00e0nia, els lampistes de Brooklyn, Mario i el seu germ\u00e0 Luigi, viatgen per una misteriosa canonada fins a un nou m\u00f3n m\u00e0gic. Per\u00f2, quan els germans se separen, Mario haur\u00e0 d&#8217;emprendre una \u00e8pica missi\u00f3 per a trobar a Luigi. Amb l&#8217;ajuda del xampiny\u00f3 local Toad i unes quantes nocions de combat de la guerrera l\u00edder del Regne Xampiny\u00f3, la princesa Peach, Mario descobrix tot el poder que alberga en el seu interior.<\/p>\n\n\n\n<p>L&#8217;alcaldessa Amparo Folgado, ha manifestat\u00a0\u201cvull convidar a tots els torrentins i torrentines i visitants de municipis ve\u00efns a participar i gaudir d&#8217;este segon cap de setmana\u00a0 de la variada programaci\u00f3 que hem preparat des de l&#8217;Ajuntament. \u00c9s una oportunitat perqu\u00e8 els ciutadans en este mes d&#8217;agost a m\u00e9s de descansar, es reunisquen amics i familiars, compartisquen sopar, i gaudisquen de l&#8217;humor, la m\u00fasica i la cultura en este mes d&#8217;agost\u201d.<\/p>\n\n\n\n<figure class=\"wp-block-image size-large\"><img fetchpriority=\"high\" decoding=\"async\" width=\"1024\" height=\"1024\" src=\"https:\/\/infotorrent.es\/wp-content\/uploads\/2024\/08\/8-agosto-1024x1024.jpg\" alt=\"\" class=\"wp-image-70535\" srcset=\"https:\/\/infotorrent.es\/wp-content\/uploads\/2024\/08\/8-agosto-1024x1024.jpg 1024w, https:\/\/infotorrent.es\/wp-content\/uploads\/2024\/08\/8-agosto-300x300.jpg 300w, https:\/\/infotorrent.es\/wp-content\/uploads\/2024\/08\/8-agosto-150x150.jpg 150w, https:\/\/infotorrent.es\/wp-content\/uploads\/2024\/08\/8-agosto-768x768.jpg 768w, https:\/\/infotorrent.es\/wp-content\/uploads\/2024\/08\/8-agosto-700x700.jpg 700w, https:\/\/infotorrent.es\/wp-content\/uploads\/2024\/08\/8-agosto.jpg 1080w\" sizes=\"(max-width: 1024px) 100vw, 1024px\" \/><\/figure>\n\n\n\n<figure class=\"wp-block-image size-large\"><img decoding=\"async\" width=\"1024\" height=\"1024\" src=\"https:\/\/infotorrent.es\/wp-content\/uploads\/2024\/08\/9-agosto-1024x1024.jpg\" alt=\"\" class=\"wp-image-70537\" srcset=\"https:\/\/infotorrent.es\/wp-content\/uploads\/2024\/08\/9-agosto-1024x1024.jpg 1024w, https:\/\/infotorrent.es\/wp-content\/uploads\/2024\/08\/9-agosto-300x300.jpg 300w, https:\/\/infotorrent.es\/wp-content\/uploads\/2024\/08\/9-agosto-150x150.jpg 150w, https:\/\/infotorrent.es\/wp-content\/uploads\/2024\/08\/9-agosto-768x768.jpg 768w, https:\/\/infotorrent.es\/wp-content\/uploads\/2024\/08\/9-agosto-700x700.jpg 700w, https:\/\/infotorrent.es\/wp-content\/uploads\/2024\/08\/9-agosto.jpg 1080w\" sizes=\"(max-width: 1024px) 100vw, 1024px\" \/><\/figure>\n\n\n\n<figure class=\"wp-block-image size-large\"><img decoding=\"async\" width=\"1024\" height=\"1024\" src=\"https:\/\/infotorrent.es\/wp-content\/uploads\/2024\/08\/10-agosto-1024x1024.jpg\" alt=\"\" class=\"wp-image-70539\" srcset=\"https:\/\/infotorrent.es\/wp-content\/uploads\/2024\/08\/10-agosto-1024x1024.jpg 1024w, https:\/\/infotorrent.es\/wp-content\/uploads\/2024\/08\/10-agosto-300x300.jpg 300w, https:\/\/infotorrent.es\/wp-content\/uploads\/2024\/08\/10-agosto-150x150.jpg 150w, https:\/\/infotorrent.es\/wp-content\/uploads\/2024\/08\/10-agosto-768x768.jpg 768w, https:\/\/infotorrent.es\/wp-content\/uploads\/2024\/08\/10-agosto-700x700.jpg 700w, https:\/\/infotorrent.es\/wp-content\/uploads\/2024\/08\/10-agosto.jpg 1080w\" sizes=\"(max-width: 1024px) 100vw, 1024px\" \/><\/figure>\n\n\n\n<figure class=\"wp-block-image size-large\"><img loading=\"lazy\" decoding=\"async\" width=\"768\" height=\"1024\" src=\"https:\/\/infotorrent.es\/wp-content\/uploads\/2024\/08\/cine-768x1024.jpg\" alt=\"\" class=\"wp-image-70542\" srcset=\"https:\/\/infotorrent.es\/wp-content\/uploads\/2024\/08\/cine-768x1024.jpg 768w, https:\/\/infotorrent.es\/wp-content\/uploads\/2024\/08\/cine-225x300.jpg 225w, https:\/\/infotorrent.es\/wp-content\/uploads\/2024\/08\/cine-1152x1536.jpg 1152w, https:\/\/infotorrent.es\/wp-content\/uploads\/2024\/08\/cine.jpg 1200w\" sizes=\"(max-width: 768px) 100vw, 768px\" \/><\/figure>\n","protected":false},"excerpt":{"rendered":"<p>Arribem a l&#8217;equador amb actuacions, espectacles, ball per a majors i cinema, 8 esdeveniments per a 5 ubicacions Torrent viur\u00e0 amb intensitat el seu segon cap de setmana replet d&#8217;espectacles, actuacions, m\u00fasica, ball per a majors, contes per a #xiquet i sessions de cinema a la \u201cLluna de Torrent\u201d. Les places, barris i urbanitzacions tornaran [&hellip;]<\/p>\n","protected":false},"author":2,"featured_media":70549,"comment_status":"open","ping_status":"open","sticky":false,"template":"","format":"standard","meta":{"_acf_changed":false,"footnotes":""},"categories":[1207],"tags":[],"class_list":["post-70545","post","type-post","status-publish","format-standard","has-post-thumbnail","hentry","category-a-la-lluna-de-torrent-ca"],"acf":[],"_links":{"self":[{"href":"https:\/\/infotorrent.es\/ca\/wp-json\/wp\/v2\/posts\/70545","targetHints":{"allow":["GET"]}}],"collection":[{"href":"https:\/\/infotorrent.es\/ca\/wp-json\/wp\/v2\/posts"}],"about":[{"href":"https:\/\/infotorrent.es\/ca\/wp-json\/wp\/v2\/types\/post"}],"author":[{"embeddable":true,"href":"https:\/\/infotorrent.es\/ca\/wp-json\/wp\/v2\/users\/2"}],"replies":[{"embeddable":true,"href":"https:\/\/infotorrent.es\/ca\/wp-json\/wp\/v2\/comments?post=70545"}],"version-history":[{"count":1,"href":"https:\/\/infotorrent.es\/ca\/wp-json\/wp\/v2\/posts\/70545\/revisions"}],"predecessor-version":[{"id":70548,"href":"https:\/\/infotorrent.es\/ca\/wp-json\/wp\/v2\/posts\/70545\/revisions\/70548"}],"wp:featuredmedia":[{"embeddable":true,"href":"https:\/\/infotorrent.es\/ca\/wp-json\/wp\/v2\/media\/70549"}],"wp:attachment":[{"href":"https:\/\/infotorrent.es\/ca\/wp-json\/wp\/v2\/media?parent=70545"}],"wp:term":[{"taxonomy":"category","embeddable":true,"href":"https:\/\/infotorrent.es\/ca\/wp-json\/wp\/v2\/categories?post=70545"},{"taxonomy":"post_tag","embeddable":true,"href":"https:\/\/infotorrent.es\/ca\/wp-json\/wp\/v2\/tags?post=70545"}],"curies":[{"name":"wp","href":"https:\/\/api.w.org\/{rel}","templated":true}]}}