{"id":70295,"date":"2024-07-31T07:49:31","date_gmt":"2024-07-31T07:49:31","guid":{"rendered":"https:\/\/infotorrent.es\/uncategorized\/torrent-despide-sus-fiestas-patronales-con-una-espectacular-carcasa-y-una-gran-mascleta-nocturna\/"},"modified":"2024-07-31T07:52:43","modified_gmt":"2024-07-31T07:52:43","slug":"torrent-despide-sus-fiestas-patronales-con-una-espectacular-carcasa-y-una-gran-mascleta-nocturna","status":"publish","type":"post","link":"https:\/\/infotorrent.es\/ca\/festes-i-turisme\/torrent-despide-sus-fiestas-patronales-con-una-espectacular-carcasa-y-una-gran-mascleta-nocturna\/","title":{"rendered":"Torrent acomiada les seues festes patronals amb una espectacular carcassa i una Gran Masclet\u00e0 nocturna"},"content":{"rendered":"\n<h4 class=\"wp-block-heading\">El cel de la capital de l&#8217;Horta Sud s&#8217;ha il\u00b7luminat amb una gran cascasa i masclet\u00e0 com a punt i final a les seues festes<\/h4>\n\n\n\n<p>L&#8217;Ajuntament de Torrent ha posat el fermall d&#8217;or a les seues festes patronals amb un gran espectacle pirot\u00e8cnic. La nit d&#8217;ahir, dilluns 31 de juliol, la pla\u00e7a de la Uni\u00f3 Musical posava el punt i final a les festes amb una espectacular carcassa que va precedir a una Gran Masclet\u00e0, a c\u00e0rrec de la pirot\u00e8cnia Germans Caballer.<\/p>\n\n\n\n<p>La carcassa, com a pre\u00e0mbul del que estava per vindre, va il\u00b7luminar el cel de Torrent amb centellejos de color i una pot\u00e8ncia que anunciava un final de festa en gran. A continuaci\u00f3, la Gran Masclet\u00e0 feia tremolar la capital de l&#8217;Horta Sud davant l&#8217;atenta mirada de milers d&#8217;assistents que van voler acostar-se a disfrutar d&#8217;una combinaci\u00f3 d&#8217;efectes pirot\u00e8cnics de gran precisi\u00f3 i pot\u00e8ncia.<\/p>\n\n\n\n<p>Amb un desplegament d&#8217;aproximadament 125 quilos de p\u00f3lvora reglamentada i un calibre m\u00e0xim de 75 mil\u00b7l\u00edmetres, la masclet\u00e0 va oferir un espectacle visual i sonor sense precedents. Efectes de baixa, mitjana i gran altura van garantir que tots els espectadors, des dels m\u00e9s xicotets fins als m\u00e9s majors, pogueren disfrutar d&#8217;este tancament de festes.<\/p>\n\n\n\n<p>La pla\u00e7a de la Uni\u00f3 Musical es va omplir fins a la bandera per a presenciar este esdeveniment, que ha acomiadat unes festes patronals carregades de tradici\u00f3 i alegria.\u00a0 Per part seua, la regidor de Festes, Mar\u00eda Fern\u00e1ndez, ha destacat la import\u00e0ncia d&#8217;estes festes com un moment per a la conviv\u00e8ncia i el disfrutar de tots els *\u00a1torrentins. Aix\u00ed mateix, ha destacat este espectacle pirot\u00e8cnic final com\u00a0\u201cel tancament perfecte per a unes festes inoblidables\u201d. \u201cLa masclet\u00e0 ha sigut un espectacle de llum i so que ha emocionat a tots els torrentins.\u201d<\/p>\n\n\n\n<figure class=\"wp-block-image size-large\"><img fetchpriority=\"high\" decoding=\"async\" width=\"1024\" height=\"768\" src=\"https:\/\/infotorrent.es\/wp-content\/uploads\/2024\/07\/CARCASA-TORRENT-1024x768.jpg\" alt=\"\" class=\"wp-image-70285\" srcset=\"https:\/\/infotorrent.es\/wp-content\/uploads\/2024\/07\/CARCASA-TORRENT-1024x768.jpg 1024w, https:\/\/infotorrent.es\/wp-content\/uploads\/2024\/07\/CARCASA-TORRENT-300x225.jpg 300w, https:\/\/infotorrent.es\/wp-content\/uploads\/2024\/07\/CARCASA-TORRENT-768x576.jpg 768w, https:\/\/infotorrent.es\/wp-content\/uploads\/2024\/07\/CARCASA-TORRENT-1536x1152.jpg 1536w, https:\/\/infotorrent.es\/wp-content\/uploads\/2024\/07\/CARCASA-TORRENT.jpg 2048w\" sizes=\"(max-width: 1024px) 100vw, 1024px\" \/><\/figure>\n\n\n\n<figure class=\"wp-block-image size-large\"><img decoding=\"async\" width=\"1024\" height=\"797\" src=\"https:\/\/infotorrent.es\/wp-content\/uploads\/2024\/07\/MASCLETA-1024x797.jpg\" alt=\"\" class=\"wp-image-70287\" srcset=\"https:\/\/infotorrent.es\/wp-content\/uploads\/2024\/07\/MASCLETA-1024x797.jpg 1024w, https:\/\/infotorrent.es\/wp-content\/uploads\/2024\/07\/MASCLETA-300x233.jpg 300w, https:\/\/infotorrent.es\/wp-content\/uploads\/2024\/07\/MASCLETA-768x598.jpg 768w, https:\/\/infotorrent.es\/wp-content\/uploads\/2024\/07\/MASCLETA-1536x1195.jpg 1536w, https:\/\/infotorrent.es\/wp-content\/uploads\/2024\/07\/MASCLETA.jpg 1600w\" sizes=\"(max-width: 1024px) 100vw, 1024px\" \/><\/figure>\n\n\n\n<figure class=\"wp-block-image size-large\"><img decoding=\"async\" width=\"1024\" height=\"683\" src=\"https:\/\/infotorrent.es\/wp-content\/uploads\/2024\/07\/PLAZA-U.-MUSICAL-1024x683.jpg\" alt=\"\" class=\"wp-image-70289\" srcset=\"https:\/\/infotorrent.es\/wp-content\/uploads\/2024\/07\/PLAZA-U.-MUSICAL-1024x683.jpg 1024w, https:\/\/infotorrent.es\/wp-content\/uploads\/2024\/07\/PLAZA-U.-MUSICAL-300x200.jpg 300w, https:\/\/infotorrent.es\/wp-content\/uploads\/2024\/07\/PLAZA-U.-MUSICAL-768x512.jpg 768w, https:\/\/infotorrent.es\/wp-content\/uploads\/2024\/07\/PLAZA-U.-MUSICAL-1536x1024.jpg 1536w, https:\/\/infotorrent.es\/wp-content\/uploads\/2024\/07\/PLAZA-U.-MUSICAL.jpg 1620w\" sizes=\"(max-width: 1024px) 100vw, 1024px\" \/><\/figure>\n\n\n\n<figure class=\"wp-block-image size-large\"><img loading=\"lazy\" decoding=\"async\" width=\"1024\" height=\"683\" src=\"https:\/\/infotorrent.es\/wp-content\/uploads\/2024\/07\/MASCLETA-2-1024x683.jpg\" alt=\"\" class=\"wp-image-70291\" srcset=\"https:\/\/infotorrent.es\/wp-content\/uploads\/2024\/07\/MASCLETA-2-1024x683.jpg 1024w, https:\/\/infotorrent.es\/wp-content\/uploads\/2024\/07\/MASCLETA-2-300x200.jpg 300w, https:\/\/infotorrent.es\/wp-content\/uploads\/2024\/07\/MASCLETA-2-768x512.jpg 768w, https:\/\/infotorrent.es\/wp-content\/uploads\/2024\/07\/MASCLETA-2-1536x1024.jpg 1536w, https:\/\/infotorrent.es\/wp-content\/uploads\/2024\/07\/MASCLETA-2.jpg 1620w\" sizes=\"(max-width: 1024px) 100vw, 1024px\" \/><\/figure>\n","protected":false},"excerpt":{"rendered":"<p>El cel de la capital de l&#8217;Horta Sud s&#8217;ha il\u00b7luminat amb una gran cascasa i masclet\u00e0 com a punt i final a les seues festes L&#8217;Ajuntament de Torrent ha posat el fermall d&#8217;or a les seues festes patronals amb un gran espectacle pirot\u00e8cnic. La nit d&#8217;ahir, dilluns 31 de juliol, la pla\u00e7a de la Uni\u00f3 [&hellip;]<\/p>\n","protected":false},"author":15,"featured_media":70299,"comment_status":"open","ping_status":"open","sticky":false,"template":"","format":"standard","meta":{"_acf_changed":false,"footnotes":""},"categories":[136],"tags":[],"class_list":["post-70295","post","type-post","status-publish","format-standard","has-post-thumbnail","hentry","category-festes-i-turisme"],"acf":[],"_links":{"self":[{"href":"https:\/\/infotorrent.es\/ca\/wp-json\/wp\/v2\/posts\/70295","targetHints":{"allow":["GET"]}}],"collection":[{"href":"https:\/\/infotorrent.es\/ca\/wp-json\/wp\/v2\/posts"}],"about":[{"href":"https:\/\/infotorrent.es\/ca\/wp-json\/wp\/v2\/types\/post"}],"author":[{"embeddable":true,"href":"https:\/\/infotorrent.es\/ca\/wp-json\/wp\/v2\/users\/15"}],"replies":[{"embeddable":true,"href":"https:\/\/infotorrent.es\/ca\/wp-json\/wp\/v2\/comments?post=70295"}],"version-history":[{"count":1,"href":"https:\/\/infotorrent.es\/ca\/wp-json\/wp\/v2\/posts\/70295\/revisions"}],"predecessor-version":[{"id":70298,"href":"https:\/\/infotorrent.es\/ca\/wp-json\/wp\/v2\/posts\/70295\/revisions\/70298"}],"wp:featuredmedia":[{"embeddable":true,"href":"https:\/\/infotorrent.es\/ca\/wp-json\/wp\/v2\/media\/70299"}],"wp:attachment":[{"href":"https:\/\/infotorrent.es\/ca\/wp-json\/wp\/v2\/media?parent=70295"}],"wp:term":[{"taxonomy":"category","embeddable":true,"href":"https:\/\/infotorrent.es\/ca\/wp-json\/wp\/v2\/categories?post=70295"},{"taxonomy":"post_tag","embeddable":true,"href":"https:\/\/infotorrent.es\/ca\/wp-json\/wp\/v2\/tags?post=70295"}],"curies":[{"name":"wp","href":"https:\/\/api.w.org\/{rel}","templated":true}]}}