{"id":70088,"date":"2024-07-24T07:27:12","date_gmt":"2024-07-24T07:27:12","guid":{"rendered":"https:\/\/infotorrent.es\/uncategorized\/el-ayuntamiento-de-torrent-renueva-su-compromiso-con-la-cultura-y-la-musica-junto-a-la-unio-musical-y-el-circulo-catolico\/"},"modified":"2024-07-24T07:30:38","modified_gmt":"2024-07-24T07:30:38","slug":"el-ayuntamiento-de-torrent-renueva-su-compromiso-con-la-cultura-y-la-musica-junto-a-la-unio-musical-y-el-circulo-catolico","status":"publish","type":"post","link":"https:\/\/infotorrent.es\/ca\/cultura-es-2\/el-ayuntamiento-de-torrent-renueva-su-compromiso-con-la-cultura-y-la-musica-junto-a-la-unio-musical-y-el-circulo-catolico\/","title":{"rendered":"L&#8217;Ajuntament de Torrent renova el seu comprom\u00eds amb la cultura i la m\u00fasica al costat de la Uni\u00f3 Musical i el Cercle Cat\u00f2lic"},"content":{"rendered":"\n<h4 class=\"wp-block-heading\">El consistori i les bandes de la ciutat renoven el seu conveni de col\u00b7laboraci\u00f3<\/h4>\n\n\n\n<p>L&#8217;Ajuntament de Torrent ha firmat hui un nou conveni de col\u00b7laboraci\u00f3 amb la Uni\u00f3 Musical de Torrent i el Cercle Cat\u00f2lic de Torrent, amb l&#8217;objectiu de continuar promovent la cultura i la m\u00fasica a la ciutat. La renovaci\u00f3 d&#8217;este acord suposa una mostra del ferm comprom\u00eds de l&#8217;Ajuntament amb les dos entitats musicals m\u00e9s importants de Torrent.<\/p>\n\n\n\n<p>&#8220;La m\u00fasica i la cultura s\u00f3n dos pilars fonamentals de la nostra identitat com a ciutat&#8221;, ha afirmat l&#8217;Alcaldessa de Torrent, Amparo Folgado.\u00a0&#8220;Per aix\u00f2, estem molt satisfets de poder renovar este conveni amb la Uni\u00f3 Musical  i el Cercle Cat\u00f2lic, que ens permet continuar donant suport a la formaci\u00f3 musical dels nostres ciutadans i ciutadanes, aix\u00ed com l&#8217;organitzaci\u00f3 d&#8217;activitats culturals de gran qualitat&#8221;.<\/p>\n\n\n\n<p>&#8220;El suport a les bandes de m\u00fasica de la Uni\u00f3 Musical i el Cercle Cat\u00f2lic ens permet disfrutar d&#8217;una programaci\u00f3 cultural de primer nivell durant tot l&#8217;any&#8221;, ha destacat el regidor de Cultura, Aitor S\u00e1nchez.<\/p>\n\n\n\n<p>Revalidar este conveni beneficia a la promoci\u00f3 de la cultura i la m\u00fasica a Torrent. Concerts, cercaviles, audicions i altres activitats culturals que continuaran celebrant-se al llarg de l&#8217;any, acostant la m\u00fasica a tots els p\u00fablics. A m\u00e9s, s&#8217;afavorix la formaci\u00f3 musical a les escoles de cada entitat.<\/p>\n\n\n\n<p>L&#8217;Ajuntament de Torrent, la Uni\u00f3 Musical de Torrent i el Cercle Cat\u00f2lic de Torrent estan compromesos a treballar junts perqu\u00e8 la m\u00fasica i la cultura continuen sent un element clau en la vida de la ciutat.<\/p>\n\n\n\n<p>En la firma del conveni han sigut presents tant l&#8217;Alcaldessa de la ciutat, Amparo Folgado, com el regidor de Cultura, Aitor S\u00e1nchez, aix\u00ed com els presidents de totes dues entitats, Pepe Plaza per la Uni\u00f3 Musical Musical de Torrent i Benito Nemesio pel Cercle Cat\u00f2lic de Torrent.<\/p>\n\n\n\n<figure class=\"wp-block-image size-large\"><img fetchpriority=\"high\" decoding=\"async\" width=\"1024\" height=\"682\" src=\"https:\/\/infotorrent.es\/wp-content\/uploads\/2024\/07\/WhatsApp-Image-2024-07-23-at-14.06.30-1024x682.jpeg\" alt=\"\" class=\"wp-image-70082\" srcset=\"https:\/\/infotorrent.es\/wp-content\/uploads\/2024\/07\/WhatsApp-Image-2024-07-23-at-14.06.30-1024x682.jpeg 1024w, https:\/\/infotorrent.es\/wp-content\/uploads\/2024\/07\/WhatsApp-Image-2024-07-23-at-14.06.30-300x200.jpeg 300w, https:\/\/infotorrent.es\/wp-content\/uploads\/2024\/07\/WhatsApp-Image-2024-07-23-at-14.06.30-768x512.jpeg 768w, https:\/\/infotorrent.es\/wp-content\/uploads\/2024\/07\/WhatsApp-Image-2024-07-23-at-14.06.30-1536x1023.jpeg 1536w, https:\/\/infotorrent.es\/wp-content\/uploads\/2024\/07\/WhatsApp-Image-2024-07-23-at-14.06.30.jpeg 1600w\" sizes=\"(max-width: 1024px) 100vw, 1024px\" \/><\/figure>\n\n\n\n<figure class=\"wp-block-image size-large\"><img decoding=\"async\" width=\"1024\" height=\"682\" src=\"https:\/\/infotorrent.es\/wp-content\/uploads\/2024\/07\/WhatsApp-Image-2024-07-23-at-14.06.31-1024x682.jpeg\" alt=\"\" class=\"wp-image-70084\" srcset=\"https:\/\/infotorrent.es\/wp-content\/uploads\/2024\/07\/WhatsApp-Image-2024-07-23-at-14.06.31-1024x682.jpeg 1024w, https:\/\/infotorrent.es\/wp-content\/uploads\/2024\/07\/WhatsApp-Image-2024-07-23-at-14.06.31-300x200.jpeg 300w, https:\/\/infotorrent.es\/wp-content\/uploads\/2024\/07\/WhatsApp-Image-2024-07-23-at-14.06.31-768x512.jpeg 768w, https:\/\/infotorrent.es\/wp-content\/uploads\/2024\/07\/WhatsApp-Image-2024-07-23-at-14.06.31-1536x1023.jpeg 1536w, https:\/\/infotorrent.es\/wp-content\/uploads\/2024\/07\/WhatsApp-Image-2024-07-23-at-14.06.31.jpeg 1600w\" sizes=\"(max-width: 1024px) 100vw, 1024px\" \/><\/figure>\n","protected":false},"excerpt":{"rendered":"<p>El consistori i les bandes de la ciutat renoven el seu conveni de col\u00b7laboraci\u00f3 L&#8217;Ajuntament de Torrent ha firmat hui un nou conveni de col\u00b7laboraci\u00f3 amb la Uni\u00f3 Musical de Torrent i el Cercle Cat\u00f2lic de Torrent, amb l&#8217;objectiu de continuar promovent la cultura i la m\u00fasica a la ciutat. La renovaci\u00f3 d&#8217;este acord suposa [&hellip;]<\/p>\n","protected":false},"author":15,"featured_media":70092,"comment_status":"open","ping_status":"open","sticky":false,"template":"","format":"standard","meta":{"_acf_changed":false,"footnotes":""},"categories":[126],"tags":[],"class_list":["post-70088","post","type-post","status-publish","format-standard","has-post-thumbnail","hentry","category-cultura-es-2"],"acf":[],"_links":{"self":[{"href":"https:\/\/infotorrent.es\/ca\/wp-json\/wp\/v2\/posts\/70088","targetHints":{"allow":["GET"]}}],"collection":[{"href":"https:\/\/infotorrent.es\/ca\/wp-json\/wp\/v2\/posts"}],"about":[{"href":"https:\/\/infotorrent.es\/ca\/wp-json\/wp\/v2\/types\/post"}],"author":[{"embeddable":true,"href":"https:\/\/infotorrent.es\/ca\/wp-json\/wp\/v2\/users\/15"}],"replies":[{"embeddable":true,"href":"https:\/\/infotorrent.es\/ca\/wp-json\/wp\/v2\/comments?post=70088"}],"version-history":[{"count":1,"href":"https:\/\/infotorrent.es\/ca\/wp-json\/wp\/v2\/posts\/70088\/revisions"}],"predecessor-version":[{"id":70091,"href":"https:\/\/infotorrent.es\/ca\/wp-json\/wp\/v2\/posts\/70088\/revisions\/70091"}],"wp:featuredmedia":[{"embeddable":true,"href":"https:\/\/infotorrent.es\/ca\/wp-json\/wp\/v2\/media\/70092"}],"wp:attachment":[{"href":"https:\/\/infotorrent.es\/ca\/wp-json\/wp\/v2\/media?parent=70088"}],"wp:term":[{"taxonomy":"category","embeddable":true,"href":"https:\/\/infotorrent.es\/ca\/wp-json\/wp\/v2\/categories?post=70088"},{"taxonomy":"post_tag","embeddable":true,"href":"https:\/\/infotorrent.es\/ca\/wp-json\/wp\/v2\/tags?post=70088"}],"curies":[{"name":"wp","href":"https:\/\/api.w.org\/{rel}","templated":true}]}}